{"id":178962,"date":"2025-08-23T08:52:06","date_gmt":"2025-08-23T11:52:06","guid":{"rendered":"https:\/\/www.blogdothame.blog.br\/v1\/?p=178962"},"modified":"2025-08-20T15:12:09","modified_gmt":"2025-08-20T18:12:09","slug":"nao-podemos-naturalizar-a-barbarie","status":"publish","type":"post","link":"https:\/\/www.blogdothame.blog.br\/v1\/2025\/08\/23\/nao-podemos-naturalizar-a-barbarie\/","title":{"rendered":"N\u00e3o podemos naturalizar  a barb\u00e1rie"},"content":{"rendered":"<p><img loading=\"lazy\" class=\"aligncenter wp-image-178964\" src=\"https:\/\/www.blogdothame.blog.br\/v1\/wp-content\/uploads\/2025\/08\/crime.jpg\" alt=\"\" width=\"383\" height=\"274\" srcset=\"https:\/\/www.blogdothame.blog.br\/v1\/wp-content\/uploads\/2025\/08\/crime.jpg 600w, https:\/\/www.blogdothame.blog.br\/v1\/wp-content\/uploads\/2025\/08\/crime-300x215.jpg 300w\" sizes=\"(max-width: 383px) 100vw, 383px\" \/><\/p>\n<p style=\"text-align: right;\"><strong>M\u00f4nica Ralile<\/strong><\/p>\n<p>&nbsp;<\/p>\n<p><img loading=\"lazy\" class=\"alignright wp-image-178963\" src=\"https:\/\/www.blogdothame.blog.br\/v1\/wp-content\/uploads\/2025\/08\/monica-300x225.jpg\" alt=\"\" width=\"223\" height=\"167\" srcset=\"https:\/\/www.blogdothame.blog.br\/v1\/wp-content\/uploads\/2025\/08\/monica-300x225.jpg 300w, https:\/\/www.blogdothame.blog.br\/v1\/wp-content\/uploads\/2025\/08\/monica.jpg 570w\" sizes=\"(max-width: 223px) 100vw, 223px\" \/>Hoje venho expressar meu grito de rep\u00fadio por um crime cometido monstruosamente na praia do sul da cidade de Ilh\u00e9us, onde tr\u00eas mulheres, Alexsandra, Maria Helena e Mariana foram as v\u00edtimas dessa atrocidade.<\/p>\n<p>Sou mulher e n\u00e3o poderia me calar diante de um crime que \u00e9 uma ferida aberta na pele de uma sociedade machista e que infelizmente perpetua o feminic\u00eddio.<\/p>\n<p>O feminic\u00eddio n\u00e3o \u00e9 um caso isolado. N\u00e3o \u00e9 trag\u00e9dia do destino. \u00c9 resultado de uma sociedade que ainda normaliza a viol\u00eancia contra as mulheres, que silencia suas vozes e que tenta justificar o injustific\u00e1vel. Quando uma mulher \u00e9 assassinada por ser mulher, todos n\u00f3s falhamos como humanidade.<\/p>\n<p>N\u00e3o podemos naturalizar a barb\u00e1rie. N\u00e3o podemos aceitar que o medo fa\u00e7a parte da rotina de ser mulher. \u00c9 inadmiss\u00edvel que mulheres tenham que planejar seus passos, vigiar seus relacionamentos e lutar para provar que t\u00eam direito \u00e0 vida e \u00e0 liberdade. Viver com medo de viver \u00e9 desumano.<\/p>\n<p>Eu M\u00f4nica Ralile, cidad\u00e3 e mulher n\u00e3o posso me silenciar, hoje meu grito \u00e9 de revolta, de rep\u00fadio, de dor \u00a0e de resist\u00eancia, por todas n\u00f3s mulheres que ainda resistem, por todas que foram mortas e por todas que vir\u00e3o existir.<\/p>\n<p>Precisamos de politicas p\u00fablicas que realmente protejam as mulheres, leis que sejam cumpridas, investimento em preven\u00e7\u00e3o, acolhimento digno \u00e0s v\u00edtimas de viol\u00eancia dom\u00e9stica e campanhas permanentes de conscientiza\u00e7\u00e3o. Precisamos que a educa\u00e7\u00e3o seja um instrumento para desconstruir o machismo e promover a igualdade de g\u00eanero desde cedo.<\/p>\n<p>Chega de feminic\u00eddio! Por tr\u00e1s de cada estat\u00edstica existe uma vida arrancada, mulheres que foram silenciadas pelo machismo que mata, pelo \u00f3dio que insiste em existir.<\/p>\n<p>Que nenhuma de n\u00f3s seja lembrada apenas por ter sido morta!<\/p>\n<p>Que a justi\u00e7a seja feita!<\/p>\n<p>&#8211;<\/p>\n<p>M\u00f4nica Ralile \u00e9 escritora e educadora\u00a0 no Centro de Refer\u00eancia \u00e0 Inclus\u00e3o Escolar em Ilh\u00e9us, onde as professoras assassinadas tamb\u00e9m atuavam.<\/p>\n","protected":false},"excerpt":{"rendered":"<p>M\u00f4nica Ralile &nbsp; Hoje venho expressar meu grito de rep\u00fadio por um crime cometido monstruosamente na praia do sul da cidade de Ilh\u00e9us, onde tr\u00eas mulheres, Alexsandra, Maria Helena e Mariana foram as v\u00edtimas dessa atrocidade. Sou mulher e n\u00e3o poderia me calar diante de um crime que \u00e9 uma ferida aberta na pele de [&hellip;]<\/p>\n","protected":false},"author":2,"featured_media":178964,"comment_status":"open","ping_status":"open","sticky":false,"template":"","format":"standard","meta":{"_links_to":"","_links_to_target":""},"categories":[33432],"tags":[40462,218,40463,40464,39970,876],"_links":{"self":[{"href":"https:\/\/www.blogdothame.blog.br\/v1\/wp-json\/wp\/v2\/posts\/178962"}],"collection":[{"href":"https:\/\/www.blogdothame.blog.br\/v1\/wp-json\/wp\/v2\/posts"}],"about":[{"href":"https:\/\/www.blogdothame.blog.br\/v1\/wp-json\/wp\/v2\/types\/post"}],"author":[{"embeddable":true,"href":"https:\/\/www.blogdothame.blog.br\/v1\/wp-json\/wp\/v2\/users\/2"}],"replies":[{"embeddable":true,"href":"https:\/\/www.blogdothame.blog.br\/v1\/wp-json\/wp\/v2\/comments?post=178962"}],"version-history":[{"count":5,"href":"https:\/\/www.blogdothame.blog.br\/v1\/wp-json\/wp\/v2\/posts\/178962\/revisions"}],"predecessor-version":[{"id":178969,"href":"https:\/\/www.blogdothame.blog.br\/v1\/wp-json\/wp\/v2\/posts\/178962\/revisions\/178969"}],"wp:featuredmedia":[{"embeddable":true,"href":"https:\/\/www.blogdothame.blog.br\/v1\/wp-json\/wp\/v2\/media\/178964"}],"wp:attachment":[{"href":"https:\/\/www.blogdothame.blog.br\/v1\/wp-json\/wp\/v2\/media?parent=178962"}],"wp:term":[{"taxonomy":"category","embeddable":true,"href":"https:\/\/www.blogdothame.blog.br\/v1\/wp-json\/wp\/v2\/categories?post=178962"},{"taxonomy":"post_tag","embeddable":true,"href":"https:\/\/www.blogdothame.blog.br\/v1\/wp-json\/wp\/v2\/tags?post=178962"}],"curies":[{"name":"wp","href":"https:\/\/api.w.org\/{rel}","templated":true}]}}