{"id":178902,"date":"2025-08-15T08:30:15","date_gmt":"2025-08-15T11:30:15","guid":{"rendered":"https:\/\/www.blogdothame.blog.br\/v1\/?p=178902"},"modified":"2025-08-14T16:46:46","modified_gmt":"2025-08-14T19:46:46","slug":"ministerio-das-cidades-publica-nova-portaria-confirmando-recursos-para-a-execucao-do-mais-agua-iii","status":"publish","type":"post","link":"https:\/\/www.blogdothame.blog.br\/v1\/2025\/08\/15\/ministerio-das-cidades-publica-nova-portaria-confirmando-recursos-para-a-execucao-do-mais-agua-iii\/","title":{"rendered":"Minist\u00e9rio das Cidades publica nova Portaria confirmando recursos para a execu\u00e7\u00e3o do Mais \u00c1gua III"},"content":{"rendered":"<p><img loading=\"lazy\" class=\"aligncenter wp-image-178903\" src=\"https:\/\/www.blogdothame.blog.br\/v1\/wp-content\/uploads\/2025\/08\/PHOTO-2025-08-14-14-23-56-1.jpg\" alt=\"\" width=\"467\" height=\"263\" srcset=\"https:\/\/www.blogdothame.blog.br\/v1\/wp-content\/uploads\/2025\/08\/PHOTO-2025-08-14-14-23-56-1.jpg 600w, https:\/\/www.blogdothame.blog.br\/v1\/wp-content\/uploads\/2025\/08\/PHOTO-2025-08-14-14-23-56-1-300x169.jpg 300w\" sizes=\"(max-width: 467px) 100vw, 467px\" \/>O Minist\u00e9rio das Cidades publicou na edi\u00e7\u00e3o de hoje, dia 14, no Di\u00e1rio Oficial da Uni\u00e3o (DOU), a Portaria MCID n\u00ba 886, de 7 de agosto de 2025, ratificando a decis\u00e3o em rela\u00e7\u00e3o ao resultado de propostas da modalidade Processo de Sele\u00e7\u00e3o de Projetos do Eixo \u00c1gua Para Todos, Subeixo Abastecimento de \u00c1gua &#8211; Urbano, Portaria MCID n\u00ba 768, de 26 de julho de 2024.<\/p>\n<p>A Portaria inclui o munic\u00edpio de Itabuna que foi selecionado atrav\u00e9s do Novo PAC (Programa de Acelera\u00e7\u00e3o do Crescimento) do Governo Federal, que contempla a cidade com recursos no valor de R$ 21.425.715,95, para as obras do Projeto Mais \u00c1gua para a Cidade III.<\/p>\n<p>Com o Projeto ser\u00e3o atendidos os bairros da zona norte: Calif\u00f3rnia, Nova Calif\u00f3rnia, F\u00e1tima, Jo\u00e3o Soares, Parque Boa Vista, Santa In\u00eas, Loteamento Para\u00edso e condom\u00ednios residenciais Jardim Am\u00e9rica I e II, Vida Nova e Parque Verde.<\/p>\n<p>De acordo com o presidente da Empresa Municipal de \u00c1guas e Saneamento (EMASA), Ivan Maia, os \u00faltimos detalhes do projeto est\u00e3o sendo alinhados com a Caixa Econ\u00f4mica Federal (CEF) para que a Secretaria de Infraestrutura e Urbanismo (SIURB) possa publicar o Edital de licita\u00e7\u00e3o.<\/p>\n<p>\u201cO Projeto Mais \u00c1gua para a Cidade III est\u00e1 na fase final de an\u00e1lise da documenta\u00e7\u00e3o pelos t\u00e9cnicos da Caixa Econ\u00f4mica Federal para a libera\u00e7\u00e3o do processo licitat\u00f3rio que ser\u00e1 realizado pela Prefeitura, atrav\u00e9s da SIURB\u201d, disse Maia.<\/p>\n<p><!--more--><\/p>\n<p>Para o prefeito de Itabuna, Augusto Castro (PSD), que tem acompanhando toda essa fase do projeto e vem cobrando agilidade dos t\u00e9cnicos da Prefeitura e EMASA nas respostas para a CEF, \u00e9 essencial o alinhamento dos agentes t\u00e9cnicos do munic\u00edpio com o agente financeiro.<\/p>\n<p>\u201cTenho cobrado empenho especial do nosso pessoal nas respostas \u00e0 Caixa Econ\u00f4mica Federal. Ainda neste semestre, o edital de licita\u00e7\u00e3o dessa obra t\u00e3o importante ser\u00e1 publicado e a empresa vencedora deve iniciar as obras e servi\u00e7os de mais uma etapa de amplia\u00e7\u00e3o do sistema de abastecimento de \u00e1gua em Itabuna\u201d, assegura o Chefe do Executivo municipal.<\/p>\n<p>Castro tamb\u00e9m destaca a contribui\u00e7\u00e3o do ministro-chefe da Casa Civil da Presid\u00eancia da Rep\u00fablica, Rui Costa, que tamb\u00e9m gerencia as a\u00e7\u00f5es do Novo PAC.<\/p>\n<p>\u201cO apoio do ministro Rui Costa foi fundamental para que a proposta t\u00e9cnica de Itabuna do Mais \u00c1gua III fosse aprovada. O munic\u00edpio entrar\u00e1 com contrapartida de pouco mais de R$ 3 milh\u00f5es e assim teremos uma cidade com o fornecimento de \u00e1gua universalizado\u201d, comemora Augusto Castro.<\/p>\n<p>O Projeto Mais \u00c1gua para a Cidade III contar\u00e1 com a constru\u00e7\u00e3o de uma nova Esta\u00e7\u00e3o de Tratamento de \u00c1gua (ETA), um reservat\u00f3rio apoiado, uma esta\u00e7\u00e3o elevat\u00f3ria (EE) e um reservat\u00f3rio principal de distribui\u00e7\u00e3o com capacidade para armazenamento de tr\u00eas milh\u00f5es de litros de \u00e1gua.<\/p>\n","protected":false},"excerpt":{"rendered":"<p>O Minist\u00e9rio das Cidades publicou na edi\u00e7\u00e3o de hoje, dia 14, no Di\u00e1rio Oficial da Uni\u00e3o (DOU), a Portaria MCID n\u00ba 886, de 7 de agosto de 2025, ratificando a decis\u00e3o em rela\u00e7\u00e3o ao resultado de propostas da modalidade Processo de Sele\u00e7\u00e3o de Projetos do Eixo \u00c1gua Para Todos, Subeixo Abastecimento de \u00c1gua &#8211; Urbano, [&hellip;]<\/p>\n","protected":false},"author":2,"featured_media":178903,"comment_status":"open","ping_status":"open","sticky":false,"template":"","format":"standard","meta":{"_links_to":"","_links_to_target":""},"categories":[33432],"tags":[16,638,36878,6420],"_links":{"self":[{"href":"https:\/\/www.blogdothame.blog.br\/v1\/wp-json\/wp\/v2\/posts\/178902"}],"collection":[{"href":"https:\/\/www.blogdothame.blog.br\/v1\/wp-json\/wp\/v2\/posts"}],"about":[{"href":"https:\/\/www.blogdothame.blog.br\/v1\/wp-json\/wp\/v2\/types\/post"}],"author":[{"embeddable":true,"href":"https:\/\/www.blogdothame.blog.br\/v1\/wp-json\/wp\/v2\/users\/2"}],"replies":[{"embeddable":true,"href":"https:\/\/www.blogdothame.blog.br\/v1\/wp-json\/wp\/v2\/comments?post=178902"}],"version-history":[{"count":1,"href":"https:\/\/www.blogdothame.blog.br\/v1\/wp-json\/wp\/v2\/posts\/178902\/revisions"}],"predecessor-version":[{"id":178904,"href":"https:\/\/www.blogdothame.blog.br\/v1\/wp-json\/wp\/v2\/posts\/178902\/revisions\/178904"}],"wp:featuredmedia":[{"embeddable":true,"href":"https:\/\/www.blogdothame.blog.br\/v1\/wp-json\/wp\/v2\/media\/178903"}],"wp:attachment":[{"href":"https:\/\/www.blogdothame.blog.br\/v1\/wp-json\/wp\/v2\/media?parent=178902"}],"wp:term":[{"taxonomy":"category","embeddable":true,"href":"https:\/\/www.blogdothame.blog.br\/v1\/wp-json\/wp\/v2\/categories?post=178902"},{"taxonomy":"post_tag","embeddable":true,"href":"https:\/\/www.blogdothame.blog.br\/v1\/wp-json\/wp\/v2\/tags?post=178902"}],"curies":[{"name":"wp","href":"https:\/\/api.w.org\/{rel}","templated":true}]}}