{"id":178821,"date":"2025-08-12T10:00:31","date_gmt":"2025-08-12T13:00:31","guid":{"rendered":"https:\/\/www.blogdothame.blog.br\/v1\/?p=178821"},"modified":"2025-08-12T09:01:39","modified_gmt":"2025-08-12T12:01:39","slug":"camara-de-itabuna-firma-cooperacao-com-alba-e-amplia-oferta-de-cursos-para-vereadores-servidores-e-populacao","status":"publish","type":"post","link":"https:\/\/www.blogdothame.blog.br\/v1\/2025\/08\/12\/camara-de-itabuna-firma-cooperacao-com-alba-e-amplia-oferta-de-cursos-para-vereadores-servidores-e-populacao\/","title":{"rendered":"C\u00e2mara de Itabuna firma coopera\u00e7\u00e3o com ALBA e amplia oferta de cursos para vereadores, servidores e popula\u00e7\u00e3o"},"content":{"rendered":"<div id=\"attachment_178822\" style=\"width: 423px\" class=\"wp-caption aligncenter\"><img aria-describedby=\"caption-attachment-178822\" loading=\"lazy\" class=\" wp-image-178822\" src=\"https:\/\/www.blogdothame.blog.br\/v1\/wp-content\/uploads\/2025\/08\/Termo-de-cooperacao.jpg\" alt=\"\" width=\"413\" height=\"310\" srcset=\"https:\/\/www.blogdothame.blog.br\/v1\/wp-content\/uploads\/2025\/08\/Termo-de-cooperacao.jpg 600w, https:\/\/www.blogdothame.blog.br\/v1\/wp-content\/uploads\/2025\/08\/Termo-de-cooperacao-300x225.jpg 300w\" sizes=\"(max-width: 413px) 100vw, 413px\" \/><p id=\"caption-attachment-178822\" class=\"wp-caption-text\">Presidente Manoel Porf\u00edrio ao lado da Presidente da ALBA Deputada Ivana Bastos, Deputado Robson Almeida, Deputado Z\u00e9 Neto e a presidente da escola da ALBA &#8211; Fernanda Guedes.<\/p><\/div>\n<p>A C\u00e2mara Municipal de Itabuna oficializou, nesta segunda-feira (11\/08), a assinatura de um Termo de Coopera\u00e7\u00e3o T\u00e9cnica com a Escola do Legislativo da Assembleia Legislativa da Bahia (ALBA). A parceria fortalece a Escola do Legislativo Prof. Edmundo Dourado e amplia a oferta de cursos e atividades de capacita\u00e7\u00e3o voltadas a vereadores, servidores e cidad\u00e3os.<\/p>\n<p><img loading=\"lazy\" class=\"alignright size-medium wp-image-178823\" src=\"https:\/\/www.blogdothame.blog.br\/v1\/wp-content\/uploads\/2025\/08\/Termo-de-cooperacao-2-300x252.jpg\" alt=\"\" width=\"300\" height=\"252\" srcset=\"https:\/\/www.blogdothame.blog.br\/v1\/wp-content\/uploads\/2025\/08\/Termo-de-cooperacao-2-300x252.jpg 300w, https:\/\/www.blogdothame.blog.br\/v1\/wp-content\/uploads\/2025\/08\/Termo-de-cooperacao-2.jpg 384w\" sizes=\"(max-width: 300px) 100vw, 300px\" \/>A partir deste acordo, ser\u00e3o promovidos cursos presenciais e em modalidade EAD, gratuitos, com certifica\u00e7\u00e3o conjunta entre ALBA e C\u00e2mara de Itabuna. A Casa j\u00e1 mant\u00e9m um curso EAD ativo para vereadores e servidores, que agora ser\u00e1 expandido com novos conte\u00fados e modalidades.<\/p>\n<p>\u201cHoje \u00e9 um dia muito importante para a C\u00e2mara de Itabuna. Acabamos de assinar um termo de coopera\u00e7\u00e3o t\u00e9cnica e a partir de agora iremos ofertar cursos e atividades em parceria com este \u00f3rg\u00e3o, contribuindo assim para a nossa miss\u00e3o institucional,\u201d destacou o presidente Manoel Porf\u00edrio.<\/p>\n<p>O termo estabelece o compartilhamento de conte\u00fado, metodologias e suporte t\u00e9cnico-pedag\u00f3gico, garantindo mais oportunidades de forma\u00e7\u00e3o legislativa, \u00e9tica p\u00fablica e gest\u00e3o para todos os p\u00fablicos atendidos. A expectativa \u00e9 que as primeiras turmas dentro do novo formato sejam lan\u00e7adas ainda neste semestre.<\/p>\n","protected":false},"excerpt":{"rendered":"<p>A C\u00e2mara Municipal de Itabuna oficializou, nesta segunda-feira (11\/08), a assinatura de um Termo de Coopera\u00e7\u00e3o T\u00e9cnica com a Escola do Legislativo da Assembleia Legislativa da Bahia (ALBA). A parceria fortalece a Escola do Legislativo Prof. Edmundo Dourado e amplia a oferta de cursos e atividades de capacita\u00e7\u00e3o voltadas a vereadores, servidores e cidad\u00e3os. A [&hellip;]<\/p>\n","protected":false},"author":2,"featured_media":178822,"comment_status":"open","ping_status":"open","sticky":false,"template":"","format":"standard","meta":{"_links_to":"","_links_to_target":""},"categories":[33433],"tags":[6434,2063,40428,11760],"_links":{"self":[{"href":"https:\/\/www.blogdothame.blog.br\/v1\/wp-json\/wp\/v2\/posts\/178821"}],"collection":[{"href":"https:\/\/www.blogdothame.blog.br\/v1\/wp-json\/wp\/v2\/posts"}],"about":[{"href":"https:\/\/www.blogdothame.blog.br\/v1\/wp-json\/wp\/v2\/types\/post"}],"author":[{"embeddable":true,"href":"https:\/\/www.blogdothame.blog.br\/v1\/wp-json\/wp\/v2\/users\/2"}],"replies":[{"embeddable":true,"href":"https:\/\/www.blogdothame.blog.br\/v1\/wp-json\/wp\/v2\/comments?post=178821"}],"version-history":[{"count":1,"href":"https:\/\/www.blogdothame.blog.br\/v1\/wp-json\/wp\/v2\/posts\/178821\/revisions"}],"predecessor-version":[{"id":178824,"href":"https:\/\/www.blogdothame.blog.br\/v1\/wp-json\/wp\/v2\/posts\/178821\/revisions\/178824"}],"wp:featuredmedia":[{"embeddable":true,"href":"https:\/\/www.blogdothame.blog.br\/v1\/wp-json\/wp\/v2\/media\/178822"}],"wp:attachment":[{"href":"https:\/\/www.blogdothame.blog.br\/v1\/wp-json\/wp\/v2\/media?parent=178821"}],"wp:term":[{"taxonomy":"category","embeddable":true,"href":"https:\/\/www.blogdothame.blog.br\/v1\/wp-json\/wp\/v2\/categories?post=178821"},{"taxonomy":"post_tag","embeddable":true,"href":"https:\/\/www.blogdothame.blog.br\/v1\/wp-json\/wp\/v2\/tags?post=178821"}],"curies":[{"name":"wp","href":"https:\/\/api.w.org\/{rel}","templated":true}]}}