{"id":178749,"date":"2025-08-09T10:00:56","date_gmt":"2025-08-09T13:00:56","guid":{"rendered":"https:\/\/www.blogdothame.blog.br\/v1\/?p=178749"},"modified":"2025-08-09T10:47:13","modified_gmt":"2025-08-09T13:47:13","slug":"fui-obrigado-a-interromper-minhas-ferias","status":"publish","type":"post","link":"https:\/\/www.blogdothame.blog.br\/v1\/2025\/08\/09\/fui-obrigado-a-interromper-minhas-ferias\/","title":{"rendered":"Fui obrigado a interromper minhas f\u00e9rias"},"content":{"rendered":"<p style=\"text-align: right;\"><img loading=\"lazy\" class=\"aligncenter wp-image-178750\" src=\"https:\/\/www.blogdothame.blog.br\/v1\/wp-content\/uploads\/2025\/08\/Lancamento-do-livro-O-Berimbau-valhacouto-de-boemios-no-Mac-Vita1.jpg\" alt=\"\" width=\"369\" height=\"277\" srcset=\"https:\/\/www.blogdothame.blog.br\/v1\/wp-content\/uploads\/2025\/08\/Lancamento-do-livro-O-Berimbau-valhacouto-de-boemios-no-Mac-Vita1.jpg 512w, https:\/\/www.blogdothame.blog.br\/v1\/wp-content\/uploads\/2025\/08\/Lancamento-do-livro-O-Berimbau-valhacouto-de-boemios-no-Mac-Vita1-300x225.jpg 300w\" sizes=\"(max-width: 369px) 100vw, 369px\" \/><\/p>\n<p style=\"text-align: right;\"><strong>Walmir Ros\u00e1rio<\/strong><\/p>\n<p><img loading=\"lazy\" class=\"alignright wp-image-157192\" src=\"https:\/\/www.blogdothame.blog.br\/v1\/wp-content\/uploads\/2023\/11\/Walmir-2-300x225.jpg\" alt=\"\" width=\"251\" height=\"188\" srcset=\"https:\/\/www.blogdothame.blog.br\/v1\/wp-content\/uploads\/2023\/11\/Walmir-2-300x225.jpg 300w, https:\/\/www.blogdothame.blog.br\/v1\/wp-content\/uploads\/2023\/11\/Walmir-2.jpg 600w\" sizes=\"(max-width: 251px) 100vw, 251px\" \/>Em plena manh\u00e3 desta sexta-feira, 8 de agosto, me senti abatido, diria at\u00e9 exausto, em meio a um estudo comparado de rituais com vistas \u00e0 elabora\u00e7\u00e3o de uma pe\u00e7a. A cabe\u00e7a, os miolos, ou sei l\u00e1 como explicar, ferviam com o vai-e-vem da leitura, justamente num dia considerado o in\u00edcio do fim de semana nos bares e botequins da vida.<\/p>\n<p>Resolvi dar um tempo e me entreter assistindo ao filme \u201cMeu Vizinho Adolfo\u201d, iniciado na noite passada. De repente, ou\u00e7o algu\u00e9m bater \u00e0 porta se passando por um entregador de uma dessas empresas internacionais de vendas pela internet. Desconfiado, pois n\u00e3o esperava a chegada de encomenda, mesmo assim abro o port\u00e3o e encontro o amigo e irm\u00e3o Arenilson.<\/p>\n<p>Ap\u00f3s risadas e o costumeiro abra\u00e7o, me entrega um presente trazido em seu passeio pelas bandas de Bom Jesus da Lapa e Correntina: um litro da preciosa aguardente, ou melhor, cacha\u00e7a, com o nome de Brejeira. Eu esperava um tijol\u00e3o de rapadura, conforme promessa feita, mas resolvi n\u00e3o reclamar, haja vista a superioridade do regalo.<\/p>\n<p>Enquanto examino o \u201cprecioso l\u00edquido\u201d, adjetivo proibido nas boas reda\u00e7\u00f5es, recebo, via whatsapp, o est\u00edmulo do amigo Toncar, direto de Campo Formoso, dando conta que o rel\u00f3gio badalava 11 horas, hor\u00e1rio de abrir os trabalhos com o toque de um pequeno sino. Transmiti uma foto da Brejeira pra ele, que fez quest\u00e3o de me garantir que era uma das cacha\u00e7as de sua predile\u00e7\u00e3o.<\/p>\n<p><!--more--><\/p>\n<p>Confesso que minha estranha sexta-feira com o trabalho de pesquisa e nenhuma perspectiva de encontrar os amigos ao meio-dia em pino nos botecos bateu imediatamente em retirada. Guardei os rituais e escritos e me dirigi \u00e0 cozinha para providenciar alguns tira-gostos \u00e0 altura do presente recebido, alterando a rotina com um adeus em alto e bom som ao trabalho.<\/p>\n<p><img loading=\"lazy\" class=\"aligncenter wp-image-178751\" src=\"https:\/\/www.blogdothame.blog.br\/v1\/wp-content\/uploads\/2025\/08\/Lancamento-do-livro-O-Berimbau-valhacouto-de-boemios-no-Mac-Vita.jpg\" alt=\"\" width=\"349\" height=\"262\" srcset=\"https:\/\/www.blogdothame.blog.br\/v1\/wp-content\/uploads\/2025\/08\/Lancamento-do-livro-O-Berimbau-valhacouto-de-boemios-no-Mac-Vita.jpg 512w, https:\/\/www.blogdothame.blog.br\/v1\/wp-content\/uploads\/2025\/08\/Lancamento-do-livro-O-Berimbau-valhacouto-de-boemios-no-Mac-Vita-300x225.jpg 300w\" sizes=\"(max-width: 349px) 100vw, 349px\" \/><\/p>\n<p>Muito reservadamente posso contar para voc\u00ea que me concedi f\u00e9rias h\u00e1 pouco mais de dois meses, ap\u00f3s o trabalho estafante de editar o livro \u201cO Berimbau \u2013 Valhacouto de Bo\u00eamios\u201d, j\u00e1 impresso. Ap\u00f3s alguns adiamentos, finalmente, no dia 26 de julho passado, realizamos o lan\u00e7amento em grande estilo, no Mac Vita, um dos nossos mais acolhedores abrigos em Canavieiras.<\/p>\n<p>De uma vez s\u00f3 conseguimos reunir a mais fina flor da boemia canavieirense e das redondezas, com a presen\u00e7a maci\u00e7a dos membros das gloriosas institui\u00e7\u00f5es Confraria d\u2019O Berimbau e do Clube dos Rolas Cansadas, como em tempos pret\u00e9ritos. Uma festa pra ningu\u00e9m botar defeito, regada a uma boa cacha\u00e7a com Cambu\u00ed em infus\u00e3o e cerveja bem gelada, e ao som luxuoso do saxofone de Cadu Perrucho.<\/p>\n<p>Como era do procedimento regulamentar em alguns s\u00e1bados na Confraria d\u2019O Berimbau, os confrades prepararam com esmero o famoso \u201cTiquinho\u201d, nome pomposo para os pratos elaborados e colocados \u00e0 disposi\u00e7\u00e3o dos est\u00f4magos famintos. Como sempre, para subverter a ordem, Trajano J\u00fanior chegou com duas enormes panelas de com pernil su\u00edno e fatada.<\/p>\n<p>N\u00e3o quero aqui falar mal ou reclamar do evento, mas fui bastante prejudicado por ter que me ater a receber os confrades e familiares, bem como autografar cerca de uma centena de livros, al\u00e9m de posar para as fotos. Enquanto isso os convidados se esbaldavam nas bebidas e comidas e nas rodinhas de bate-papo, lembrando com saudade os velhos tempos.<\/p>\n<p>E eu, que sonhava com um longo per\u00edodo de f\u00e9rias, provando da inatividade e dos benef\u00edcios do \u00f3cio, fui obrigado a interromper a vagabundagem planejada com bastante esmero. Bem que minha mulher me avisou que essa ideia de aposentado tirar f\u00e9rias se tratava de redund\u00e2ncia, no bom portugu\u00eas, uma utopia desnecess\u00e1ria de ser sonhada. Realmente, por duas vezes fui obrigado a interromp\u00ea-la, mas faz parte da vida.<\/p>\n<p>Com a chegada dos confrades do retiro espiritual em Bom Jesus da Lapa, tamb\u00e9m interrompido pelos passeios nas cachoeiras e alambiques em Correntina, s\u00f3 me aguardar o irm\u00e3ozinho Batista. \u00c9 que ele se recupera dos dissabores da gota de estima\u00e7\u00e3o e breve promoveremos uma inspe\u00e7\u00e3o nos botecos de Canavieiras. Desta vez, sem interrup\u00e7\u00e3o.<\/p>\n<p>Walmir Ros\u00e1rio \u00e9 radialista, jornalista e advogado<\/p>\n","protected":false},"excerpt":{"rendered":"<p>Walmir Ros\u00e1rio Em plena manh\u00e3 desta sexta-feira, 8 de agosto, me senti abatido, diria at\u00e9 exausto, em meio a um estudo comparado de rituais com vistas \u00e0 elabora\u00e7\u00e3o de uma pe\u00e7a. A cabe\u00e7a, os miolos, ou sei l\u00e1 como explicar, ferviam com o vai-e-vem da leitura, justamente num dia considerado o in\u00edcio do fim de [&hellip;]<\/p>\n","protected":false},"author":2,"featured_media":178750,"comment_status":"open","ping_status":"open","sticky":false,"template":"","format":"standard","meta":{"_links_to":"","_links_to_target":""},"categories":[33435],"tags":[87,28430,1077],"_links":{"self":[{"href":"https:\/\/www.blogdothame.blog.br\/v1\/wp-json\/wp\/v2\/posts\/178749"}],"collection":[{"href":"https:\/\/www.blogdothame.blog.br\/v1\/wp-json\/wp\/v2\/posts"}],"about":[{"href":"https:\/\/www.blogdothame.blog.br\/v1\/wp-json\/wp\/v2\/types\/post"}],"author":[{"embeddable":true,"href":"https:\/\/www.blogdothame.blog.br\/v1\/wp-json\/wp\/v2\/users\/2"}],"replies":[{"embeddable":true,"href":"https:\/\/www.blogdothame.blog.br\/v1\/wp-json\/wp\/v2\/comments?post=178749"}],"version-history":[{"count":1,"href":"https:\/\/www.blogdothame.blog.br\/v1\/wp-json\/wp\/v2\/posts\/178749\/revisions"}],"predecessor-version":[{"id":178752,"href":"https:\/\/www.blogdothame.blog.br\/v1\/wp-json\/wp\/v2\/posts\/178749\/revisions\/178752"}],"wp:featuredmedia":[{"embeddable":true,"href":"https:\/\/www.blogdothame.blog.br\/v1\/wp-json\/wp\/v2\/media\/178750"}],"wp:attachment":[{"href":"https:\/\/www.blogdothame.blog.br\/v1\/wp-json\/wp\/v2\/media?parent=178749"}],"wp:term":[{"taxonomy":"category","embeddable":true,"href":"https:\/\/www.blogdothame.blog.br\/v1\/wp-json\/wp\/v2\/categories?post=178749"},{"taxonomy":"post_tag","embeddable":true,"href":"https:\/\/www.blogdothame.blog.br\/v1\/wp-json\/wp\/v2\/tags?post=178749"}],"curies":[{"name":"wp","href":"https:\/\/api.w.org\/{rel}","templated":true}]}}