{"id":178344,"date":"2025-07-30T16:00:18","date_gmt":"2025-07-30T19:00:18","guid":{"rendered":"https:\/\/www.blogdothame.blog.br\/v1\/?p=178344"},"modified":"2025-07-30T15:05:37","modified_gmt":"2025-07-30T18:05:37","slug":"178344","status":"publish","type":"post","link":"https:\/\/www.blogdothame.blog.br\/v1\/2025\/07\/30\/178344\/","title":{"rendered":"Em Feira de Santana, Jer\u00f4nimo anuncia novas iniciativas estaduais de combate \u00e0 fome durante semin\u00e1rio sobre seguran\u00e7a alimentar"},"content":{"rendered":"<p style=\"text-align: center;\"><strong>Editais preveem mais de R$ 66 milh\u00f5es em investimentos, incluindo <\/strong><\/p>\n<p style=\"text-align: center;\"><strong>apoio a cozinhas comunit\u00e1rias e projetos de inova\u00e7\u00e3o em educa\u00e7\u00e3o alimentar<\/strong><\/p>\n<p><img loading=\"lazy\" class=\"aligncenter wp-image-178349\" src=\"https:\/\/www.blogdothame.blog.br\/v1\/wp-content\/uploads\/2025\/07\/Matheus-LandimGOVBA-3-1.jpeg\" alt=\"\" width=\"439\" height=\"247\" srcset=\"https:\/\/www.blogdothame.blog.br\/v1\/wp-content\/uploads\/2025\/07\/Matheus-LandimGOVBA-3-1.jpeg 600w, https:\/\/www.blogdothame.blog.br\/v1\/wp-content\/uploads\/2025\/07\/Matheus-LandimGOVBA-3-1-300x169.jpeg 300w\" sizes=\"(max-width: 439px) 100vw, 439px\" \/><br \/>\nA Bahia deu mais um passo importante na luta contra a fome ao realizar, nesta quarta-feira (30), em Feira de Santana, o 1\u00ba Semin\u00e1rio Estadual do Sistema de Seguran\u00e7a Alimentar e Nutricional (SISAN). Com a presen\u00e7a do governador Jer\u00f4nimo Rodrigues, o Governo do Estado anunciou investimentos em programas e editais para fortalecer a produ\u00e7\u00e3o local de alimentos e apoiar quem mais precisa. O evento reuniu representantes de mais de cem munic\u00edpios, universidades, conselhos e \u00f3rg\u00e3os dos governos estadual e federal.<\/p>\n<p><img loading=\"lazy\" class=\"aligncenter wp-image-178346\" src=\"https:\/\/www.blogdothame.blog.br\/v1\/wp-content\/uploads\/2025\/07\/Matheus-LandimGOVBA-5.jpeg\" alt=\"\" width=\"367\" height=\"206\" srcset=\"https:\/\/www.blogdothame.blog.br\/v1\/wp-content\/uploads\/2025\/07\/Matheus-LandimGOVBA-5.jpeg 600w, https:\/\/www.blogdothame.blog.br\/v1\/wp-content\/uploads\/2025\/07\/Matheus-LandimGOVBA-5-300x169.jpeg 300w\" sizes=\"(max-width: 367px) 100vw, 367px\" \/><br \/>\nEntre as iniciativas, est\u00e1 o Programa Estadual de Agricultura Urbana e Periurbana, que ser\u00e1 enviado \u00e0 Assembleia Legislativa da Bahia (ALBA), e incentiva hortas em bairros e periferias, valorizando quem j\u00e1 cultiva e alimenta suas comunidades. \u00a0Tamb\u00e9m foram lan\u00e7ados editais com mais de R$ 66 milh\u00f5es em investimentos, incluindo apoio a cozinhas comunit\u00e1rias e projetos de inova\u00e7\u00e3o em educa\u00e7\u00e3o alimentar. Al\u00e9m disso, o governador autorizou o lan\u00e7amento do 3\u00ba Plano Estadual de Seguran\u00e7a Alimentar e Nutricional (PLANSAN), que define metas e diretrizes para o combate \u00e0 fome na Bahia nos pr\u00f3ximos anos.<\/p>\n<p><img loading=\"lazy\" class=\"aligncenter wp-image-178347\" src=\"https:\/\/www.blogdothame.blog.br\/v1\/wp-content\/uploads\/2025\/07\/Matheus-LandimGOVBA-2.jpeg\" alt=\"\" width=\"374\" height=\"210\" srcset=\"https:\/\/www.blogdothame.blog.br\/v1\/wp-content\/uploads\/2025\/07\/Matheus-LandimGOVBA-2.jpeg 600w, https:\/\/www.blogdothame.blog.br\/v1\/wp-content\/uploads\/2025\/07\/Matheus-LandimGOVBA-2-300x169.jpeg 300w\" sizes=\"(max-width: 374px) 100vw, 374px\" \/><br \/>\n\u201cNa Bahia, conseguimos tirar cerca de um milh\u00e3o de pessoas da situa\u00e7\u00e3o de inseguran\u00e7a alimentar. Essa conquista \u00e9 fruto de um esfor\u00e7o coletivo, que envolve universidades, movimentos sociais, prefeitos, deputados e o governo do Estado. N\u00e3o se trata de um trabalho isolado, mas de uma grande mobiliza\u00e7\u00e3o em que diversas m\u00e3os se unem para garantir o direito humano \u00e0 alimenta\u00e7\u00e3o digna e saud\u00e1vel para toda a popula\u00e7\u00e3o, especialmente para quem vive nas comunidades mais vulner\u00e1veis\u201d, afirmou o governador Jer\u00f4nimo Rodrigues.<\/p>\n<p><!--more--><br \/>\nHortas, cozinhas comunit\u00e1rias e ci\u00eancia<\/p>\n<p>Um dos destaques do evento foi o lan\u00e7amento do programa Hortas Comunit\u00e1rias da Bahia, que vai beneficiar cem munic\u00edpios com ades\u00e3o ao SISAN. Cada cidade recebeu um kit com sistema de irriga\u00e7\u00e3o, caixa d\u2019\u00e1gua de 10 mil litros, EPIs, ferramentas e sementes. O investimento total \u00e9 de R$ 7 milh\u00f5es. J\u00e1 o edital \u201cComida no Prato\u201d, promovido pela CGCFOME e pela Casa Civil, vai apoiar a estrutura\u00e7\u00e3o de cozinhas comunit\u00e1rias em cem munic\u00edpios, com investimento de R$ 60 milh\u00f5es. Cada unidade poder\u00e1 servir at\u00e9 200 refei\u00e7\u00f5es por dia, durante um ano, alcan\u00e7ando mais de 41 mil pessoas diariamente.<\/p>\n<p><img loading=\"lazy\" class=\"aligncenter wp-image-178351\" src=\"https:\/\/www.blogdothame.blog.br\/v1\/wp-content\/uploads\/2025\/07\/Matheus-LandimGOVBA-1.jpeg\" alt=\"\" width=\"410\" height=\"230\" srcset=\"https:\/\/www.blogdothame.blog.br\/v1\/wp-content\/uploads\/2025\/07\/Matheus-LandimGOVBA-1.jpeg 600w, https:\/\/www.blogdothame.blog.br\/v1\/wp-content\/uploads\/2025\/07\/Matheus-LandimGOVBA-1-300x169.jpeg 300w\" sizes=\"(max-width: 410px) 100vw, 410px\" \/><br \/>\nOutra iniciativa apresentada no semin\u00e1rio foi o \u201cCi\u00eancia na Mesa Nutricional\u201d, fruto de parceria entre a Secretaria de Ci\u00eancia, Tecnologia e Inova\u00e7\u00e3o (Secti) e a Funda\u00e7\u00e3o de Amparo \u00e0 Pesquisa do Estado da Bahia (Fapesb). O objetivo \u00e9 apoiar projetos que aproximem a ci\u00eancia do dia a dia das pessoas, com foco em alimenta\u00e7\u00e3o saud\u00e1vel e sustent\u00e1vel. Os projetos devem usar linguagens acess\u00edveis como v\u00eddeos, podcasts, jogos, cord\u00e9is e oficinas, facilitando a compreens\u00e3o de temas como agroecologia, justi\u00e7a alimentar e seguran\u00e7a nutricional. O coordenador do programa, Handerson Leite, explicou que a ideia \u00e9 \u201cmobilizar pesquisadores e institui\u00e7\u00f5es para pensar solu\u00e7\u00f5es pr\u00e1ticas para o cotidiano alimentar das comunidades vulner\u00e1veis\u201d.<\/p>\n<p>Brasil fora do Mapa da Fome<\/p>\n<p><img loading=\"lazy\" class=\"aligncenter wp-image-178352\" src=\"https:\/\/www.blogdothame.blog.br\/v1\/wp-content\/uploads\/2025\/07\/Matheus-LandimGOVBA-6.jpeg\" alt=\"\" width=\"404\" height=\"227\" srcset=\"https:\/\/www.blogdothame.blog.br\/v1\/wp-content\/uploads\/2025\/07\/Matheus-LandimGOVBA-6.jpeg 600w, https:\/\/www.blogdothame.blog.br\/v1\/wp-content\/uploads\/2025\/07\/Matheus-LandimGOVBA-6-300x169.jpeg 300w\" sizes=\"(max-width: 404px) 100vw, 404px\" \/><br \/>\nAs a\u00e7\u00f5es do Governo da Bahia se somam aos programas federais, como o Bolsa Fam\u00edlia e o Programa Nacional de Alimenta\u00e7\u00e3o Escolar (PNAE), ampliados e reestruturados desde 2023. Esse esfor\u00e7o conjunto foi fundamental para que o Brasil sa\u00edsse novamente do Mapa da Fome, segundo relat\u00f3rio divulgado pela Organiza\u00e7\u00e3o das Na\u00e7\u00f5es Unidas (ONU), na \u00faltima segunda-feira (28). De acordo com a FAO, ag\u00eancia da ONU que atua no combate \u00e0 fome e na promo\u00e7\u00e3o da seguran\u00e7a alimentar, menos de 2,5% da popula\u00e7\u00e3o brasileira est\u00e1 em risco de subalimenta\u00e7\u00e3o, o que retira o pa\u00eds da lista de na\u00e7\u00f5es com inseguran\u00e7a alimentar grave.<\/p>\n<p><img loading=\"lazy\" class=\"aligncenter wp-image-178350\" src=\"https:\/\/www.blogdothame.blog.br\/v1\/wp-content\/uploads\/2025\/07\/Matheus-LandimGOVBA-4-1.jpeg\" alt=\"\" width=\"426\" height=\"239\" srcset=\"https:\/\/www.blogdothame.blog.br\/v1\/wp-content\/uploads\/2025\/07\/Matheus-LandimGOVBA-4-1.jpeg 600w, https:\/\/www.blogdothame.blog.br\/v1\/wp-content\/uploads\/2025\/07\/Matheus-LandimGOVBA-4-1-300x169.jpeg 300w\" sizes=\"(max-width: 426px) 100vw, 426px\" \/><\/p>\n<p>O coordenador geral do programa Bahia Sem Fome, Tiago Pereira, destacou a import\u00e2ncia do trabalho conjunto. \u201cA articula\u00e7\u00e3o intersetorial \u00e9 a \u00fanica sa\u00edda para garantir alimenta\u00e7\u00e3o digna para quem mais precisa. Com o PLANSAN, pactuamos metas concretas e constru\u00edmos uma nova base de prote\u00e7\u00e3o social\u201d, afirmou. O semin\u00e1rio segue at\u00e9 esta quinta-feira (31), com oficinas, rodas de conversa e a constru\u00e7\u00e3o dos planos municipais de seguran\u00e7a alimentar em parceria com os gestores locais.<\/p>\n<p>(Fotos Matheus Landim-GOVBA)<\/p>\n","protected":false},"excerpt":{"rendered":"<p>Editais preveem mais de R$ 66 milh\u00f5es em investimentos, incluindo apoio a cozinhas comunit\u00e1rias e projetos de inova\u00e7\u00e3o em educa\u00e7\u00e3o alimentar A Bahia deu mais um passo importante na luta contra a fome ao realizar, nesta quarta-feira (30), em Feira de Santana, o 1\u00ba Semin\u00e1rio Estadual do Sistema de Seguran\u00e7a Alimentar e Nutricional (SISAN). Com [&hellip;]<\/p>\n","protected":false},"author":2,"featured_media":178349,"comment_status":"open","ping_status":"open","sticky":false,"template":"","format":"standard","meta":{"_links_to":"","_links_to_target":""},"categories":[33432],"tags":[40340,34893,358,16,12213],"_links":{"self":[{"href":"https:\/\/www.blogdothame.blog.br\/v1\/wp-json\/wp\/v2\/posts\/178344"}],"collection":[{"href":"https:\/\/www.blogdothame.blog.br\/v1\/wp-json\/wp\/v2\/posts"}],"about":[{"href":"https:\/\/www.blogdothame.blog.br\/v1\/wp-json\/wp\/v2\/types\/post"}],"author":[{"embeddable":true,"href":"https:\/\/www.blogdothame.blog.br\/v1\/wp-json\/wp\/v2\/users\/2"}],"replies":[{"embeddable":true,"href":"https:\/\/www.blogdothame.blog.br\/v1\/wp-json\/wp\/v2\/comments?post=178344"}],"version-history":[{"count":2,"href":"https:\/\/www.blogdothame.blog.br\/v1\/wp-json\/wp\/v2\/posts\/178344\/revisions"}],"predecessor-version":[{"id":178354,"href":"https:\/\/www.blogdothame.blog.br\/v1\/wp-json\/wp\/v2\/posts\/178344\/revisions\/178354"}],"wp:featuredmedia":[{"embeddable":true,"href":"https:\/\/www.blogdothame.blog.br\/v1\/wp-json\/wp\/v2\/media\/178349"}],"wp:attachment":[{"href":"https:\/\/www.blogdothame.blog.br\/v1\/wp-json\/wp\/v2\/media?parent=178344"}],"wp:term":[{"taxonomy":"category","embeddable":true,"href":"https:\/\/www.blogdothame.blog.br\/v1\/wp-json\/wp\/v2\/categories?post=178344"},{"taxonomy":"post_tag","embeddable":true,"href":"https:\/\/www.blogdothame.blog.br\/v1\/wp-json\/wp\/v2\/tags?post=178344"}],"curies":[{"name":"wp","href":"https:\/\/api.w.org\/{rel}","templated":true}]}}