{"id":178341,"date":"2025-07-30T14:53:17","date_gmt":"2025-07-30T17:53:17","guid":{"rendered":"https:\/\/www.blogdothame.blog.br\/v1\/?p=178341"},"modified":"2025-07-30T14:53:17","modified_gmt":"2025-07-30T17:53:17","slug":"bamin-leva-bumba-do-seu-oreco-e-contacao-de-historias-a-festa-literaria-de-ilheus","status":"publish","type":"post","link":"https:\/\/www.blogdothame.blog.br\/v1\/2025\/07\/30\/bamin-leva-bumba-do-seu-oreco-e-contacao-de-historias-a-festa-literaria-de-ilheus\/","title":{"rendered":"BAMIN leva Bumba do Seu Oreco e conta\u00e7\u00e3o de hist\u00f3rias \u00e0 Festa Liter\u00e1ria de Ilh\u00e9us"},"content":{"rendered":"<p style=\"text-align: center;\"><strong>Iniciativas culturais da empresa fortalecem tradi\u00e7\u00f5es no entorno do Porto Sul<\/strong><\/p>\n<p dir=\"ltr\"><img loading=\"lazy\" class=\"aligncenter  wp-image-178342\" src=\"https:\/\/www.blogdothame.blog.br\/v1\/wp-content\/uploads\/2025\/07\/Bamin-FLi.jpg\" alt=\"\" width=\"375\" height=\"250\" srcset=\"https:\/\/www.blogdothame.blog.br\/v1\/wp-content\/uploads\/2025\/07\/Bamin-FLi.jpg 512w, https:\/\/www.blogdothame.blog.br\/v1\/wp-content\/uploads\/2025\/07\/Bamin-FLi-300x200.jpg 300w\" sizes=\"(max-width: 375px) 100vw, 375px\" \/><\/p>\n<p dir=\"ltr\">Com o objetivo de valorizar a produ\u00e7\u00e3o cultural local e preservar as tradi\u00e7\u00f5es das comunidades do entorno do Porto Sul, a\u00a0BAMIN\u00a0participa da programa\u00e7\u00e3o oficial da Festa Liter\u00e1ria de Ilh\u00e9us (FLI) com duas a\u00e7\u00f5es especiais no Espa\u00e7o Flizinha, na Pra\u00e7a da Catedral. Nesta quarta-feira (30), \u00e0s 17h, ser\u00e1 realizada a apresenta\u00e7\u00e3o do tradicional Bumba Meu Boi do Seu Oreco, e na quinta-feira (31), \u00e0s 16h, o p\u00fablico poder\u00e1 acompanhar uma sess\u00e3o de conta\u00e7\u00e3o de hist\u00f3rias com moradores da Lagoa Encantada &#8211; guardi\u00f5es das lendas locais &#8211; em uma a\u00e7\u00e3o do Arm\u00e1rio Cultural Coletivo.<\/p>\n<p dir=\"ltr\">Ambas as atividades s\u00e3o abertas ao p\u00fablico e fazem parte do Programa de Valoriza\u00e7\u00e3o da Cultura da BAMIN, em parceria com o Instituto Superior de Sustentabilidade (ISUS) e o Comit\u00ea de Acompanhamento do programa.<\/p>\n<p dir=\"ltr\">Compromisso com a cultura<\/p>\n<p dir=\"ltr\"><!--more--><\/p>\n<p dir=\"ltr\">Valorizar a cultura \u00e9 um compromisso da BAMIN e a empresa vem contribuindo continuamente para isso. A revitaliza\u00e7\u00e3o do Bumba Meu Boi, express\u00e3o folcl\u00f3rica hist\u00f3rica da zona rural de Ilh\u00e9us, \u00e9 um exemplo. Desde 2023, a empresa promove o Encontro dos Bumbas, que reuniu, ap\u00f3s mais de 30 anos, os grupos Boi do Seu Oreco, de Urucutuca, e o Reisado de Vila Juerana, fortalecendo o reconhecimento e a continuidade dessa manifesta\u00e7\u00e3o cultural.<\/p>\n<p dir=\"ltr\">J\u00e1 o Arm\u00e1rio Cultural leva livros e jogos educativos a espa\u00e7os p\u00fablicos de 16 comunidades da regi\u00e3o, com curadoria voltada ao p\u00fablico infantil e valoriza\u00e7\u00e3o de conte\u00fados regionais. A iniciativa estimula o h\u00e1bito da leitura, promove o desenvolvimento intelectual e refor\u00e7a o compromisso da BAMIN com a educa\u00e7\u00e3o.<\/p>\n<p dir=\"ltr\">A presen\u00e7a da BAMIN na FLI simboliza a integra\u00e7\u00e3o entre o desenvolvimento e o respeito \u00e0s ra\u00edzes culturais do territ\u00f3rio. &#8220;A inten\u00e7\u00e3o \u00e9 construir um legado vivo e cont\u00ednuo, que v\u00e1 al\u00e9m de um \u00fanico projeto ou a\u00e7\u00e3o. Queremos deixar uma marca positiva nas pessoas, de forma que se sintam inspiradas a reconhecer, valorizar e dar continuidade \u00e0 sua pr\u00f3pria cultura&#8221;, afirma o diretor de Sustentabilidade da BAMIN, Marcelo Dultra.<\/p>\n<p dir=\"ltr\"><strong>SERVI\u00c7O<\/strong><\/p>\n<p dir=\"ltr\">\n<p dir=\"ltr\">Apresenta\u00e7\u00e3o do Bumba do Seu Oreco<\/p>\n<p dir=\"ltr\">Onde:\u00a0Festa Liter\u00e1ria de Ilh\u00e9us &#8211; Pra\u00e7a da Catedral<\/p>\n<p dir=\"ltr\">Quando:\u00a0Quarta-feira (30), \u00e0s 17h<\/p>\n<p dir=\"ltr\">Aberto ao p\u00fablico<\/p>\n<p dir=\"ltr\">Sess\u00e3o de conta\u00e7\u00e3o de hist\u00f3rias do Arm\u00e1rio Cultural Coletivo<\/p>\n<p dir=\"ltr\">Onde:\u00a0Festa Liter\u00e1ria de Ilh\u00e9us &#8211; Pra\u00e7a da Catedral<\/p>\n<p dir=\"ltr\">Quando:\u00a0Quinta-feira (31), \u00e0s 16h<\/p>\n<p dir=\"ltr\">Aberto ao p\u00fablico<\/p>\n<p dir=\"ltr\">Sobre a BAMIN<\/p>\n<p dir=\"ltr\">A BAMIN faz parte do Eurasian Resources Group (ERG), grupo com atua\u00e7\u00e3o global no setor de recursos naturais, presente em 15 pa\u00edses. A empresa \u00e9 respons\u00e1vel por projetos de minera\u00e7\u00e3o e log\u00edstica na Bahia, como a Mina Pedra de Ferro, em Caetit\u00e9; o Porto Sul, em Ilh\u00e9us; e o trecho 1 da Ferrovia de Integra\u00e7\u00e3o Oeste-Leste (FIOL 1), que ligar\u00e1 as duas cidades.<\/p>\n","protected":false},"excerpt":{"rendered":"<p>Iniciativas culturais da empresa fortalecem tradi\u00e7\u00f5es no entorno do Porto Sul Com o objetivo de valorizar a produ\u00e7\u00e3o cultural local e preservar as tradi\u00e7\u00f5es das comunidades do entorno do Porto Sul, a\u00a0BAMIN\u00a0participa da programa\u00e7\u00e3o oficial da Festa Liter\u00e1ria de Ilh\u00e9us (FLI) com duas a\u00e7\u00f5es especiais no Espa\u00e7o Flizinha, na Pra\u00e7a da Catedral. Nesta quarta-feira (30), [&hellip;]<\/p>\n","protected":false},"author":2,"featured_media":178342,"comment_status":"open","ping_status":"open","sticky":false,"template":"","format":"standard","meta":{"_links_to":"","_links_to_target":""},"categories":[33435],"tags":[454,40339,16589,21288],"_links":{"self":[{"href":"https:\/\/www.blogdothame.blog.br\/v1\/wp-json\/wp\/v2\/posts\/178341"}],"collection":[{"href":"https:\/\/www.blogdothame.blog.br\/v1\/wp-json\/wp\/v2\/posts"}],"about":[{"href":"https:\/\/www.blogdothame.blog.br\/v1\/wp-json\/wp\/v2\/types\/post"}],"author":[{"embeddable":true,"href":"https:\/\/www.blogdothame.blog.br\/v1\/wp-json\/wp\/v2\/users\/2"}],"replies":[{"embeddable":true,"href":"https:\/\/www.blogdothame.blog.br\/v1\/wp-json\/wp\/v2\/comments?post=178341"}],"version-history":[{"count":1,"href":"https:\/\/www.blogdothame.blog.br\/v1\/wp-json\/wp\/v2\/posts\/178341\/revisions"}],"predecessor-version":[{"id":178343,"href":"https:\/\/www.blogdothame.blog.br\/v1\/wp-json\/wp\/v2\/posts\/178341\/revisions\/178343"}],"wp:featuredmedia":[{"embeddable":true,"href":"https:\/\/www.blogdothame.blog.br\/v1\/wp-json\/wp\/v2\/media\/178342"}],"wp:attachment":[{"href":"https:\/\/www.blogdothame.blog.br\/v1\/wp-json\/wp\/v2\/media?parent=178341"}],"wp:term":[{"taxonomy":"category","embeddable":true,"href":"https:\/\/www.blogdothame.blog.br\/v1\/wp-json\/wp\/v2\/categories?post=178341"},{"taxonomy":"post_tag","embeddable":true,"href":"https:\/\/www.blogdothame.blog.br\/v1\/wp-json\/wp\/v2\/tags?post=178341"}],"curies":[{"name":"wp","href":"https:\/\/api.w.org\/{rel}","templated":true}]}}