{"id":178338,"date":"2025-07-30T11:40:28","date_gmt":"2025-07-30T14:40:28","guid":{"rendered":"https:\/\/www.blogdothame.blog.br\/v1\/?p=178338"},"modified":"2025-07-30T12:12:45","modified_gmt":"2025-07-30T15:12:45","slug":"o-surpreendente-mercado-imobiliario-de-ilheus-sera-tema-do-pod-gusma","status":"publish","type":"post","link":"https:\/\/www.blogdothame.blog.br\/v1\/2025\/07\/30\/o-surpreendente-mercado-imobiliario-de-ilheus-sera-tema-do-pod-gusma\/","title":{"rendered":"O surpreendente mercado imobili\u00e1rio de Ilh\u00e9us ser\u00e1 tema do Pod Gusma"},"content":{"rendered":"<div><img loading=\"lazy\" class=\"alignright size-medium wp-image-178339\" src=\"https:\/\/www.blogdothame.blog.br\/v1\/wp-content\/uploads\/2025\/07\/WhatsApp-Image-2025-07-30-at-10.57.49-300x268.jpeg\" alt=\"\" width=\"300\" height=\"268\" srcset=\"https:\/\/www.blogdothame.blog.br\/v1\/wp-content\/uploads\/2025\/07\/WhatsApp-Image-2025-07-30-at-10.57.49-300x268.jpeg 300w, https:\/\/www.blogdothame.blog.br\/v1\/wp-content\/uploads\/2025\/07\/WhatsApp-Image-2025-07-30-at-10.57.49.jpeg 437w\" sizes=\"(max-width: 300px) 100vw, 300px\" \/>O Pod Gusma desta quarta-feira (30) vai abordar o mercado imobili\u00e1rio de Ilh\u00e9us. O podcast ter\u00e1 dois convidados com atua\u00e7\u00e3o direta no setor: Alcino Lins e Michel Mendon\u00e7a.<\/p>\n<p>O corretor de im\u00f3veis Alcino Lins, com longa trajet\u00f3ria no ramo, vai falar sobre as regi\u00f5es mais valorizadas da cidade e aquelas com menor atratividade econ\u00f4mica. Tamb\u00e9m vai comparar as zonas sul e norte, para destacar \u00e1reas com potencial de valoriza\u00e7\u00e3o e outras sujeitas \u00e0 queda no valor.<\/p>\n<p>O advogado Michel Mendon\u00e7a, que assessora juridicamente corretoras, incorporadoras e compradores, vai comentar os aspectos legais do mercado em crescimento, sobretudo na zona sul, onde a velocidade das constru\u00e7\u00f5es d\u00e1 a impress\u00e3o de que novos pr\u00e9dios surgem diariamente.<\/p><\/div>\n<div>\n<p>A transmiss\u00e3o ser\u00e1 feita ao vivo no Canal do Gusm\u00e3o no YouTube, a partir das 19h. A apresenta\u00e7\u00e3o ficar\u00e1 a cargo dos jornalistas Thiago Dias e Emilio Gusm\u00e3o. O p\u00fablico poder\u00e1 interagir com os participantes por meio de coment\u00e1rios e perguntas no chat.<\/p>\n<p>Para acompanhar os epis\u00f3dios, inscreva-se no Canal do Gusm\u00e3o e ative o sininho das notifica\u00e7\u00f5es. Acesse o link da transmiss\u00e3o:\u00a0<a href=\"https:\/\/www.youtube.com\/live\/I22dHU8Yk90?si=p_S6qj-yHlHaPPYk\" target=\"_blank\" rel=\"noopener\" data-saferedirecturl=\"https:\/\/www.google.com\/url?q=https:\/\/www.youtube.com\/live\/I22dHU8Yk90?si%3Dp_S6qj-yHlHaPPYk&amp;source=gmail&amp;ust=1753974468109000&amp;usg=AOvVaw0TMT3AMW7O0Mf--mIbKVvZ\">https:\/\/www.<wbr \/>youtube.com\/live\/I22dHU8Yk90?<wbr \/>si=p_S6qj-yHlHaPPYk<\/a><\/div>\n<p>&nbsp;<\/p>\n<p>&nbsp;<\/p>\n<div class=\"yj6qo\"><\/div>\n<div class=\"adL\"><\/div>\n","protected":false},"excerpt":{"rendered":"<p>O Pod Gusma desta quarta-feira (30) vai abordar o mercado imobili\u00e1rio de Ilh\u00e9us. O podcast ter\u00e1 dois convidados com atua\u00e7\u00e3o direta no setor: Alcino Lins e Michel Mendon\u00e7a. O corretor de im\u00f3veis Alcino Lins, com longa trajet\u00f3ria no ramo, vai falar sobre as regi\u00f5es mais valorizadas da cidade e aquelas com menor atratividade econ\u00f4mica. Tamb\u00e9m [&hellip;]<\/p>\n","protected":false},"author":2,"featured_media":178339,"comment_status":"open","ping_status":"open","sticky":false,"template":"","format":"standard","meta":{"_links_to":"","_links_to_target":""},"categories":[33435],"tags":[40337,218,36902,40338,40336],"_links":{"self":[{"href":"https:\/\/www.blogdothame.blog.br\/v1\/wp-json\/wp\/v2\/posts\/178338"}],"collection":[{"href":"https:\/\/www.blogdothame.blog.br\/v1\/wp-json\/wp\/v2\/posts"}],"about":[{"href":"https:\/\/www.blogdothame.blog.br\/v1\/wp-json\/wp\/v2\/types\/post"}],"author":[{"embeddable":true,"href":"https:\/\/www.blogdothame.blog.br\/v1\/wp-json\/wp\/v2\/users\/2"}],"replies":[{"embeddable":true,"href":"https:\/\/www.blogdothame.blog.br\/v1\/wp-json\/wp\/v2\/comments?post=178338"}],"version-history":[{"count":1,"href":"https:\/\/www.blogdothame.blog.br\/v1\/wp-json\/wp\/v2\/posts\/178338\/revisions"}],"predecessor-version":[{"id":178340,"href":"https:\/\/www.blogdothame.blog.br\/v1\/wp-json\/wp\/v2\/posts\/178338\/revisions\/178340"}],"wp:featuredmedia":[{"embeddable":true,"href":"https:\/\/www.blogdothame.blog.br\/v1\/wp-json\/wp\/v2\/media\/178339"}],"wp:attachment":[{"href":"https:\/\/www.blogdothame.blog.br\/v1\/wp-json\/wp\/v2\/media?parent=178338"}],"wp:term":[{"taxonomy":"category","embeddable":true,"href":"https:\/\/www.blogdothame.blog.br\/v1\/wp-json\/wp\/v2\/categories?post=178338"},{"taxonomy":"post_tag","embeddable":true,"href":"https:\/\/www.blogdothame.blog.br\/v1\/wp-json\/wp\/v2\/tags?post=178338"}],"curies":[{"name":"wp","href":"https:\/\/api.w.org\/{rel}","templated":true}]}}