{"id":178324,"date":"2025-07-31T07:00:46","date_gmt":"2025-07-31T10:00:46","guid":{"rendered":"https:\/\/www.blogdothame.blog.br\/v1\/?p=178324"},"modified":"2025-07-30T09:31:27","modified_gmt":"2025-07-30T12:31:27","slug":"furto-de-cabos-de-energia-cresce-65-na-bahia","status":"publish","type":"post","link":"https:\/\/www.blogdothame.blog.br\/v1\/2025\/07\/31\/furto-de-cabos-de-energia-cresce-65-na-bahia\/","title":{"rendered":"Furto de cabos de energia cresce 65% na Bahia"},"content":{"rendered":"<p><img loading=\"lazy\" class=\"alignright  wp-image-178325\" src=\"https:\/\/www.blogdothame.blog.br\/v1\/wp-content\/uploads\/2025\/07\/PHOTO-2025-07-29-15-24-33-300x225.jpg\" alt=\"\" width=\"345\" height=\"259\" srcset=\"https:\/\/www.blogdothame.blog.br\/v1\/wp-content\/uploads\/2025\/07\/PHOTO-2025-07-29-15-24-33-300x225.jpg 300w, https:\/\/www.blogdothame.blog.br\/v1\/wp-content\/uploads\/2025\/07\/PHOTO-2025-07-29-15-24-33.jpg 600w\" sizes=\"(max-width: 345px) 100vw, 345px\" \/>A Bahia registrou um aumento significativo no n\u00famero de ocorr\u00eancias envolvendo o furto de cabos de energia no primeiro semestre de 2025. De acordo com dados da Neoenergia Coelba, foram registrados 280 casos de janeiro a junho, volume que \u00e9 65% superior quando comparado ao mesmo per\u00edodo de 2024 (169). Cerca de 140 mil pessoas foram impactadas e ficaram com o fornecimento suspenso por algum per\u00edodo devido \u00e0 pr\u00e1tica ilegal. Para tentar inibir novos casos, a Neoenergia Coelba vem adotando medidas operacionais e realizando parcerias com a Secretaria de Seguran\u00e7a P\u00fablica (SSP-BA).<\/p>\n<p>Os munic\u00edpios com o maior n\u00famero de ocorr\u00eancias registradas no primeiro semestre foram Salvador (86), Concei\u00e7\u00e3o do Coit\u00e9 (32), Feira de Santana (27), Serrinha (17) e Jaguarari (17). Na capital baiana, os bairros com maior volume foram: Pituba (21), Com\u00e9rcio (7), Federa\u00e7\u00e3o (4), Itapu\u00e3 (4) e Periperi (3).<\/p>\n<p>O furto de cabos pode provocar interrup\u00e7\u00f5es de energia em ruas, bairros ou at\u00e9 cidades. Al\u00e9m disso, a pr\u00e1tica ilegal p\u00f5e em risco o funcionamento de unidades que prestam servi\u00e7os p\u00fablicos e com\u00e9rcios. No primeiro semestre, por exemplo, cinco hospitais ficaram momentaneamente sem energia por conta do roubo de fios. Essas unidades possuem atendimento priorit\u00e1rio e a Neoenergia Coelba as restabeleceu em um curto intervalo de tempo.<\/p>\n<p><!--more--><\/p>\n<p>A pr\u00e1tica tamb\u00e9m \u00e9 extremamente perigosa. Realizada por pessoas despreparadas, sem autoriza\u00e7\u00e3o e sem equipamentos de prote\u00e7\u00e3o, quem rouba os fios de energia tem grande chance de receber uma descarga el\u00e9trica fatal. Al\u00e9m disso, os fios podem ficar energizados, gerando riscos para toda a popula\u00e7\u00e3o.<\/p>\n<p>Um outro preju\u00edzo causado pela pr\u00e1tica \u00e9 o deslocamento de equipes e recursos para atuar na substitui\u00e7\u00e3o dos cabos furtados e reparo dos demais danos causados pelo ato. Estes eletricistas poderiam estar alocados em servi\u00e7os de melhoria da rede el\u00e9trica ou atendendo outros casos, por\u00e9m precisaram ser direcionados para normalizar a situa\u00e7\u00e3o provocada pelos furtos.<\/p>\n<p>Para inibir a pr\u00e1tica criminosa, a Neoenergia Coelba atua em parceria com a Secretaria de Seguran\u00e7a P\u00fablica da Bahia, que possui a\u00e7\u00f5es voltadas para identificar os receptadores dos materiais furtados e combater o roubo de fios. Al\u00e9m disso, a distribuidora tamb\u00e9m adotou a\u00e7\u00f5es operacionais para dificultar o acesso ao sistema el\u00e9trico.<\/p>\n<p>A Neoenergia Coelba tem instalado inibidores de acesso nos postes de energia &#8211; material met\u00e1lico que visa impedir que pessoas n\u00e3o autorizadas acessem a rede el\u00e9trica. Adicionalmente, a empresa realiza a substitui\u00e7\u00e3o das caixas da rede subterr\u00e2nea por materiais chumbados com solda e concreto, o que dificulta a conclus\u00e3o da a\u00e7\u00e3o.<\/p>\n<p>Canal de Den\u00fancia<br \/>\nCaso veja alguma pessoa acessando postes ou mexendo na rede el\u00e9trica sem a farda da Neoenergia Coelba, denuncie imediatamente a situa\u00e7\u00e3o por meio do Disque Den\u00fancia Bahia, pelo n\u00famero 181. Em caso de interrup\u00e7\u00e3o de energia, contate a Neoenergia Coelba pelo teleatendimento 116.<\/p>\n","protected":false},"excerpt":{"rendered":"<p>A Bahia registrou um aumento significativo no n\u00famero de ocorr\u00eancias envolvendo o furto de cabos de energia no primeiro semestre de 2025. De acordo com dados da Neoenergia Coelba, foram registrados 280 casos de janeiro a junho, volume que \u00e9 65% superior quando comparado ao mesmo per\u00edodo de 2024 (169). Cerca de 140 mil pessoas [&hellip;]<\/p>\n","protected":false},"author":2,"featured_media":178325,"comment_status":"open","ping_status":"open","sticky":false,"template":"","format":"standard","meta":{"_links_to":"","_links_to_target":""},"categories":[33436],"tags":[51,858,40334],"_links":{"self":[{"href":"https:\/\/www.blogdothame.blog.br\/v1\/wp-json\/wp\/v2\/posts\/178324"}],"collection":[{"href":"https:\/\/www.blogdothame.blog.br\/v1\/wp-json\/wp\/v2\/posts"}],"about":[{"href":"https:\/\/www.blogdothame.blog.br\/v1\/wp-json\/wp\/v2\/types\/post"}],"author":[{"embeddable":true,"href":"https:\/\/www.blogdothame.blog.br\/v1\/wp-json\/wp\/v2\/users\/2"}],"replies":[{"embeddable":true,"href":"https:\/\/www.blogdothame.blog.br\/v1\/wp-json\/wp\/v2\/comments?post=178324"}],"version-history":[{"count":1,"href":"https:\/\/www.blogdothame.blog.br\/v1\/wp-json\/wp\/v2\/posts\/178324\/revisions"}],"predecessor-version":[{"id":178326,"href":"https:\/\/www.blogdothame.blog.br\/v1\/wp-json\/wp\/v2\/posts\/178324\/revisions\/178326"}],"wp:featuredmedia":[{"embeddable":true,"href":"https:\/\/www.blogdothame.blog.br\/v1\/wp-json\/wp\/v2\/media\/178325"}],"wp:attachment":[{"href":"https:\/\/www.blogdothame.blog.br\/v1\/wp-json\/wp\/v2\/media?parent=178324"}],"wp:term":[{"taxonomy":"category","embeddable":true,"href":"https:\/\/www.blogdothame.blog.br\/v1\/wp-json\/wp\/v2\/categories?post=178324"},{"taxonomy":"post_tag","embeddable":true,"href":"https:\/\/www.blogdothame.blog.br\/v1\/wp-json\/wp\/v2\/tags?post=178324"}],"curies":[{"name":"wp","href":"https:\/\/api.w.org\/{rel}","templated":true}]}}