{"id":178319,"date":"2025-07-30T10:00:06","date_gmt":"2025-07-30T13:00:06","guid":{"rendered":"https:\/\/www.blogdothame.blog.br\/v1\/?p=178319"},"modified":"2025-07-30T08:50:40","modified_gmt":"2025-07-30T11:50:40","slug":"instituto-federal-de-educacao-ciencia-e-tecnologia-da-bahia-apresenta-projeto-de-iteriorizacao-em-itabuna","status":"publish","type":"post","link":"https:\/\/www.blogdothame.blog.br\/v1\/2025\/07\/30\/instituto-federal-de-educacao-ciencia-e-tecnologia-da-bahia-apresenta-projeto-de-iteriorizacao-em-itabuna\/","title":{"rendered":"Instituto Federal de Educa\u00e7\u00e3o, Ci\u00eancia e Tecnologia da Bahia apresenta projeto de iterioriza\u00e7\u00e3o em Itabuna"},"content":{"rendered":"<p><img loading=\"lazy\" class=\"aligncenter wp-image-178320\" src=\"https:\/\/www.blogdothame.blog.br\/v1\/wp-content\/uploads\/2025\/07\/fib-1.jpeg\" alt=\"\" width=\"421\" height=\"195\" srcset=\"https:\/\/www.blogdothame.blog.br\/v1\/wp-content\/uploads\/2025\/07\/fib-1.jpeg 600w, https:\/\/www.blogdothame.blog.br\/v1\/wp-content\/uploads\/2025\/07\/fib-1-300x139.jpeg 300w\" sizes=\"(max-width: 421px) 100vw, 421px\" \/>Uma equipe t\u00e9cnica do Instituto Federal de Educa\u00e7\u00e3o, Ci\u00eancia e Tecnologia da Bahia apresentou na tarde desta ter\u00e7a-feira, dia 29, no audit\u00f3rio da UNEX, o projeto de interioriza\u00e7\u00e3o que prev\u00ea quatro novos campi nas cidades de Itabuna, Po\u00e7\u00f5es, Salvador (Cajazeiras) e Maca\u00fabas na Bahia.o semin\u00e1rio: \u201cA Expans\u00e3o da Rede Federal de Educa\u00e7\u00e3o, Cient\u00edfica e Tecnol\u00f3gica: desafios da interioriza\u00e7\u00e3o da Educa\u00e7\u00e3o Profissional no Brasil\u201d, no audit\u00f3rio da UNEX, centro de Itabuna.<\/p>\n<p><img loading=\"lazy\" class=\"aligncenter wp-image-178321\" src=\"https:\/\/www.blogdothame.blog.br\/v1\/wp-content\/uploads\/2025\/07\/fib-2.jpeg\" alt=\"\" width=\"300\" height=\"259\" srcset=\"https:\/\/www.blogdothame.blog.br\/v1\/wp-content\/uploads\/2025\/07\/fib-2.jpeg 600w, https:\/\/www.blogdothame.blog.br\/v1\/wp-content\/uploads\/2025\/07\/fib-2-300x259.jpeg 300w\" sizes=\"(max-width: 300px) 100vw, 300px\" \/><\/p>\n<p>Aberto \u00e0 participa\u00e7\u00e3oda sociedade civil, o evento reuniu secret\u00e1rios muncipais da Educa\u00e7\u00e3o, tecnicos de institui\u00e7oes de ensino superior, empres\u00e1rios, professores estudantes e representantes de movimentos sociais. A Prefeitura de Itabuna foi representada pelo secret\u00e1rios municipais Rosivaldo Pinheiro (Educa\u00e7\u00e3o), L\u00edvia Mendes Aguiar (Sa\u00fade), Luciano Veiga (Governo) e \u00f3 vice-prefeito Josu\u00e9 Brand\u00e3o J\u00fanior (Planejamento), que representou o prefeito Augusto Castro.<\/p>\n<p><img loading=\"lazy\" class=\"aligncenter wp-image-178322\" src=\"https:\/\/www.blogdothame.blog.br\/v1\/wp-content\/uploads\/2025\/07\/fib-3.jpeg\" alt=\"\" width=\"352\" height=\"234\" srcset=\"https:\/\/www.blogdothame.blog.br\/v1\/wp-content\/uploads\/2025\/07\/fib-3.jpeg 600w, https:\/\/www.blogdothame.blog.br\/v1\/wp-content\/uploads\/2025\/07\/fib-3-300x200.jpeg 300w\" sizes=\"(max-width: 352px) 100vw, 352px\" \/><\/p>\n<p>\u201cEstamos seguindo o padr\u00e3o do que tem acontecido em outros munic\u00edpios com a ntereririza\u00e7\u00e3o. Al\u00e9m de ter uma Portaria de uma Comiss\u00e3o, que vem trabalhando ekm v\u00e1rias frentes, h\u00e1 o di\u00e1logo cm a Prefeitura e a doa\u00e7\u00e3o de \u00e1rea de terra. Esse semin\u00e1rio antecede audi\u00eancia p\u00fablica audi\u00eancia p\u00fablica que vai acontecer mais \u00e0 frente. A gente vem fazemdo o planejamento para que o IFBA funcione de forma provis\u00f3ria at\u00e9 que constru\u00e7\u00e3o seja efetivada\u201d, disse o vice-prefeito.<\/p>\n<p><!--more--><\/p>\n<p>Segundo explicou, tamb\u00e9m est\u00e3o sendo realizadas avalia\u00e7\u00f5es or\u00e7ament\u00e1rias diante de cortes or\u00e7anent\u00e1rios e contingenciamentos pelo Governo Federal para que haja repasses e a obra seja licitada pelo IFBA. \u201cProvisoriamente, o campus deve funcionar ao lado do curso de Medicina da UNEX, na Avenida Jos\u00e9 Soares Pinheiro, estando as tratativas bastante adiantadas. O prefeito Augusto Castro tem solicitado o empenho de todos os secret\u00e1rios para que tudo aconte\u00e7a como planejado e as obras no terreno se iniciem\u201d, acrescentou.<\/p>\n<p>J\u00e1 o secret\u00e1rio municipal da Educa\u00e7\u00e3o, Rosivaldo Pinheiro, disse que essa escola t\u00e9cnica \u00e9 de grande import|\u00e2ncia na estrutura do p\u00f3lo educacional. \u201cEsse semin\u00e1rio \u00e9 mais um ponto positivo que a gest\u00e3o Augusto Castro participa porque \u00e9 o diagn\u00f3stico da compreens\u00e3o onde estamos e que precisa para avan\u00e7ar na constru\u00e7\u00e3o da educa\u00e7\u00e3o com vi\u00e9s social. A cidade tem a necessidade de aumentar a capacita\u00e7\u00e3o, o conhecimento e a evolu\u00e7\u00e3o da renda. Ent\u00e3o \u00e9 realmente, pol\u00edtica de inclus\u00e3o\u201d, afirmou.<\/p>\n<p>O semin\u00e1rio aconteceu um dia depois da cerim\u00f4nias de lan\u00e7amento da pedra fundamental do novo campus do Instituto Federal de Educa\u00e7\u00e3o, Ci\u00eancia e Tecnologia da Bahia (IFBA),. na acontecer\u00e1 na Avenida Ibicara\u00ed, Bairro Nova Itabuna (pr\u00f3ximo \u00e0 AFYA), como parte das comemora\u00e7\u00f5es pelo anivers\u00e1rio da cidade, que na segunda-feira, dia 28, completou 115 anos da emancipa\u00e7\u00e3o. O campus Itabuna integra a expans\u00e3o da Rede Federal de Educa\u00e7\u00e3o Profissional, Cient\u00edfica e Tecnol\u00f3gica, anunciada em mar\u00e7o de 2024, pelo presidente Luiz In\u00e1cio Lula da Silva.<\/p>\n<p>No pa\u00eds, ser\u00e3o criados100 novos Institutos Federais de Educa\u00e7\u00e3o, Ci\u00eancia e Tecnologia, incluindo os quatro novos na Bahia. Por meio de Portaria, a reitora do IFBA, Luzia Matos Mota, designou a servidora Graziela Ninck Dias Menezes, ocupante do cargo efetivo de Professor do Ensino B\u00e1sico, T\u00e9cnico e Tecnol\u00f3gico, coordena\u00e7\u00e3o dos trabalhos de implanta\u00e7\u00e3o do campus Itabuna.<\/p>\n","protected":false},"excerpt":{"rendered":"<p>Uma equipe t\u00e9cnica do Instituto Federal de Educa\u00e7\u00e3o, Ci\u00eancia e Tecnologia da Bahia apresentou na tarde desta ter\u00e7a-feira, dia 29, no audit\u00f3rio da UNEX, o projeto de interioriza\u00e7\u00e3o que prev\u00ea quatro novos campi nas cidades de Itabuna, Po\u00e7\u00f5es, Salvador (Cajazeiras) e Maca\u00fabas na Bahia.o semin\u00e1rio: \u201cA Expans\u00e3o da Rede Federal de Educa\u00e7\u00e3o, Cient\u00edfica e Tecnol\u00f3gica: [&hellip;]<\/p>\n","protected":false},"author":2,"featured_media":178320,"comment_status":"open","ping_status":"open","sticky":false,"template":"","format":"standard","meta":{"_links_to":"","_links_to_target":""},"categories":[33433],"tags":[40333,39],"_links":{"self":[{"href":"https:\/\/www.blogdothame.blog.br\/v1\/wp-json\/wp\/v2\/posts\/178319"}],"collection":[{"href":"https:\/\/www.blogdothame.blog.br\/v1\/wp-json\/wp\/v2\/posts"}],"about":[{"href":"https:\/\/www.blogdothame.blog.br\/v1\/wp-json\/wp\/v2\/types\/post"}],"author":[{"embeddable":true,"href":"https:\/\/www.blogdothame.blog.br\/v1\/wp-json\/wp\/v2\/users\/2"}],"replies":[{"embeddable":true,"href":"https:\/\/www.blogdothame.blog.br\/v1\/wp-json\/wp\/v2\/comments?post=178319"}],"version-history":[{"count":1,"href":"https:\/\/www.blogdothame.blog.br\/v1\/wp-json\/wp\/v2\/posts\/178319\/revisions"}],"predecessor-version":[{"id":178323,"href":"https:\/\/www.blogdothame.blog.br\/v1\/wp-json\/wp\/v2\/posts\/178319\/revisions\/178323"}],"wp:featuredmedia":[{"embeddable":true,"href":"https:\/\/www.blogdothame.blog.br\/v1\/wp-json\/wp\/v2\/media\/178320"}],"wp:attachment":[{"href":"https:\/\/www.blogdothame.blog.br\/v1\/wp-json\/wp\/v2\/media?parent=178319"}],"wp:term":[{"taxonomy":"category","embeddable":true,"href":"https:\/\/www.blogdothame.blog.br\/v1\/wp-json\/wp\/v2\/categories?post=178319"},{"taxonomy":"post_tag","embeddable":true,"href":"https:\/\/www.blogdothame.blog.br\/v1\/wp-json\/wp\/v2\/tags?post=178319"}],"curies":[{"name":"wp","href":"https:\/\/api.w.org\/{rel}","templated":true}]}}