{"id":178315,"date":"2025-07-30T11:00:58","date_gmt":"2025-07-30T14:00:58","guid":{"rendered":"https:\/\/www.blogdothame.blog.br\/v1\/?p=178315"},"modified":"2025-07-30T12:14:01","modified_gmt":"2025-07-30T15:14:01","slug":"karateca-baiano-conquista-ouro-no-pan-americano-de-karate-shotokan-no-espirito-santo","status":"publish","type":"post","link":"https:\/\/www.blogdothame.blog.br\/v1\/2025\/07\/30\/karateca-baiano-conquista-ouro-no-pan-americano-de-karate-shotokan-no-espirito-santo\/","title":{"rendered":"Karateca baiano conquista ouro no Pan-Americano de Karat\u00ea Shotokan, no Esp\u00edrito Santo"},"content":{"rendered":"<p><img loading=\"lazy\" class=\"aligncenter size-full wp-image-178316\" src=\"https:\/\/www.blogdothame.blog.br\/v1\/wp-content\/uploads\/2025\/07\/PHOTO-2025-07-29-18-34-41.jpg\" alt=\"\" width=\"320\" height=\"280\" srcset=\"https:\/\/www.blogdothame.blog.br\/v1\/wp-content\/uploads\/2025\/07\/PHOTO-2025-07-29-18-34-41.jpg 320w, https:\/\/www.blogdothame.blog.br\/v1\/wp-content\/uploads\/2025\/07\/PHOTO-2025-07-29-18-34-41-300x263.jpg 300w\" sizes=\"(max-width: 320px) 100vw, 320px\" \/>O karateca baiano Paulo S\u00e9rgio Nunes Pereira, natural de Salvador e radicado no oeste da Bahia, conquistou a medalha de ouro na categoria kumite s\u00eanior (44 a 49 anos) no 6\u00ba Campeonato Pan-Americano de Karat\u00ea Shotokan, realizado entre os dias 24 e 27 de julho, em Vit\u00f3ria (ES). A competi\u00e7\u00e3o reuniu cerca de 300 atletas de 10 pa\u00edses das Am\u00e9ricas, com disputas nas modalidades de kata e kumite, tanto individuais quanto em equipe.<\/p>\n<p><img loading=\"lazy\" class=\"aligncenter wp-image-178317\" src=\"https:\/\/www.blogdothame.blog.br\/v1\/wp-content\/uploads\/2025\/07\/PHOTO-2025-07-29-18-34-42.jpg\" alt=\"\" width=\"338\" height=\"331\" srcset=\"https:\/\/www.blogdothame.blog.br\/v1\/wp-content\/uploads\/2025\/07\/PHOTO-2025-07-29-18-34-42.jpg 563w, https:\/\/www.blogdothame.blog.br\/v1\/wp-content\/uploads\/2025\/07\/PHOTO-2025-07-29-18-34-42-300x293.jpg 300w\" sizes=\"(max-width: 338px) 100vw, 338px\" \/><\/p>\n<p>Al\u00e9m da medalha de ouro em sua categoria, Paulo conquistou prata na prova de kata em fam\u00edlia, ao lado dos filhos J\u00falio C\u00e9sar e \u00cdcaro Lu\u00eds, e ainda ficou em terceiro lugar no kata individual. J\u00falio e \u00cdcaro tamb\u00e9m conquistaram a medalha de prata no kumite por equipe, refor\u00e7ando o protagonismo da delega\u00e7\u00e3o baiana na competi\u00e7\u00e3o.<\/p>\n<p>Representando a Bahia, Paulo S\u00e9rgio se destacou entre os competidores internacionais. Ele \u00e9 fundador da Associa\u00e7\u00e3o de Karat\u00ea Tigres &amp; Drag\u00f5es, com atua\u00e7\u00e3o nos munic\u00edpios de S\u00e3o F\u00e9lix do Coribe e Santa Maria da Vit\u00f3ria, onde utiliza o karat\u00ea como ferramenta de educa\u00e7\u00e3o, disciplina e transforma\u00e7\u00e3o social. Ele integrou a delega\u00e7\u00e3o baiana composta por 48 atletas, que conquistaram diversas medalhas de ouro, prata e bronze no Pan-Americano.<\/p>\n<p><!--more--><\/p>\n<p>\u201cFoi uma emo\u00e7\u00e3o enorme conquistar essa medalha. Representar a Bahia e trazer esse ouro para nosso estado \u00e9 algo que me enche de orgulho\u201d, disse Paulo. \u201cEssa vit\u00f3ria n\u00e3o \u00e9 s\u00f3 minha, \u00e9 de todos os meus alunos, da minha fam\u00edlia, dos colegas que treinam comigo e da nossa comunidade que me apoia todos os dias\u201d, completou.<\/p>\n<p>O evento tamb\u00e9m contou com um semin\u00e1rio t\u00e9cnico internacional, ministrado por nomes de peso do karat\u00ea mundial, como Masao Kagawa, 9\u00ba DAN e instrutor-chefe da Japan Karate Shoto Federation (JKS), e Kosho Kanayama, 7\u00ba DAN e diretor nacional da JKS, elevando ainda mais o n\u00edvel t\u00e9cnico da competi\u00e7\u00e3o.<\/p>\n<p>Sobre a prova em fam\u00edlia, Paulo destacou a emo\u00e7\u00e3o e o reconhecimento conquistado diante de outros atletas.<\/p>\n<p>\u201cFicamos em segundo lugar, por apenas dois d\u00e9cimos, atr\u00e1s de uma fam\u00edlia do Chile, mas recebemos muitos elogios. Ganhei at\u00e9 camisas das delega\u00e7\u00f5es do Chile e da Argentina como lembran\u00e7a. Isso mostra que nosso trabalho est\u00e1 sendo reconhecido al\u00e9m das fronteiras\u201d, relatou.<\/p>\n<p>Agora, Paulo S\u00e9rgio Nunes Pereira se prepara para o Campeonato Nacional, previsto para outubro, no Maranh\u00e3o. Caso conquiste um novo p\u00f3dio, poder\u00e1 representar o Brasil no Campeonato Mundial de Karat\u00ea, com previs\u00e3o de realiza\u00e7\u00e3o ainda este ano, possivelmente tamb\u00e9m no Esp\u00edrito Santo.<\/p>\n","protected":false},"excerpt":{"rendered":"<p>O karateca baiano Paulo S\u00e9rgio Nunes Pereira, natural de Salvador e radicado no oeste da Bahia, conquistou a medalha de ouro na categoria kumite s\u00eanior (44 a 49 anos) no 6\u00ba Campeonato Pan-Americano de Karat\u00ea Shotokan, realizado entre os dias 24 e 27 de julho, em Vit\u00f3ria (ES). A competi\u00e7\u00e3o reuniu cerca de 300 atletas [&hellip;]<\/p>\n","protected":false},"author":2,"featured_media":178317,"comment_status":"open","ping_status":"open","sticky":false,"template":"","format":"standard","meta":{"_links_to":"","_links_to_target":""},"categories":[33436],"tags":[40332,1058,40331],"_links":{"self":[{"href":"https:\/\/www.blogdothame.blog.br\/v1\/wp-json\/wp\/v2\/posts\/178315"}],"collection":[{"href":"https:\/\/www.blogdothame.blog.br\/v1\/wp-json\/wp\/v2\/posts"}],"about":[{"href":"https:\/\/www.blogdothame.blog.br\/v1\/wp-json\/wp\/v2\/types\/post"}],"author":[{"embeddable":true,"href":"https:\/\/www.blogdothame.blog.br\/v1\/wp-json\/wp\/v2\/users\/2"}],"replies":[{"embeddable":true,"href":"https:\/\/www.blogdothame.blog.br\/v1\/wp-json\/wp\/v2\/comments?post=178315"}],"version-history":[{"count":1,"href":"https:\/\/www.blogdothame.blog.br\/v1\/wp-json\/wp\/v2\/posts\/178315\/revisions"}],"predecessor-version":[{"id":178318,"href":"https:\/\/www.blogdothame.blog.br\/v1\/wp-json\/wp\/v2\/posts\/178315\/revisions\/178318"}],"wp:featuredmedia":[{"embeddable":true,"href":"https:\/\/www.blogdothame.blog.br\/v1\/wp-json\/wp\/v2\/media\/178317"}],"wp:attachment":[{"href":"https:\/\/www.blogdothame.blog.br\/v1\/wp-json\/wp\/v2\/media?parent=178315"}],"wp:term":[{"taxonomy":"category","embeddable":true,"href":"https:\/\/www.blogdothame.blog.br\/v1\/wp-json\/wp\/v2\/categories?post=178315"},{"taxonomy":"post_tag","embeddable":true,"href":"https:\/\/www.blogdothame.blog.br\/v1\/wp-json\/wp\/v2\/tags?post=178315"}],"curies":[{"name":"wp","href":"https:\/\/api.w.org\/{rel}","templated":true}]}}