{"id":178269,"date":"2025-07-29T11:00:28","date_gmt":"2025-07-29T14:00:28","guid":{"rendered":"https:\/\/www.blogdothame.blog.br\/v1\/?p=178269"},"modified":"2025-07-29T08:33:23","modified_gmt":"2025-07-29T11:33:23","slug":"teatro-popular-de-ilheus-fara-duas-apresentacoes-de-espetaculo-infantil-na-8a-festa-literaria-de-ilheus","status":"publish","type":"post","link":"https:\/\/www.blogdothame.blog.br\/v1\/2025\/07\/29\/teatro-popular-de-ilheus-fara-duas-apresentacoes-de-espetaculo-infantil-na-8a-festa-literaria-de-ilheus\/","title":{"rendered":"Teatro Popular de Ilh\u00e9us far\u00e1 duas apresenta\u00e7\u00f5es de espet\u00e1culo infantil na 8\u00aa Festa Liter\u00e1ria de Ilh\u00e9us"},"content":{"rendered":"<p><img loading=\"lazy\" class=\"aligncenter wp-image-178270\" src=\"https:\/\/www.blogdothame.blog.br\/v1\/wp-content\/uploads\/2025\/07\/PHOTO-2025-07-28-11-08-15.jpg\" alt=\"\" width=\"446\" height=\"251\" srcset=\"https:\/\/www.blogdothame.blog.br\/v1\/wp-content\/uploads\/2025\/07\/PHOTO-2025-07-28-11-08-15.jpg 600w, https:\/\/www.blogdothame.blog.br\/v1\/wp-content\/uploads\/2025\/07\/PHOTO-2025-07-28-11-08-15-300x169.jpg 300w\" sizes=\"(max-width: 446px) 100vw, 446px\" \/>O Teatro Popular de Ilh\u00e9us (TPI) marca presen\u00e7a na 8\u00aa Festa Liter\u00e1ria de Ilh\u00e9us (FLI) com duas apresenta\u00e7\u00f5es do musical A Aventura de Mari\u00e1 e Murici, nesta\u00a0 ter\u00e7a (29) e quarta-feira (30), sempre \u00e0s 16h, na Pra\u00e7a Dom Eduardo (Pra\u00e7a da Catedral).<\/p>\n<p>Voltado especialmente para o p\u00fablico infantil \u2014 mas encantador para todas as idades \u2014 o espet\u00e1culo \u00e9 uma celebra\u00e7\u00e3o da imagina\u00e7\u00e3o, da amizade e da rela\u00e7\u00e3o harmoniosa com o meio ambiente. A hist\u00f3ria \u00e9 contada por meio de uma envolvente narra\u00e7\u00e3o e can\u00e7\u00f5es que embalam a trama, conduzindo o p\u00fablico por uma experi\u00eancia sensorial e afetiva.<\/p>\n<p><img loading=\"lazy\" class=\"aligncenter wp-image-178271\" src=\"https:\/\/www.blogdothame.blog.br\/v1\/wp-content\/uploads\/2025\/07\/PHOTO-2025-07-28-11-08-16.jpg\" alt=\"\" width=\"408\" height=\"230\" srcset=\"https:\/\/www.blogdothame.blog.br\/v1\/wp-content\/uploads\/2025\/07\/PHOTO-2025-07-28-11-08-16.jpg 600w, https:\/\/www.blogdothame.blog.br\/v1\/wp-content\/uploads\/2025\/07\/PHOTO-2025-07-28-11-08-16-300x169.jpg 300w\" sizes=\"(max-width: 408px) 100vw, 408px\" \/><\/p>\n<p>A pe\u00e7a acompanha Mari\u00e1, uma menina curiosa e corajosa, e seu insepar\u00e1vel amigo Murici, um esperto can\u00e1rio-da-terra amarelinho, em uma jornada repleta de descobertas, criaturas m\u00e1gicas e mensagens que atravessam o universo da inf\u00e2ncia com delicadeza e poesia.<\/p>\n<p>Na busca pela fam\u00edlia do passarinho, os protagonistas \u2014 representados por bonecos \u2014 enfrentam desafios que exigem empatia, coragem e respeito \u00e0 natureza, valores que se entrela\u00e7am \u00e0 narrativa com leveza e encantamento.<\/p>\n<p><!--more--><\/p>\n<p>\u201cA gente quis construir um espet\u00e1culo que provocasse nas crian\u00e7as, e tamb\u00e9m nos adultos, a vontade de imaginar e de sonhar. Mari\u00e1 e Murici s\u00e3o como sementes que plantamos nos cora\u00e7\u00f5es para cultivar a amizade, o cuidado com o outro e com o mundo\u201d, afirma o diretor e dramaturgo do TPI, Romualdo Lisboa.<\/p>\n<p>Festa liter\u00e1ria &#8211; As apresenta\u00e7\u00f5es integram a programa\u00e7\u00e3o da 8\u00aa FLI, que acontece de 29 a 31 de julho, reunindo escritores, artistas e o p\u00fablico em geral em torno da literatura e suas conex\u00f5es com educa\u00e7\u00e3o, inclus\u00e3o e liberdade.<\/p>\n<p>Al\u00e9m de homenagens a importantes nomes da cultura regional como Elvira Foeppel, Jorge Medauar, Adonias Filho, Andr\u00e9 Rosa e Mestre Virg\u00edlio, a Festa tamb\u00e9m celebra o lan\u00e7amento do Pr\u00eamio Sos\u00edgenes Costa de Poesia.<\/p>\n<p>Com atividades distribu\u00eddas por diversos espa\u00e7os do centro hist\u00f3rico de Ilh\u00e9us \u2014 como o Teatro Municipal, a Academia de Letras, a Rua Jorge Amado e a Pra\u00e7a Pedro Mattos \u2014, a FLI reafirma seu papel como um dos mais importantes encontros culturais da Bahia, promovendo o di\u00e1logo entre tradi\u00e7\u00e3o e contemporaneidade.<\/p>\n<p>Sobre o TPI \u2013 Fundado em 1995, o Teatro Popular de Ilh\u00e9us \u00e9 refer\u00eancia no teatro baiano e nacional. \u00c9 uma institui\u00e7\u00e3o cultural privada, parcialmente financiada pelo programa de A\u00e7\u00f5es Continuadas da Secretaria de Cultura da Bahia, com recursos do Fundo de Cultura e do Governo do Estado.<\/p>\n<p>Atualmente, o TPI est\u00e1 sediado temporariamente nas instala\u00e7\u00f5es da UESC, em parceria realizada por meio da Pr\u00f3-Reitoria de Extens\u00e3o, Departamento de Letras, N\u00facleo de Artes e Observat\u00f3rio Astron\u00f4mico da UESC.<\/p>\n<p>(Fotos Yordan Bosco)<\/p>\n","protected":false},"excerpt":{"rendered":"<p>O Teatro Popular de Ilh\u00e9us (TPI) marca presen\u00e7a na 8\u00aa Festa Liter\u00e1ria de Ilh\u00e9us (FLI) com duas apresenta\u00e7\u00f5es do musical A Aventura de Mari\u00e1 e Murici, nesta\u00a0 ter\u00e7a (29) e quarta-feira (30), sempre \u00e0s 16h, na Pra\u00e7a Dom Eduardo (Pra\u00e7a da Catedral). Voltado especialmente para o p\u00fablico infantil \u2014 mas encantador para todas as idades [&hellip;]<\/p>\n","protected":false},"author":2,"featured_media":178270,"comment_status":"open","ping_status":"open","sticky":false,"template":"","format":"standard","meta":{"_links_to":"","_links_to_target":""},"categories":[33434],"tags":[40320,1756],"_links":{"self":[{"href":"https:\/\/www.blogdothame.blog.br\/v1\/wp-json\/wp\/v2\/posts\/178269"}],"collection":[{"href":"https:\/\/www.blogdothame.blog.br\/v1\/wp-json\/wp\/v2\/posts"}],"about":[{"href":"https:\/\/www.blogdothame.blog.br\/v1\/wp-json\/wp\/v2\/types\/post"}],"author":[{"embeddable":true,"href":"https:\/\/www.blogdothame.blog.br\/v1\/wp-json\/wp\/v2\/users\/2"}],"replies":[{"embeddable":true,"href":"https:\/\/www.blogdothame.blog.br\/v1\/wp-json\/wp\/v2\/comments?post=178269"}],"version-history":[{"count":3,"href":"https:\/\/www.blogdothame.blog.br\/v1\/wp-json\/wp\/v2\/posts\/178269\/revisions"}],"predecessor-version":[{"id":178283,"href":"https:\/\/www.blogdothame.blog.br\/v1\/wp-json\/wp\/v2\/posts\/178269\/revisions\/178283"}],"wp:featuredmedia":[{"embeddable":true,"href":"https:\/\/www.blogdothame.blog.br\/v1\/wp-json\/wp\/v2\/media\/178270"}],"wp:attachment":[{"href":"https:\/\/www.blogdothame.blog.br\/v1\/wp-json\/wp\/v2\/media?parent=178269"}],"wp:term":[{"taxonomy":"category","embeddable":true,"href":"https:\/\/www.blogdothame.blog.br\/v1\/wp-json\/wp\/v2\/categories?post=178269"},{"taxonomy":"post_tag","embeddable":true,"href":"https:\/\/www.blogdothame.blog.br\/v1\/wp-json\/wp\/v2\/tags?post=178269"}],"curies":[{"name":"wp","href":"https:\/\/api.w.org\/{rel}","templated":true}]}}