{"id":178042,"date":"2025-07-23T06:00:48","date_gmt":"2025-07-23T09:00:48","guid":{"rendered":"https:\/\/www.blogdothame.blog.br\/v1\/?p=178042"},"modified":"2025-07-23T09:30:57","modified_gmt":"2025-07-23T12:30:57","slug":"morte-de-preta-gil-chama-atencao-do-cancer-colorretal","status":"publish","type":"post","link":"https:\/\/www.blogdothame.blog.br\/v1\/2025\/07\/23\/morte-de-preta-gil-chama-atencao-do-cancer-colorretal\/","title":{"rendered":"Morte de Preta Gil chama aten\u00e7\u00e3o do c\u00e2ncer colorretal"},"content":{"rendered":"<p style=\"text-align: center;\"><strong>Nos \u00faltimos anos, estudos v\u00eam demonstrando um aumento <\/strong><\/p>\n<p style=\"text-align: center;\"><strong>preocupante nos casos diagnosticados em pessoas com menos de 50 anos<\/strong><\/p>\n<p>&nbsp;<\/p>\n<div id=\"attachment_178043\" style=\"width: 245px\" class=\"wp-caption alignright\"><img aria-describedby=\"caption-attachment-178043\" loading=\"lazy\" class=\" wp-image-178043\" src=\"https:\/\/www.blogdothame.blog.br\/v1\/wp-content\/uploads\/2025\/07\/PHOTO-2025-07-22-19-14-07.jpg\" alt=\"\" width=\"235\" height=\"275\" srcset=\"https:\/\/www.blogdothame.blog.br\/v1\/wp-content\/uploads\/2025\/07\/PHOTO-2025-07-22-19-14-07.jpg 384w, https:\/\/www.blogdothame.blog.br\/v1\/wp-content\/uploads\/2025\/07\/PHOTO-2025-07-22-19-14-07-257x300.jpg 257w\" sizes=\"(max-width: 235px) 100vw, 235px\" \/><p id=\"caption-attachment-178043\" class=\"wp-caption-text\">Dra. Glicia Abreu<\/p><\/div>\n<p>A morte da cantora Preta Gil, aos 50 anos , v\u00edtima de c\u00e2ncer colorretal \u00e9 um alerta importante para todos n\u00f3s: o c\u00e2ncer colorretal n\u00e3o \u00e9 mais uma doen\u00e7a que afeta apenas os mais velhos. Nos \u00faltimos anos, estudos v\u00eam demonstrando um aumento preocupante nos casos diagnosticados em pessoas com menos de 50 anos. Em v\u00e1rios pa\u00edses, incluindo o Brasil, a incid\u00eancia entre jovens cresce cerca de 2% ao ano \u2014 mesmo enquanto a taxa total da doen\u00e7a diminui entre os mais velhos, gra\u00e7as ao rastreamento preventivo.<\/p>\n<p>N\u00e3o h\u00e1 uma causa \u00fanica para explicar essa tend\u00eancia. \u201cFatores como sedentarismo, obesidade, dieta rica em carnes processadas e pobre em fibras, consumo excessivo de \u00e1lcool e tabagismo aumentam o risco de desenvolver c\u00e2ncer colorretal\u201d, afirma a coloproctologista Gl\u00edcia Abreu.<\/p>\n<p>Doen\u00e7as inflamat\u00f3rias intestinais, como a retocolite ulcerativa e a doen\u00e7a de Crohn, e s\u00edndromes gen\u00e9ticas heredit\u00e1rias tamb\u00e9m est\u00e3o associadas ao aparecimento precoce da doen\u00e7a.<\/p>\n<p>No entanto, o que mais preocupa \u00e9 que cerca de metade dos casos em jovens n\u00e3o apresenta nenhuma predisposi\u00e7\u00e3o gen\u00e9tica ou hist\u00f3rico familiar, o que dificulta a detec\u00e7\u00e3o precoce, refor\u00e7a Glicia.<\/p>\n<p><!--more--><\/p>\n<p>Entre os principais sintomas est\u00e3o o sangramento nas fezes, dor abdominal frequente, altera\u00e7\u00f5es persistentes do h\u00e1bito intestinal (como diarreia ou constipa\u00e7\u00e3o), perda de peso sem explica\u00e7\u00e3o, sensa\u00e7\u00e3o de evacua\u00e7\u00e3o incompleta e cansa\u00e7o excessivo.<br \/>\n\u201cInfelizmente, muitos desses sinais s\u00e3o atribu\u00eddos a causas benignas ou ignorados tanto por pacientes quanto por profissionais de sa\u00fade, o que contribui para que o diagn\u00f3stico ocorra, em grande parte dos casos, j\u00e1 em est\u00e1gios avan\u00e7ados da doen\u00e7a\u201d , alerta Glicia.<\/p>\n<p>Entre os pacientes com menos de 50 anos, mais de 60% s\u00e3o diagnosticados nos est\u00e1gios III ou IV. Diante desse cen\u00e1rio, a recomenda\u00e7\u00e3o oficial para rastreamento do c\u00e2ncer colorretal no Brasil foi atualizada: agora, a triagem deve come\u00e7ar aos 45 anos, mesmo para pessoas sem sintomas ou hist\u00f3rico familiar.<\/p>\n<p>A colonoscopia continua sendo o exame mais completo, pois permite detectar e remover les\u00f5es antes que se tornem c\u00e2ncer. Existem tamb\u00e9m exames menos invasivos, como os testes de sangue oculto nas fezes, que servem como alternativa inicial para quem ainda n\u00e3o pode fazer a colonoscopia.<\/p>\n<p>Al\u00e9m do rastreamento, a preven\u00e7\u00e3o depende de h\u00e1bitos saud\u00e1veis: manter uma dieta equilibrada, rica em fibras e pobre em carnes processadas, praticar atividade f\u00edsica regularmente, manter o peso adequado, evitar o fumo e o consumo excessivo de \u00e1lcool s\u00e3o medidas eficazes para reduzir o risco da doen\u00e7a. Ainda assim, mesmo quem leva uma vida saud\u00e1vel deve prestar aten\u00e7\u00e3o aos sinais do corpo e buscar ajuda m\u00e9dica sempre que notar algo diferente.<\/p>\n<p>A trajet\u00f3ria de Preta Gil escancarou uma realidade ainda pouco discutida: o c\u00e2ncer colorretal pode sim atingir pessoas jovens. E sua luta p\u00fablica trouxe visibilidade a uma doen\u00e7a que ainda \u00e9 cercada de sil\u00eancio. A mensagem que fica \u00e9 clara: n\u00e3o ignore sintomas, n\u00e3o adie exames e n\u00e3o subestime os sinais do seu corpo. Diagn\u00f3stico precoce salva vidas. E, diante de um cen\u00e1rio que vem mudando t\u00e3o rapidamente, informa\u00e7\u00e3o e preven\u00e7\u00e3o s\u00e3o as melhores formas de se proteger, conclui Gl\u00edcia.<\/p>\n","protected":false},"excerpt":{"rendered":"<p>Nos \u00faltimos anos, estudos v\u00eam demonstrando um aumento preocupante nos casos diagnosticados em pessoas com menos de 50 anos &nbsp; A morte da cantora Preta Gil, aos 50 anos , v\u00edtima de c\u00e2ncer colorretal \u00e9 um alerta importante para todos n\u00f3s: o c\u00e2ncer colorretal n\u00e3o \u00e9 mais uma doen\u00e7a que afeta apenas os mais velhos. [&hellip;]<\/p>\n","protected":false},"author":2,"featured_media":178043,"comment_status":"open","ping_status":"open","sticky":false,"template":"","format":"standard","meta":{"_links_to":"","_links_to_target":""},"categories":[33435],"tags":[40272,14098],"_links":{"self":[{"href":"https:\/\/www.blogdothame.blog.br\/v1\/wp-json\/wp\/v2\/posts\/178042"}],"collection":[{"href":"https:\/\/www.blogdothame.blog.br\/v1\/wp-json\/wp\/v2\/posts"}],"about":[{"href":"https:\/\/www.blogdothame.blog.br\/v1\/wp-json\/wp\/v2\/types\/post"}],"author":[{"embeddable":true,"href":"https:\/\/www.blogdothame.blog.br\/v1\/wp-json\/wp\/v2\/users\/2"}],"replies":[{"embeddable":true,"href":"https:\/\/www.blogdothame.blog.br\/v1\/wp-json\/wp\/v2\/comments?post=178042"}],"version-history":[{"count":1,"href":"https:\/\/www.blogdothame.blog.br\/v1\/wp-json\/wp\/v2\/posts\/178042\/revisions"}],"predecessor-version":[{"id":178044,"href":"https:\/\/www.blogdothame.blog.br\/v1\/wp-json\/wp\/v2\/posts\/178042\/revisions\/178044"}],"wp:featuredmedia":[{"embeddable":true,"href":"https:\/\/www.blogdothame.blog.br\/v1\/wp-json\/wp\/v2\/media\/178043"}],"wp:attachment":[{"href":"https:\/\/www.blogdothame.blog.br\/v1\/wp-json\/wp\/v2\/media?parent=178042"}],"wp:term":[{"taxonomy":"category","embeddable":true,"href":"https:\/\/www.blogdothame.blog.br\/v1\/wp-json\/wp\/v2\/categories?post=178042"},{"taxonomy":"post_tag","embeddable":true,"href":"https:\/\/www.blogdothame.blog.br\/v1\/wp-json\/wp\/v2\/tags?post=178042"}],"curies":[{"name":"wp","href":"https:\/\/api.w.org\/{rel}","templated":true}]}}