{"id":177835,"date":"2025-07-16T15:30:57","date_gmt":"2025-07-16T18:30:57","guid":{"rendered":"https:\/\/www.blogdothame.blog.br\/v1\/?p=177835"},"modified":"2025-07-16T10:20:56","modified_gmt":"2025-07-16T13:20:56","slug":"embasa-fara-cronograma-para-resolver-problemas-historicos-de-saneamento-em-itacare","status":"publish","type":"post","link":"https:\/\/www.blogdothame.blog.br\/v1\/2025\/07\/16\/embasa-fara-cronograma-para-resolver-problemas-historicos-de-saneamento-em-itacare\/","title":{"rendered":"Embasa garante solucionar problemas hist\u00f3ricos de saneamento em Itacar\u00e9"},"content":{"rendered":"<p><img loading=\"lazy\" class=\"aligncenter wp-image-177836\" src=\"https:\/\/www.blogdothame.blog.br\/v1\/wp-content\/uploads\/2025\/07\/PHOTO-2025-07-15-17-41-05.jpg\" alt=\"\" width=\"393\" height=\"295\" srcset=\"https:\/\/www.blogdothame.blog.br\/v1\/wp-content\/uploads\/2025\/07\/PHOTO-2025-07-15-17-41-05.jpg 600w, https:\/\/www.blogdothame.blog.br\/v1\/wp-content\/uploads\/2025\/07\/PHOTO-2025-07-15-17-41-05-300x225.jpg 300w\" sizes=\"(max-width: 393px) 100vw, 393px\" \/>O superintendente de Opera\u00e7\u00e3o Sul da Embasa, Manuel Mateus, esteve em Itacar\u00e9 nesta ter\u00e7a-feira (15) em agenda oficial com o prefeito Nego de Saronga e secret\u00e1rios municipais, para tratar de solu\u00e7\u00f5es para os problemas de saneamento b\u00e1sico na cidade.<\/p>\n<p><img loading=\"lazy\" class=\"aligncenter wp-image-177837\" src=\"https:\/\/www.blogdothame.blog.br\/v1\/wp-content\/uploads\/2025\/07\/PHOTO-2025-07-15-17-41-08.jpg\" alt=\"\" width=\"390\" height=\"292\" srcset=\"https:\/\/www.blogdothame.blog.br\/v1\/wp-content\/uploads\/2025\/07\/PHOTO-2025-07-15-17-41-08.jpg 600w, https:\/\/www.blogdothame.blog.br\/v1\/wp-content\/uploads\/2025\/07\/PHOTO-2025-07-15-17-41-08-300x225.jpg 300w\" sizes=\"(max-width: 390px) 100vw, 390px\" \/><\/p>\n<p>Acompanhado de uma equipe t\u00e9cnica, o superintendente percorreu diversos pontos do munic\u00edpio, como a orla de Itacar\u00e9, Rua do Bairro S\u00e3o Miguel, Rua do Angelim, Bairro Santo Ant\u00f4nio, Vila Marambaia e o distrito de Taboquinhas, com o objetivo de avaliar as demandas in loco e definir a\u00e7\u00f5es priorit\u00e1rias. Participaram da agenda a secret\u00e1ria de Desenvolvimento Urbano, Len\u00e9cia Freitas; o secret\u00e1rio de Meio Ambiente, Marcos Luedy; o secret\u00e1rio de Turismo, Marcos Japu; e o secret\u00e1rio de Comunica\u00e7\u00e3o, Albert Queiroz.<\/p>\n<p><!--more--><\/p>\n<p>A visita t\u00e9cnica \u00e9 um desdobramento da reuni\u00e3o realizada na semana passada, em Salvador, entre o prefeito Nego de Saronga, o deputado federal Jorge Solla e o presidente da Embasa, Gildeone Almeida. Na ocasi\u00e3o, foram discutidos projetos para solucionar pend\u00eancias hist\u00f3ricas no saneamento b\u00e1sico e ampliar o fornecimento de \u00e1gua tratada para comunidades que ainda n\u00e3o contam com o servi\u00e7o.<\/p>\n<p><img loading=\"lazy\" class=\"aligncenter wp-image-177838\" src=\"https:\/\/www.blogdothame.blog.br\/v1\/wp-content\/uploads\/2025\/07\/PHOTO-2025-07-15-17-41-06.jpg\" alt=\"\" width=\"383\" height=\"283\" srcset=\"https:\/\/www.blogdothame.blog.br\/v1\/wp-content\/uploads\/2025\/07\/PHOTO-2025-07-15-17-41-06.jpg 572w, https:\/\/www.blogdothame.blog.br\/v1\/wp-content\/uploads\/2025\/07\/PHOTO-2025-07-15-17-41-06-300x222.jpg 300w\" sizes=\"(max-width: 383px) 100vw, 383px\" \/><\/p>\n<p>\u201cEstamos acompanhando cada etapa para garantir que as a\u00e7\u00f5es saiam do papel. Nosso compromisso \u00e9 ampliar o acesso ao saneamento, resolver problemas que se arrastam h\u00e1 anos e levar \u00e1gua tratada a toda a popula\u00e7\u00e3o de Itacar\u00e9\u201d, destacou o prefeito Nego de Saronga.<\/p>\n","protected":false},"excerpt":{"rendered":"<p>O superintendente de Opera\u00e7\u00e3o Sul da Embasa, Manuel Mateus, esteve em Itacar\u00e9 nesta ter\u00e7a-feira (15) em agenda oficial com o prefeito Nego de Saronga e secret\u00e1rios municipais, para tratar de solu\u00e7\u00f5es para os problemas de saneamento b\u00e1sico na cidade. Acompanhado de uma equipe t\u00e9cnica, o superintendente percorreu diversos pontos do munic\u00edpio, como a orla de [&hellip;]<\/p>\n","protected":false},"author":2,"featured_media":177836,"comment_status":"open","ping_status":"open","sticky":false,"template":"","format":"standard","meta":{"_links_to":"","_links_to_target":""},"categories":[33433],"tags":[7913,2992,991],"_links":{"self":[{"href":"https:\/\/www.blogdothame.blog.br\/v1\/wp-json\/wp\/v2\/posts\/177835"}],"collection":[{"href":"https:\/\/www.blogdothame.blog.br\/v1\/wp-json\/wp\/v2\/posts"}],"about":[{"href":"https:\/\/www.blogdothame.blog.br\/v1\/wp-json\/wp\/v2\/types\/post"}],"author":[{"embeddable":true,"href":"https:\/\/www.blogdothame.blog.br\/v1\/wp-json\/wp\/v2\/users\/2"}],"replies":[{"embeddable":true,"href":"https:\/\/www.blogdothame.blog.br\/v1\/wp-json\/wp\/v2\/comments?post=177835"}],"version-history":[{"count":2,"href":"https:\/\/www.blogdothame.blog.br\/v1\/wp-json\/wp\/v2\/posts\/177835\/revisions"}],"predecessor-version":[{"id":177845,"href":"https:\/\/www.blogdothame.blog.br\/v1\/wp-json\/wp\/v2\/posts\/177835\/revisions\/177845"}],"wp:featuredmedia":[{"embeddable":true,"href":"https:\/\/www.blogdothame.blog.br\/v1\/wp-json\/wp\/v2\/media\/177836"}],"wp:attachment":[{"href":"https:\/\/www.blogdothame.blog.br\/v1\/wp-json\/wp\/v2\/media?parent=177835"}],"wp:term":[{"taxonomy":"category","embeddable":true,"href":"https:\/\/www.blogdothame.blog.br\/v1\/wp-json\/wp\/v2\/categories?post=177835"},{"taxonomy":"post_tag","embeddable":true,"href":"https:\/\/www.blogdothame.blog.br\/v1\/wp-json\/wp\/v2\/tags?post=177835"}],"curies":[{"name":"wp","href":"https:\/\/api.w.org\/{rel}","templated":true}]}}