{"id":177719,"date":"2025-07-15T18:48:50","date_gmt":"2025-07-15T21:48:50","guid":{"rendered":"https:\/\/www.blogdothame.blog.br\/v1\/?p=177719"},"modified":"2025-07-15T14:58:22","modified_gmt":"2025-07-15T17:58:22","slug":"a-assembleia-nacional-francesa","status":"publish","type":"post","link":"https:\/\/www.blogdothame.blog.br\/v1\/2025\/07\/15\/a-assembleia-nacional-francesa\/","title":{"rendered":"A  Assembl\u00e9ia Nacional Francesa"},"content":{"rendered":"<p><img loading=\"lazy\" class=\"aligncenter wp-image-177720\" src=\"https:\/\/www.blogdothame.blog.br\/v1\/wp-content\/uploads\/2025\/07\/PHOTO-2025-07-12-09-59-33-2.jpg\" alt=\"\" width=\"376\" height=\"212\" srcset=\"https:\/\/www.blogdothame.blog.br\/v1\/wp-content\/uploads\/2025\/07\/PHOTO-2025-07-12-09-59-33-2.jpg 600w, https:\/\/www.blogdothame.blog.br\/v1\/wp-content\/uploads\/2025\/07\/PHOTO-2025-07-12-09-59-33-2-300x169.jpg 300w\" sizes=\"(max-width: 376px) 100vw, 376px\" \/><\/p>\n<p style=\"text-align: right;\"><strong>Maz\u00e9 Torquato<\/strong><\/p>\n<p>Hoje vou mostrar pra voc\u00eas alguns aspectos do pr\u00e9dio da Assembleia Nacional Francesa: o Pal\u00e1cio Bourbon (Palais Bourbon). Situado na margem esquerda do rio Sena, de frente para a Place de la Concorde, o pal\u00e1cio teve sua constru\u00e7\u00e3o iniciada em 1722 para abrigar Louise Fran\u00e7oise de Bourbon, filha legitimada do rei Lu\u00eds XIV com Madame de Montespan.<\/p>\n<p><img loading=\"lazy\" class=\"aligncenter wp-image-177721\" src=\"https:\/\/www.blogdothame.blog.br\/v1\/wp-content\/uploads\/2025\/07\/PHOTO-2025-07-12-09-59-33.jpg\" alt=\"\" width=\"231\" height=\"411\" srcset=\"https:\/\/www.blogdothame.blog.br\/v1\/wp-content\/uploads\/2025\/07\/PHOTO-2025-07-12-09-59-33.jpg 309w, https:\/\/www.blogdothame.blog.br\/v1\/wp-content\/uploads\/2025\/07\/PHOTO-2025-07-12-09-59-33-169x300.jpg 169w\" sizes=\"(max-width: 231px) 100vw, 231px\" \/><\/p>\n<p>Originalmente uma resid\u00eancia aristocr\u00e1tica privada, o pr\u00e9dio foi confiscado como bem nacional durante a Revolu\u00e7\u00e3o Francesa. Desde 1795, tornou-se oficialmente a sede do Conseil des Cinq-Cents (Conselho dos Quinhentos), uma das c\u00e2maras do Diret\u00f3rio \u2014 ou seja, desde ent\u00e3o, \u00e9 um local de exerc\u00edcio do poder legislativo.<\/p>\n<p>O projeto arquitet\u00f4nico inicial foi de Giacomo Garibaldi, sendo posteriormente completado por outros arquitetos. A fachada neocl\u00e1ssica atual foi desejada por Napole\u00e3o Bonaparte, para que o edif\u00edcio tivesse um aspecto mais \u201cromano\u201d e condizente com a dignidade do poder legislativo. Assim, em 1806, o arquiteto Bernard Poyet projetou a famosa fachada com 12 colunas cor\u00edntias, inspirada no Pante\u00e3o de Roma. A escadaria monumental foi conclu\u00edda em 1830.<\/p>\n<p><img loading=\"lazy\" class=\"aligncenter wp-image-177721\" src=\"https:\/\/www.blogdothame.blog.br\/v1\/wp-content\/uploads\/2025\/07\/PHOTO-2025-07-12-09-59-33.jpg\" alt=\"\" width=\"231\" height=\"411\" srcset=\"https:\/\/www.blogdothame.blog.br\/v1\/wp-content\/uploads\/2025\/07\/PHOTO-2025-07-12-09-59-33.jpg 309w, https:\/\/www.blogdothame.blog.br\/v1\/wp-content\/uploads\/2025\/07\/PHOTO-2025-07-12-09-59-33-169x300.jpg 169w\" sizes=\"(max-width: 231px) 100vw, 231px\" \/><\/p>\n<p>Hoje, o pal\u00e1cio abriga os 577 deputados franceses eleitos por sufr\u00e1gio direto.<br \/>\nSeu patrim\u00f4nio hist\u00f3rico \u00e9 de grande import\u00e2ncia e pode ser visitado. Basta acessar o site da Assembleia Nacional Francesa e agendar um hor\u00e1rio.<\/p>\n<p><!--more--><\/p>\n<p><img loading=\"lazy\" class=\"aligncenter size-full wp-image-177722\" src=\"https:\/\/www.blogdothame.blog.br\/v1\/wp-content\/uploads\/2025\/07\/PHOTO-2025-07-12-09-59-34.jpg\" alt=\"\" width=\"309\" height=\"550\" srcset=\"https:\/\/www.blogdothame.blog.br\/v1\/wp-content\/uploads\/2025\/07\/PHOTO-2025-07-12-09-59-34.jpg 309w, https:\/\/www.blogdothame.blog.br\/v1\/wp-content\/uploads\/2025\/07\/PHOTO-2025-07-12-09-59-34-169x300.jpg 169w\" sizes=\"(max-width: 309px) 100vw, 309px\" \/>No seu interior, \u00e9 poss\u00edvel ver sal\u00f5es suntuosos, obras de arte, afrescos e, claro, o famoso Hemicycle \u2014 a sala semicircular das sess\u00f5es \u2014 que se encontra no cora\u00e7\u00e3o do edif\u00edcio legislativo.<br \/>\nA biblioteca, recentemente renovada, merece destaque. \u00c9 uma maravilha, com obras de Delacroix restauradas, que agora refletem novamente suas cores e luzes.<\/p>\n","protected":false},"excerpt":{"rendered":"<p>Maz\u00e9 Torquato Hoje vou mostrar pra voc\u00eas alguns aspectos do pr\u00e9dio da Assembleia Nacional Francesa: o Pal\u00e1cio Bourbon (Palais Bourbon). Situado na margem esquerda do rio Sena, de frente para a Place de la Concorde, o pal\u00e1cio teve sua constru\u00e7\u00e3o iniciada em 1722 para abrigar Louise Fran\u00e7oise de Bourbon, filha legitimada do rei Lu\u00eds XIV [&hellip;]<\/p>\n","protected":false},"author":2,"featured_media":177720,"comment_status":"open","ping_status":"open","sticky":false,"template":"","format":"standard","meta":{"_links_to":"","_links_to_target":""},"categories":[1],"tags":[40215,21397],"_links":{"self":[{"href":"https:\/\/www.blogdothame.blog.br\/v1\/wp-json\/wp\/v2\/posts\/177719"}],"collection":[{"href":"https:\/\/www.blogdothame.blog.br\/v1\/wp-json\/wp\/v2\/posts"}],"about":[{"href":"https:\/\/www.blogdothame.blog.br\/v1\/wp-json\/wp\/v2\/types\/post"}],"author":[{"embeddable":true,"href":"https:\/\/www.blogdothame.blog.br\/v1\/wp-json\/wp\/v2\/users\/2"}],"replies":[{"embeddable":true,"href":"https:\/\/www.blogdothame.blog.br\/v1\/wp-json\/wp\/v2\/comments?post=177719"}],"version-history":[{"count":1,"href":"https:\/\/www.blogdothame.blog.br\/v1\/wp-json\/wp\/v2\/posts\/177719\/revisions"}],"predecessor-version":[{"id":177723,"href":"https:\/\/www.blogdothame.blog.br\/v1\/wp-json\/wp\/v2\/posts\/177719\/revisions\/177723"}],"wp:featuredmedia":[{"embeddable":true,"href":"https:\/\/www.blogdothame.blog.br\/v1\/wp-json\/wp\/v2\/media\/177720"}],"wp:attachment":[{"href":"https:\/\/www.blogdothame.blog.br\/v1\/wp-json\/wp\/v2\/media?parent=177719"}],"wp:term":[{"taxonomy":"category","embeddable":true,"href":"https:\/\/www.blogdothame.blog.br\/v1\/wp-json\/wp\/v2\/categories?post=177719"},{"taxonomy":"post_tag","embeddable":true,"href":"https:\/\/www.blogdothame.blog.br\/v1\/wp-json\/wp\/v2\/tags?post=177719"}],"curies":[{"name":"wp","href":"https:\/\/api.w.org\/{rel}","templated":true}]}}