{"id":177643,"date":"2025-07-11T14:58:11","date_gmt":"2025-07-11T17:58:11","guid":{"rendered":"https:\/\/www.blogdothame.blog.br\/v1\/?p=177643"},"modified":"2025-07-11T14:58:11","modified_gmt":"2025-07-11T17:58:11","slug":"reunioes-com-escolas-do-estado-e-do-municipio-definem-prioridades-da-educacao-no-conjunto-penal-de-itabuna","status":"publish","type":"post","link":"https:\/\/www.blogdothame.blog.br\/v1\/2025\/07\/11\/reunioes-com-escolas-do-estado-e-do-municipio-definem-prioridades-da-educacao-no-conjunto-penal-de-itabuna\/","title":{"rendered":"Reuni\u00f5es com escolas do Estado e do Munic\u00edpio definem prioridades da educa\u00e7\u00e3o no Conjunto Penal de Itabuna"},"content":{"rendered":"<p><img loading=\"lazy\" class=\"aligncenter  wp-image-177644\" src=\"https:\/\/www.blogdothame.blog.br\/v1\/wp-content\/uploads\/2025\/07\/cpi-4.jpg\" alt=\"\" width=\"435\" height=\"190\" srcset=\"https:\/\/www.blogdothame.blog.br\/v1\/wp-content\/uploads\/2025\/07\/cpi-4.jpg 600w, https:\/\/www.blogdothame.blog.br\/v1\/wp-content\/uploads\/2025\/07\/cpi-4-300x131.jpg 300w\" sizes=\"(max-width: 435px) 100vw, 435px\" \/>Dois encontros, com dirigentes e docentes das escolas p\u00fablicas que mant\u00e9m unidades anexas no Conjunto Penal de Itabuna \u2013 Col\u00e9gio Estadual Adonias Filho e Escola Municipal Lourival Oliveira Soares -, definiram as prioridades da educa\u00e7\u00e3o no Conjunto Penal de Itabuna para o segundo semestre. Foi o primeiro contato do diretor da unidade prisional, Jos\u00e9 Fabiano Barbosa Carvalho com as equipes gestoras das duas escolas.<\/p>\n<p><img loading=\"lazy\" class=\"aligncenter  wp-image-177645\" src=\"https:\/\/www.blogdothame.blog.br\/v1\/wp-content\/uploads\/2025\/07\/cpi-3.jpg\" alt=\"\" width=\"495\" height=\"234\" srcset=\"https:\/\/www.blogdothame.blog.br\/v1\/wp-content\/uploads\/2025\/07\/cpi-3.jpg 567w, https:\/\/www.blogdothame.blog.br\/v1\/wp-content\/uploads\/2025\/07\/cpi-3-300x142.jpg 300w\" sizes=\"(max-width: 495px) 100vw, 495px\" \/><\/p>\n<p>A diretora Gidevalda Cardoso, a vice-diretora Adriana Neves e a coordenadora pedag\u00f3gica Nayara Muniz, da Escola Lourival Oliveira Soares, na manh\u00e3 dessa quinta-feira (10), explanaram os principais projetos e atividades pedag\u00f3gicas programadas para o segundo semestre.<\/p>\n<p>Na segunda-feira (7), o diretor Jos\u00e9 J\u00fanior, juntamente com a vice-diretora Mayra Joanne, e a coordenadora pedag\u00f3gica Andrea Meireles, do Adonias Filho, expuseram os desafios da amplia\u00e7\u00e3o da oferta de cursos e vagas, frente as limita\u00e7\u00f5es estruturais da unidade prisional.<\/p>\n<p><!--more--><\/p>\n<p>Jos\u00e9 Fabiano afirmou que a Dire\u00e7\u00e3o do Conjunto Penal vai seguir apoiando e desenvolvendo a educa\u00e7\u00e3o. \u201cNossa inten\u00e7\u00e3o \u00e9 ampliar as atividades da educa\u00e7\u00e3o, bem como da ressocializa\u00e7\u00e3o como um todo. Acreditamos nesse caminho. A unidade j\u00e1 tem esse perfil e essa voca\u00e7\u00e3o, nosso papel \u00e9 estimular, garantindo a seguran\u00e7a e refor\u00e7ando os procedimentos\u201d.<\/p>\n<p>Cursos e vagas<\/p>\n<p>A rede estadual acaba de atualizar seu planejamento quinquenal da educa\u00e7\u00e3o prisional, destacando eixos e diretrizes que est\u00e3o em estudo pela equipe pedag\u00f3gica a fim de oferecer mais oportunidades aos reeducandos. O Col\u00e9gio Adonias Filho, por exemplo, acaba de receber a aprova\u00e7\u00e3o de um curso de eletrot\u00e9cnico na modalidade Proeja, com 30 vagas para o Conjunto Penal.<\/p>\n<p>Munic\u00edpio<\/p>\n<p>J\u00e1 a reuni\u00e3o com a equipe gestora municipal destacou para o diretor a oferta dos servi\u00e7os educacionais na unidade. A escola municipal atende atualmente a 232 reeducandos em 08 turmas. Outros pontos relevantes na pauta foram a aprova\u00e7\u00e3o dos alunos do munic\u00edpio no ENCCEJA durante o ano e as atividades exitosas que os professores desenvolvem em sala de aula, bem como a diversifica\u00e7\u00e3o das atividades, com a incorpora\u00e7\u00e3o do programa Universidade para Todos.<\/p>\n<p>A diretora Gidevalda sinda destaca os conte\u00fados \u00e9tnicos raciais desenvolvidos, \u201cque tem tido resultados excelentes e de onde emanam produ\u00e7\u00f5es de artigos aprovados em congressos, eventos nacionais e internacionais sobre educa\u00e7\u00e3o de jovens e adultos com a modalidade em educa\u00e7\u00e3o prisional\u201d.<\/p>\n<p>Foi ainda discutida a cria\u00e7\u00e3o de estrat\u00e9gias de atendimento dos alunos atrav\u00e9s da busca ativa e a instala\u00e7\u00e3o do Ponto ID \u00a0sistema de frequ\u00eancia biom\u00e9trica. \u201cQueremos garantir a frequ\u00eancia por meio da biometria facial, a partir da an\u00e1lise e apoio do CPI\u201d, afirma Gidevalda.<\/p>\n<p>\u201cTemos muitos desafios neste segundo semestre, e estamos trabalhando, com apoio da empresa cogestora, da coordena\u00e7\u00e3o de seguran\u00e7a, contando com suporte das for\u00e7as policias, para entregar resultados de excel\u00eancia para a sociedade\u201d, destaca o diretor Jos\u00e9 Fabiano.<\/p>\n<p>Participaram da reuni\u00e3o o diretor-adjunto do Conjunto Penal de Itabuna, Bruno Pitanga, o coordenador de Seguran\u00e7a, S\u00e9rgio Matias, e os representantes da empresa Socializa, Yuri Damasceno e Weslen Luz.<\/p>\n<p>&nbsp;<\/p>\n","protected":false},"excerpt":{"rendered":"<p>Dois encontros, com dirigentes e docentes das escolas p\u00fablicas que mant\u00e9m unidades anexas no Conjunto Penal de Itabuna \u2013 Col\u00e9gio Estadual Adonias Filho e Escola Municipal Lourival Oliveira Soares -, definiram as prioridades da educa\u00e7\u00e3o no Conjunto Penal de Itabuna para o segundo semestre. Foi o primeiro contato do diretor da unidade prisional, Jos\u00e9 Fabiano [&hellip;]<\/p>\n","protected":false},"author":2,"featured_media":177644,"comment_status":"open","ping_status":"open","sticky":false,"template":"","format":"standard","meta":{"_links_to":"","_links_to_target":""},"categories":[33434],"tags":[7107,60],"_links":{"self":[{"href":"https:\/\/www.blogdothame.blog.br\/v1\/wp-json\/wp\/v2\/posts\/177643"}],"collection":[{"href":"https:\/\/www.blogdothame.blog.br\/v1\/wp-json\/wp\/v2\/posts"}],"about":[{"href":"https:\/\/www.blogdothame.blog.br\/v1\/wp-json\/wp\/v2\/types\/post"}],"author":[{"embeddable":true,"href":"https:\/\/www.blogdothame.blog.br\/v1\/wp-json\/wp\/v2\/users\/2"}],"replies":[{"embeddable":true,"href":"https:\/\/www.blogdothame.blog.br\/v1\/wp-json\/wp\/v2\/comments?post=177643"}],"version-history":[{"count":1,"href":"https:\/\/www.blogdothame.blog.br\/v1\/wp-json\/wp\/v2\/posts\/177643\/revisions"}],"predecessor-version":[{"id":177646,"href":"https:\/\/www.blogdothame.blog.br\/v1\/wp-json\/wp\/v2\/posts\/177643\/revisions\/177646"}],"wp:featuredmedia":[{"embeddable":true,"href":"https:\/\/www.blogdothame.blog.br\/v1\/wp-json\/wp\/v2\/media\/177644"}],"wp:attachment":[{"href":"https:\/\/www.blogdothame.blog.br\/v1\/wp-json\/wp\/v2\/media?parent=177643"}],"wp:term":[{"taxonomy":"category","embeddable":true,"href":"https:\/\/www.blogdothame.blog.br\/v1\/wp-json\/wp\/v2\/categories?post=177643"},{"taxonomy":"post_tag","embeddable":true,"href":"https:\/\/www.blogdothame.blog.br\/v1\/wp-json\/wp\/v2\/tags?post=177643"}],"curies":[{"name":"wp","href":"https:\/\/api.w.org\/{rel}","templated":true}]}}