{"id":177546,"date":"2025-07-09T20:13:44","date_gmt":"2025-07-09T23:13:44","guid":{"rendered":"https:\/\/www.blogdothame.blog.br\/v1\/?p=177546"},"modified":"2025-07-09T15:07:19","modified_gmt":"2025-07-09T18:07:19","slug":"concurso-redacao-nota-1000-bahia-e-lancado-para-estudantes-da-rede-estadual","status":"publish","type":"post","link":"https:\/\/www.blogdothame.blog.br\/v1\/2025\/07\/09\/concurso-redacao-nota-1000-bahia-e-lancado-para-estudantes-da-rede-estadual\/","title":{"rendered":"Concurso \u201cReda\u00e7\u00e3o Nota 1000 Bahia\u201d \u00e9 lan\u00e7ado para estudantes da rede estadual"},"content":{"rendered":"<p><img loading=\"lazy\" class=\"aligncenter size-full wp-image-177547\" src=\"https:\/\/www.blogdothame.blog.br\/v1\/wp-content\/uploads\/2025\/07\/Concurso-Redacao-Nota-1000-Bahia-e-lancado-para-estudantes-da-rede-estadual.jpeg\" alt=\"\" width=\"409\" height=\"272\" srcset=\"https:\/\/www.blogdothame.blog.br\/v1\/wp-content\/uploads\/2025\/07\/Concurso-Redacao-Nota-1000-Bahia-e-lancado-para-estudantes-da-rede-estadual.jpeg 409w, https:\/\/www.blogdothame.blog.br\/v1\/wp-content\/uploads\/2025\/07\/Concurso-Redacao-Nota-1000-Bahia-e-lancado-para-estudantes-da-rede-estadual-300x200.jpeg 300w\" sizes=\"(max-width: 409px) 100vw, 409px\" \/>A Secretaria da Educa\u00e7\u00e3o do Estado da Bahia (SEC) publicou, nesta quarta-feira (9), no Di\u00e1rio Oficial, o edital do concurso \u201cReda\u00e7\u00e3o Nota 1000 Bahia\u201d. A iniciativa busca selecionar e premiar as melhores produ\u00e7\u00f5es textuais de estudantes da 3\u00aa s\u00e9rie do Ensino M\u00e9dio ou equivalente, matriculados nas escolas estaduais. O concurso tem como foco o est\u00edmulo \u00e0 leitura e \u00e0 escrita como ferramentas de forma\u00e7\u00e3o cr\u00edtica e cidad\u00e3, bem como visa contribuir com a prepara\u00e7\u00e3o para o Exame Nacional do Ensino M\u00e9dio (Enem).<\/p>\n<p>A a\u00e7\u00e3o contempla estudantes regularmente matriculados nas unidades p\u00fablicas jurisdicionadas aos 27 N\u00facleos Territoriais de Educa\u00e7\u00e3o (NTE), incluindo os que integram as modalidades de Educa\u00e7\u00e3o de Jovens e Adultos (EJA), Comunidades Tradicionais do Campo e Quilombolas, Escolas Fam\u00edlias Agr\u00edcolas, Educa\u00e7\u00e3o Escolar Ind\u00edgena e Educa\u00e7\u00e3o Profissional e Tecnol\u00f3gica. A iniciativa amplia as possibilidades de participa\u00e7\u00e3o ao respeitar a diversidade das experi\u00eancias escolares na rede estadual.<\/p>\n<p>A cerim\u00f4nia de premia\u00e7\u00e3o ocorrer\u00e1 durante o Encontro Estudantil da Rede Estadual, que ser\u00e1 realizado de 3 a 5 de dezembro, em Salvador. O resultado final do concurso estar\u00e1 dispon\u00edvel no site oficial da Secretaria da Educa\u00e7\u00e3o (www.educacao.ba.gov.br).<\/p>\n<p><!--more--><\/p>\n<p>Aplica\u00e7\u00e3o das reda\u00e7\u00f5es e crit\u00e9rios de avalia\u00e7\u00e3o<\/p>\n<p>A competi\u00e7\u00e3o ser\u00e1 dividida em cinco ciclos, com temas diferentes a cada m\u00eas, de julho a novembro. As reda\u00e7\u00f5es dever\u00e3o ser feitas em sala de aula, em hor\u00e1rio definido pela unidade escolar e sob supervis\u00e3o de professor indicado. Os textos devem ser manuscritos, com letra leg\u00edvel, em formul\u00e1rio padr\u00e3o disponibilizado pela SEC. Cada produ\u00e7\u00e3o deve ter entre 20 e 30 linhas, ser individual, in\u00e9dita e original; obedecer ao g\u00eanero dissertativo-argumentativo; e abordar o tema correspondente ao ciclo. As corre\u00e7\u00f5es das reda\u00e7\u00f5es ser\u00e3o liberadas ao final de cada etapa, com crit\u00e9rios unificados e adapta\u00e7\u00f5es para as modalidades espec\u00edficas.<\/p>\n<p>Cada reda\u00e7\u00e3o poder\u00e1 alcan\u00e7ar at\u00e9 1.000 pontos. Ser\u00e3o premiados os tr\u00eas melhores textos de cada ciclo. Os estudantes classificados em 1\u00ba, 2\u00ba e 3\u00ba lugares receber\u00e3o um notebook e um certificado de reconhecimento emitido pela Secretaria da Educa\u00e7\u00e3o. Cada participante poder\u00e1 ser premiado em apenas um ciclo. Caso tenha mais de uma reda\u00e7\u00e3o selecionada, ser\u00e1 considerada a que obtiver a maior nota.<\/p>\n<p>&nbsp;<\/p>\n<p>Foto Ilustrativa: Memo Soul<\/p>\n","protected":false},"excerpt":{"rendered":"<p>A Secretaria da Educa\u00e7\u00e3o do Estado da Bahia (SEC) publicou, nesta quarta-feira (9), no Di\u00e1rio Oficial, o edital do concurso \u201cReda\u00e7\u00e3o Nota 1000 Bahia\u201d. A iniciativa busca selecionar e premiar as melhores produ\u00e7\u00f5es textuais de estudantes da 3\u00aa s\u00e9rie do Ensino M\u00e9dio ou equivalente, matriculados nas escolas estaduais. O concurso tem como foco o est\u00edmulo [&hellip;]<\/p>\n","protected":false},"author":2,"featured_media":177547,"comment_status":"open","ping_status":"open","sticky":false,"template":"","format":"standard","meta":{"_links_to":"","_links_to_target":""},"categories":[33434],"tags":[51,40183,3482,9036],"_links":{"self":[{"href":"https:\/\/www.blogdothame.blog.br\/v1\/wp-json\/wp\/v2\/posts\/177546"}],"collection":[{"href":"https:\/\/www.blogdothame.blog.br\/v1\/wp-json\/wp\/v2\/posts"}],"about":[{"href":"https:\/\/www.blogdothame.blog.br\/v1\/wp-json\/wp\/v2\/types\/post"}],"author":[{"embeddable":true,"href":"https:\/\/www.blogdothame.blog.br\/v1\/wp-json\/wp\/v2\/users\/2"}],"replies":[{"embeddable":true,"href":"https:\/\/www.blogdothame.blog.br\/v1\/wp-json\/wp\/v2\/comments?post=177546"}],"version-history":[{"count":1,"href":"https:\/\/www.blogdothame.blog.br\/v1\/wp-json\/wp\/v2\/posts\/177546\/revisions"}],"predecessor-version":[{"id":177548,"href":"https:\/\/www.blogdothame.blog.br\/v1\/wp-json\/wp\/v2\/posts\/177546\/revisions\/177548"}],"wp:featuredmedia":[{"embeddable":true,"href":"https:\/\/www.blogdothame.blog.br\/v1\/wp-json\/wp\/v2\/media\/177547"}],"wp:attachment":[{"href":"https:\/\/www.blogdothame.blog.br\/v1\/wp-json\/wp\/v2\/media?parent=177546"}],"wp:term":[{"taxonomy":"category","embeddable":true,"href":"https:\/\/www.blogdothame.blog.br\/v1\/wp-json\/wp\/v2\/categories?post=177546"},{"taxonomy":"post_tag","embeddable":true,"href":"https:\/\/www.blogdothame.blog.br\/v1\/wp-json\/wp\/v2\/tags?post=177546"}],"curies":[{"name":"wp","href":"https:\/\/api.w.org\/{rel}","templated":true}]}}