{"id":177522,"date":"2025-07-09T11:00:56","date_gmt":"2025-07-09T14:00:56","guid":{"rendered":"https:\/\/www.blogdothame.blog.br\/v1\/?p=177522"},"modified":"2025-07-09T09:43:56","modified_gmt":"2025-07-09T12:43:56","slug":"hospital-de-base-de-itabuna-marca-presenca-no-21o-enai-com-participacao-do-diretor-tecnico-paulo-medauar","status":"publish","type":"post","link":"https:\/\/www.blogdothame.blog.br\/v1\/2025\/07\/09\/hospital-de-base-de-itabuna-marca-presenca-no-21o-enai-com-participacao-do-diretor-tecnico-paulo-medauar\/","title":{"rendered":"Hospital de Base de Itabuna marca presen\u00e7a no 21\u00ba ENAI com participa\u00e7\u00e3o do diretor t\u00e9cnico Paulo Medauar"},"content":{"rendered":"<p><img loading=\"lazy\" class=\"aligncenter  wp-image-177523\" src=\"https:\/\/www.blogdothame.blog.br\/v1\/wp-content\/uploads\/2025\/07\/b-1.jpeg\" alt=\"\" width=\"405\" height=\"270\" srcset=\"https:\/\/www.blogdothame.blog.br\/v1\/wp-content\/uploads\/2025\/07\/b-1.jpeg 600w, https:\/\/www.blogdothame.blog.br\/v1\/wp-content\/uploads\/2025\/07\/b-1-300x200.jpeg 300w\" sizes=\"(max-width: 405px) 100vw, 405px\" \/>O Hospital de Base Lu\u00eds Eduardo Magalh\u00e3es (HBLEM), administrado pela Funda\u00e7\u00e3o de Aten\u00e7\u00e3o \u00e0 Sa\u00fade de Itabuna (FASI), marcou presen\u00e7a no 21\u00ba Encontro de Anestesiologia do Interior (ENAI).\u00a0O evento, que aconteceu em Ilh\u00e9us, contou com a participa\u00e7\u00e3o do diretor-t\u00e9cnico-m\u00e9dico do HBLEM, Paulo Medauar, como palestrante na mesa tem\u00e1tica \u201cAnestesia e Obstetr\u00edcia\u201d.<\/p>\n<p>O m\u00e9dico abordou sobre os \u201cFatores humanos em anestesia obst\u00e9trica\u201d, um tema que refor\u00e7a a import\u00e2ncia da seguran\u00e7a, comunica\u00e7\u00e3o e tomada de decis\u00e3o em ambientes de alta complexidade.<\/p>\n<p><img loading=\"lazy\" class=\"aligncenter  wp-image-177524\" src=\"https:\/\/www.blogdothame.blog.br\/v1\/wp-content\/uploads\/2025\/07\/b-2.jpeg\" alt=\"\" width=\"335\" height=\"264\" srcset=\"https:\/\/www.blogdothame.blog.br\/v1\/wp-content\/uploads\/2025\/07\/b-2.jpeg 574w, https:\/\/www.blogdothame.blog.br\/v1\/wp-content\/uploads\/2025\/07\/b-2-300x237.jpeg 300w\" sizes=\"(max-width: 335px) 100vw, 335px\" \/><\/p>\n<p>Considerado como um dos mais relevantes eventos da especialidade na Bahia, o 21\u00ba ENAI foi organizado pela Sociedade de Anestesiologia do Estado da Bahia (SAEB).<\/p>\n<p><!--more--><\/p>\n<p>Com uma programa\u00e7\u00e3o voltada a m\u00e9dicos anestesiologistas, cirurgi\u00f5es, intensivistas e estudantes de medicina, o evento promoveu momentos de aprendizado e troca de experi\u00eancias por meio de Workshops pr\u00e1ticos de suporte b\u00e1sico e avan\u00e7ado \u00e0s vias a\u00e9reas; debates sobre anestesia no trauma, na obstetr\u00edcia e em terapia intensiva; e discuss\u00f5es sobre avalia\u00e7\u00e3o pr\u00e9-operat\u00f3ria e condutas seguras, al\u00e9m de palestras com especialistas renomados da anestesiologia baiana.<\/p>\n<p>Al\u00e9m do diretor t\u00e9cnico do HBLEM, m\u00e9dicos do Hospital de Base tamb\u00e9m participaram do evento, a exemplo do coordenador do CTI II, Paulo Medauar Reis, e do cirurgi\u00e3o-geral, Rodrigo Slaibi, que ministrou a palestra \u201cO que o cirurgi\u00e3o espera do anestesiologista atendendo o trauma grave\u201d.<\/p>\n<p>A participa\u00e7\u00e3o do m\u00e9dico Paulo Medauar refor\u00e7a o compromisso do Hospital de Base com a forma\u00e7\u00e3o cont\u00ednua de seus profissionais, a excel\u00eancia t\u00e9cnica e a valoriza\u00e7\u00e3o de seu corpo cl\u00ednico nos espa\u00e7os cient\u00edficos que discutem avan\u00e7os na medicina perioperat\u00f3ria.<\/p>\n<p>Mais que uma contribui\u00e7\u00e3o cient\u00edfica, uma representa\u00e7\u00e3o que fortalece o papel do HBLEM entre os grandes da anestesiologia baiana, sendo refer\u00eancia em sa\u00fade p\u00fablica no sul da Bahia.<\/p>\n","protected":false},"excerpt":{"rendered":"<p>O Hospital de Base Lu\u00eds Eduardo Magalh\u00e3es (HBLEM), administrado pela Funda\u00e7\u00e3o de Aten\u00e7\u00e3o \u00e0 Sa\u00fade de Itabuna (FASI), marcou presen\u00e7a no 21\u00ba Encontro de Anestesiologia do Interior (ENAI).\u00a0O evento, que aconteceu em Ilh\u00e9us, contou com a participa\u00e7\u00e3o do diretor-t\u00e9cnico-m\u00e9dico do HBLEM, Paulo Medauar, como palestrante na mesa tem\u00e1tica \u201cAnestesia e Obstetr\u00edcia\u201d. O m\u00e9dico abordou sobre [&hellip;]<\/p>\n","protected":false},"author":2,"featured_media":177523,"comment_status":"open","ping_status":"open","sticky":false,"template":"","format":"standard","meta":{"_links_to":"","_links_to_target":""},"categories":[33436],"tags":[40178,7496,40177],"_links":{"self":[{"href":"https:\/\/www.blogdothame.blog.br\/v1\/wp-json\/wp\/v2\/posts\/177522"}],"collection":[{"href":"https:\/\/www.blogdothame.blog.br\/v1\/wp-json\/wp\/v2\/posts"}],"about":[{"href":"https:\/\/www.blogdothame.blog.br\/v1\/wp-json\/wp\/v2\/types\/post"}],"author":[{"embeddable":true,"href":"https:\/\/www.blogdothame.blog.br\/v1\/wp-json\/wp\/v2\/users\/2"}],"replies":[{"embeddable":true,"href":"https:\/\/www.blogdothame.blog.br\/v1\/wp-json\/wp\/v2\/comments?post=177522"}],"version-history":[{"count":1,"href":"https:\/\/www.blogdothame.blog.br\/v1\/wp-json\/wp\/v2\/posts\/177522\/revisions"}],"predecessor-version":[{"id":177525,"href":"https:\/\/www.blogdothame.blog.br\/v1\/wp-json\/wp\/v2\/posts\/177522\/revisions\/177525"}],"wp:featuredmedia":[{"embeddable":true,"href":"https:\/\/www.blogdothame.blog.br\/v1\/wp-json\/wp\/v2\/media\/177523"}],"wp:attachment":[{"href":"https:\/\/www.blogdothame.blog.br\/v1\/wp-json\/wp\/v2\/media?parent=177522"}],"wp:term":[{"taxonomy":"category","embeddable":true,"href":"https:\/\/www.blogdothame.blog.br\/v1\/wp-json\/wp\/v2\/categories?post=177522"},{"taxonomy":"post_tag","embeddable":true,"href":"https:\/\/www.blogdothame.blog.br\/v1\/wp-json\/wp\/v2\/tags?post=177522"}],"curies":[{"name":"wp","href":"https:\/\/api.w.org\/{rel}","templated":true}]}}