{"id":177236,"date":"2025-07-03T07:30:57","date_gmt":"2025-07-03T10:30:57","guid":{"rendered":"https:\/\/www.blogdothame.blog.br\/v1\/?p=177236"},"modified":"2025-07-02T15:06:24","modified_gmt":"2025-07-02T18:06:24","slug":"uesc-assume-protagonismo-nacional-no-planejamento-espacial-marinho-no-nordeste","status":"publish","type":"post","link":"https:\/\/www.blogdothame.blog.br\/v1\/2025\/07\/03\/uesc-assume-protagonismo-nacional-no-planejamento-espacial-marinho-no-nordeste\/","title":{"rendered":"Uesc assume protagonismo nacional no Planejamento Espacial Marinho no Nordeste"},"content":{"rendered":"<p><img loading=\"lazy\" class=\"aligncenter wp-image-177237\" src=\"https:\/\/www.blogdothame.blog.br\/v1\/wp-content\/uploads\/2025\/07\/af-2.jpg\" alt=\"\" width=\"366\" height=\"275\" srcset=\"https:\/\/www.blogdothame.blog.br\/v1\/wp-content\/uploads\/2025\/07\/af-2.jpg 600w, https:\/\/www.blogdothame.blog.br\/v1\/wp-content\/uploads\/2025\/07\/af-2-300x226.jpg 300w\" sizes=\"(max-width: 366px) 100vw, 366px\" \/>A Universidade Estadual de Santa Cruz (Uesc) reafirma seu protagonismo cient\u00edfico e institucional ao coordenar as atividades do Planejamento Espacial Marinho da Regi\u00e3o Nordeste (PEM-NE), cuja abertura, Bahia, ocorreu em Salvador, no dia 30 de junho. O evento contou com a presen\u00e7a do reitor Alessandro Fernandes, autoridades do Governo da Bahia, da Marinha do Brasil, do Minist\u00e9rio do Meio Ambiente (MMA) e da Comiss\u00e3o Interministerial para os Recursos do Mar (SECIRM).<\/p>\n<div id=\"attachment_177238\" style=\"width: 241px\" class=\"wp-caption alignright\"><img aria-describedby=\"caption-attachment-177238\" loading=\"lazy\" class=\" wp-image-177238\" src=\"https:\/\/www.blogdothame.blog.br\/v1\/wp-content\/uploads\/2025\/07\/af-270x300.jpg\" alt=\"\" width=\"231\" height=\"257\" srcset=\"https:\/\/www.blogdothame.blog.br\/v1\/wp-content\/uploads\/2025\/07\/af-270x300.jpg 270w, https:\/\/www.blogdothame.blog.br\/v1\/wp-content\/uploads\/2025\/07\/af.jpg 388w\" sizes=\"(max-width: 231px) 100vw, 231px\" \/><p id=\"caption-attachment-177238\" class=\"wp-caption-text\">Alessandro Fernandes<\/p><\/div>\n<p>Com base em Ilh\u00e9us, a Uesc lidera, entre 13 universidades nordestinas, a constru\u00e7\u00e3o de uma pol\u00edtica p\u00fablica inovadora para a organiza\u00e7\u00e3o e gest\u00e3o sustent\u00e1vel do uso do mar. As a\u00e7\u00f5es se estender\u00e3o at\u00e9 2028 e abrangem desde a linha de costa at\u00e9 os limites da Zona Econ\u00f4mica Exclusiva.<\/p>\n<p>\u201cO oceano \u00e9 um dos recursos mais valiosos do planeta e seu uso desordenado compromete a biodiversidade e a resili\u00eancia clim\u00e1tica. O PEM-NE \u00e9 fundamental para garantir o ordenamento sustent\u00e1vel das atividades marinhas\u201d, afirmou o reitor Alessandro Fernandes, que destacou a atua\u00e7\u00e3o de mais de 100 profissionais envolvidos no projeto.<\/p>\n<p>A iniciativa consolida a Bahia como polo estrat\u00e9gico no processo de ordenamento do espa\u00e7o marinho brasileiro, em conson\u00e2ncia com os compromissos internacionais assumidos pelo pa\u00eds, como a meta de implementa\u00e7\u00e3o nacional do PEM at\u00e9 2030.<\/p>\n<p><!--more--><\/p>\n<p>Al\u00e9m da Uesc, outras 12 universidades integram a iniciativa, promovida pelo governo federal com apoio do BNDES e do Funbio. O PEM \u00e9 reconhecido pela Unesco como ferramenta essencial para conciliar interesses econ\u00f4micos, sociais e ambientais na gest\u00e3o do mar.<\/p>\n<p>A Uesc, por meio de sua compet\u00eancia t\u00e9cnico-cient\u00edfica, fortalece o papel da academia na formula\u00e7\u00e3o de pol\u00edticas p\u00fablicas voltadas \u00e0 sustentabilidade e \u00e0 justi\u00e7a social nos territ\u00f3rios costeiros e marinhos. No dia 25 de julho ser\u00e1 a vez de Ilh\u00e9us. O evento de apresenta\u00e7\u00e3o do PM NE, no Sul da Bahia, ser\u00e1 no audit\u00f3rio do Edif\u00edcio Jos\u00e9 Heroldo Castro Vieira (Torre Administrativa).<\/p>\n","protected":false},"excerpt":{"rendered":"<p>A Universidade Estadual de Santa Cruz (Uesc) reafirma seu protagonismo cient\u00edfico e institucional ao coordenar as atividades do Planejamento Espacial Marinho da Regi\u00e3o Nordeste (PEM-NE), cuja abertura, Bahia, ocorreu em Salvador, no dia 30 de junho. O evento contou com a presen\u00e7a do reitor Alessandro Fernandes, autoridades do Governo da Bahia, da Marinha do Brasil, [&hellip;]<\/p>\n","protected":false},"author":2,"featured_media":177237,"comment_status":"open","ping_status":"open","sticky":false,"template":"","format":"standard","meta":{"_links_to":"","_links_to_target":""},"categories":[33434],"tags":[499,40103,25],"_links":{"self":[{"href":"https:\/\/www.blogdothame.blog.br\/v1\/wp-json\/wp\/v2\/posts\/177236"}],"collection":[{"href":"https:\/\/www.blogdothame.blog.br\/v1\/wp-json\/wp\/v2\/posts"}],"about":[{"href":"https:\/\/www.blogdothame.blog.br\/v1\/wp-json\/wp\/v2\/types\/post"}],"author":[{"embeddable":true,"href":"https:\/\/www.blogdothame.blog.br\/v1\/wp-json\/wp\/v2\/users\/2"}],"replies":[{"embeddable":true,"href":"https:\/\/www.blogdothame.blog.br\/v1\/wp-json\/wp\/v2\/comments?post=177236"}],"version-history":[{"count":1,"href":"https:\/\/www.blogdothame.blog.br\/v1\/wp-json\/wp\/v2\/posts\/177236\/revisions"}],"predecessor-version":[{"id":177239,"href":"https:\/\/www.blogdothame.blog.br\/v1\/wp-json\/wp\/v2\/posts\/177236\/revisions\/177239"}],"wp:featuredmedia":[{"embeddable":true,"href":"https:\/\/www.blogdothame.blog.br\/v1\/wp-json\/wp\/v2\/media\/177237"}],"wp:attachment":[{"href":"https:\/\/www.blogdothame.blog.br\/v1\/wp-json\/wp\/v2\/media?parent=177236"}],"wp:term":[{"taxonomy":"category","embeddable":true,"href":"https:\/\/www.blogdothame.blog.br\/v1\/wp-json\/wp\/v2\/categories?post=177236"},{"taxonomy":"post_tag","embeddable":true,"href":"https:\/\/www.blogdothame.blog.br\/v1\/wp-json\/wp\/v2\/tags?post=177236"}],"curies":[{"name":"wp","href":"https:\/\/api.w.org\/{rel}","templated":true}]}}