{"id":177233,"date":"2025-07-02T13:13:21","date_gmt":"2025-07-02T16:13:21","guid":{"rendered":"https:\/\/www.blogdothame.blog.br\/v1\/?p=177233"},"modified":"2025-07-01T16:21:55","modified_gmt":"2025-07-01T19:21:55","slug":"pt-mobiliza-movimentos-sociais-militancia-e-sociedade-civil-para-votar-no-plebiscito-popular","status":"publish","type":"post","link":"https:\/\/www.blogdothame.blog.br\/v1\/2025\/07\/02\/pt-mobiliza-movimentos-sociais-militancia-e-sociedade-civil-para-votar-no-plebiscito-popular\/","title":{"rendered":"PT mobiliza movimentos sociais, milit\u00e2ncia e sociedade civil para votar no plebiscito popular"},"content":{"rendered":"<p><img loading=\"lazy\" class=\"aligncenter  wp-image-177234\" src=\"https:\/\/www.blogdothame.blog.br\/v1\/wp-content\/uploads\/2025\/07\/PT-convida-para-plebiscito-popular.jpeg\" alt=\"\" width=\"435\" height=\"289\" srcset=\"https:\/\/www.blogdothame.blog.br\/v1\/wp-content\/uploads\/2025\/07\/PT-convida-para-plebiscito-popular.jpeg 600w, https:\/\/www.blogdothame.blog.br\/v1\/wp-content\/uploads\/2025\/07\/PT-convida-para-plebiscito-popular-300x200.jpeg 300w\" sizes=\"(max-width: 435px) 100vw, 435px\" \/>O Partido dos Trabalhadores da Bahia convida toda milit\u00e2ncia, os movimentos sociais e sindicais e a sociedade civil para participar do primeiro dia de vota\u00e7\u00e3o do Plebiscito Popular por um Brasil mais Justo, que tem como inten\u00e7\u00e3o saber a opini\u00e3o dos brasileiros sobre a redu\u00e7\u00e3o da jornada de trabalho sem corte de sal\u00e1rio, fim da escala 6&#215;1 e de propostas para justi\u00e7a tribut\u00e1ria, a exemplo do projeto de lei para isen\u00e7\u00e3o do\u00a0\u00a0\u00a0\u00a0\u00a0Imposto de Renda a quem ganha at\u00e9 R$ 5 mil e aumento da taxa\u00e7\u00e3o sobre rendas superiores a R$ 600 mil por ano. O plebiscito ocorrer\u00e1 nesta quarta-feira (02) de julho, em pontos estrat\u00e9gicos nas imedia\u00e7\u00f5es do Desfile da Independ\u00eancia.<\/p>\n<p>&nbsp;<\/p>\n<p>Estamos fazendo um convite importante para al\u00e9m da participa\u00e7\u00e3o amanh\u00e3 no nosso Desfile do 02 de julho, o ato da cidadania m\u00e1xima, onde a gente rememora, renova a nossa luta por liberdade e por independ\u00eancia da Bahia e do Brasil, afinal, o 2 de julho \u00e9 a independ\u00eancia do Brasil na Bahia, e n\u00f3s tamb\u00e9m estamos passando por fazer um convite a voc\u00ea para poder participar do primeiro dia de vota\u00e7\u00e3o do Plebiscito Popular por um Brasil mais justo\u201d, convidou o presidente do PT Bahia, \u00c9den Valadares.<\/p>\n<p><!--more--><\/p>\n<p>O dirigente petista explicou que esse plebiscito s\u00f3 vai come\u00e7ar nacionalmente na pr\u00f3xima semana, mas as dire\u00e7\u00f5es das Frentes Populares e a dire\u00e7\u00e3o da organiza\u00e7\u00e3o do Plebiscito abriram uma exce\u00e7\u00e3o para ser iniciado nesta quarta, em Salvador. \u201cEnt\u00e3o, amanh\u00e3, n\u00f3s estaremos nas ruas em tr\u00eas pontos aqui da nossa capital, ali no nosso Centro Hist\u00f3rico. O primeiro ponto na sede da Unegro, no Terreiro de Jesus, tamb\u00e9m no Pelourinho e no Armaz\u00e9m do campo dos companheiros e companheiras do Movimento dos Trabalhadores Sem Terra, o armaz\u00e9m do campo do MST, todos os tr\u00eas pontos no Pelourinho\u201d.<\/p>\n<p>&nbsp;<\/p>\n<p>\u201cEnt\u00e3o, ap\u00f3s desfilar, ap\u00f3s protestar e apresentar a sua cidadania no final do circuito, d\u00e1 uma passada para poder exercer tamb\u00e9m a cidadania na vota\u00e7\u00e3o desse important\u00edssimo plebiscito por um Brasil mais justo. Se voc\u00ea \u00e9 favor\u00e1vel ao fim da escala 6&#215;1, se quer justi\u00e7a fiscal e justi\u00e7a social no Brasil, se concorda com a redu\u00e7\u00e3o da jornada de trabalho sem redu\u00e7\u00e3o de sal\u00e1rios, se voc\u00ea quer um Brasil mais justo social e fiscalmente. Queremos a participa\u00e7\u00e3o de todo mundo, das frentes populares, das organiza\u00e7\u00f5es populares, dos movimentos sociais, da milit\u00e2ncia dos partidos de esquerda, em geral, da sociedade civil que quer ver um pa\u00eds cada vez mais igual, cada vez mais soberano e cada vez mais justo\u201d, concluiu \u00c9den.<\/p>\n","protected":false},"excerpt":{"rendered":"<p>O Partido dos Trabalhadores da Bahia convida toda milit\u00e2ncia, os movimentos sociais e sindicais e a sociedade civil para participar do primeiro dia de vota\u00e7\u00e3o do Plebiscito Popular por um Brasil mais Justo, que tem como inten\u00e7\u00e3o saber a opini\u00e3o dos brasileiros sobre a redu\u00e7\u00e3o da jornada de trabalho sem corte de sal\u00e1rio, fim da [&hellip;]<\/p>\n","protected":false},"author":2,"featured_media":177234,"comment_status":"open","ping_status":"open","sticky":false,"template":"","format":"standard","meta":{"_links_to":"","_links_to_target":""},"categories":[33435],"tags":[51,40102,315],"_links":{"self":[{"href":"https:\/\/www.blogdothame.blog.br\/v1\/wp-json\/wp\/v2\/posts\/177233"}],"collection":[{"href":"https:\/\/www.blogdothame.blog.br\/v1\/wp-json\/wp\/v2\/posts"}],"about":[{"href":"https:\/\/www.blogdothame.blog.br\/v1\/wp-json\/wp\/v2\/types\/post"}],"author":[{"embeddable":true,"href":"https:\/\/www.blogdothame.blog.br\/v1\/wp-json\/wp\/v2\/users\/2"}],"replies":[{"embeddable":true,"href":"https:\/\/www.blogdothame.blog.br\/v1\/wp-json\/wp\/v2\/comments?post=177233"}],"version-history":[{"count":1,"href":"https:\/\/www.blogdothame.blog.br\/v1\/wp-json\/wp\/v2\/posts\/177233\/revisions"}],"predecessor-version":[{"id":177235,"href":"https:\/\/www.blogdothame.blog.br\/v1\/wp-json\/wp\/v2\/posts\/177233\/revisions\/177235"}],"wp:featuredmedia":[{"embeddable":true,"href":"https:\/\/www.blogdothame.blog.br\/v1\/wp-json\/wp\/v2\/media\/177234"}],"wp:attachment":[{"href":"https:\/\/www.blogdothame.blog.br\/v1\/wp-json\/wp\/v2\/media?parent=177233"}],"wp:term":[{"taxonomy":"category","embeddable":true,"href":"https:\/\/www.blogdothame.blog.br\/v1\/wp-json\/wp\/v2\/categories?post=177233"},{"taxonomy":"post_tag","embeddable":true,"href":"https:\/\/www.blogdothame.blog.br\/v1\/wp-json\/wp\/v2\/tags?post=177233"}],"curies":[{"name":"wp","href":"https:\/\/api.w.org\/{rel}","templated":true}]}}