{"id":177223,"date":"2025-07-01T17:13:59","date_gmt":"2025-07-01T20:13:59","guid":{"rendered":"https:\/\/www.blogdothame.blog.br\/v1\/?p=177223"},"modified":"2025-07-01T16:16:13","modified_gmt":"2025-07-01T19:16:13","slug":"jeronimo-destaca-lideranca-da-bahia-na-revolucao-energetica-durante-apresentacao-de-primeiro-carro-eletrico-montado-na-fabrica-da-byd-em-camacari","status":"publish","type":"post","link":"https:\/\/www.blogdothame.blog.br\/v1\/2025\/07\/01\/jeronimo-destaca-lideranca-da-bahia-na-revolucao-energetica-durante-apresentacao-de-primeiro-carro-eletrico-montado-na-fabrica-da-byd-em-camacari\/","title":{"rendered":"Jer\u00f4nimo destaca lideran\u00e7a da Bahia na revolu\u00e7\u00e3o energ\u00e9tica, durante apresenta\u00e7\u00e3o de primeiro carro el\u00e9trico montado na f\u00e1brica da BYD em Cama\u00e7ari"},"content":{"rendered":"<p><img loading=\"lazy\" class=\"aligncenter wp-image-177224\" src=\"https:\/\/www.blogdothame.blog.br\/v1\/wp-content\/uploads\/2025\/07\/Camacari.-Fotos-Thuane-MariaGOVBA-12.jpeg\" alt=\"\" width=\"424\" height=\"239\" srcset=\"https:\/\/www.blogdothame.blog.br\/v1\/wp-content\/uploads\/2025\/07\/Camacari.-Fotos-Thuane-MariaGOVBA-12.jpeg 600w, https:\/\/www.blogdothame.blog.br\/v1\/wp-content\/uploads\/2025\/07\/Camacari.-Fotos-Thuane-MariaGOVBA-12-300x169.jpeg 300w\" sizes=\"(max-width: 424px) 100vw, 424px\" \/>A Bahia deu mais um importante passo na lideran\u00e7a do setor de energias renov\u00e1veis no Brasil. Com uma linha de montagem das mais modernas do mundo, a F\u00e1brica da BYD em Cama\u00e7ari, na Regi\u00e3o Metropolitana de Salvador, apresentou nesta ter\u00e7a-feira (1\u00ba) os primeiros ve\u00edculos da gigante chinesa montados no pa\u00eds, os modelos Dolphin Mini e Song Pro.<\/p>\n<p><img loading=\"lazy\" class=\"aligncenter wp-image-177225\" src=\"https:\/\/www.blogdothame.blog.br\/v1\/wp-content\/uploads\/2025\/07\/Camacari.-Fotos-Thuane-MariaGOVBA-5.jpeg\" alt=\"\" width=\"432\" height=\"287\" srcset=\"https:\/\/www.blogdothame.blog.br\/v1\/wp-content\/uploads\/2025\/07\/Camacari.-Fotos-Thuane-MariaGOVBA-5.jpeg 600w, https:\/\/www.blogdothame.blog.br\/v1\/wp-content\/uploads\/2025\/07\/Camacari.-Fotos-Thuane-MariaGOVBA-5-300x200.jpeg 300w\" sizes=\"(max-width: 432px) 100vw, 432px\" \/><br \/>\nA chegada da primeira unidade de produ\u00e7\u00e3o da empresa chinesa em solo brasileiro foi resultado de uma ampla articula\u00e7\u00e3o feita pelos governos federal e estadual, com objetivo de garantir uma revolu\u00e7\u00e3o tecnol\u00f3gica no setor automotivo nacional, por meio da transi\u00e7\u00e3o energ\u00e9tica.<\/p>\n<p><img loading=\"lazy\" class=\"aligncenter wp-image-177226\" src=\"https:\/\/www.blogdothame.blog.br\/v1\/wp-content\/uploads\/2025\/07\/Camacari.-Fotos-Thuane-MariaGOVBA-3.jpeg\" alt=\"\" width=\"363\" height=\"241\" srcset=\"https:\/\/www.blogdothame.blog.br\/v1\/wp-content\/uploads\/2025\/07\/Camacari.-Fotos-Thuane-MariaGOVBA-3.jpeg 600w, https:\/\/www.blogdothame.blog.br\/v1\/wp-content\/uploads\/2025\/07\/Camacari.-Fotos-Thuane-MariaGOVBA-3-300x200.jpeg 300w\" sizes=\"(max-width: 363px) 100vw, 363px\" \/><br \/>\nDurante a cerim\u00f4nia, o governador Jer\u00f4nimo Rodrigues destacou o marco hist\u00f3rico do novo momento vivenciado pela Bahia, que passa a sediar uma das maiores e mais modernas montadoras da Am\u00e9rica Latina.<\/p>\n<p>\u201cN\u00f3s estamos em uma caminhada muito forte, para garantir que a Bahia possa continuar sendo destaque na produ\u00e7\u00e3o de energias renov\u00e1veis. Se a Bahia produz e tem um potencial muito forte de energia e\u00f3lica, solar e biomassa, a gente quer trazer para aqui, para pr\u00f3ximo, aquelas ind\u00fastrias que s\u00e3o potenciais consumidores dessas energias. Ent\u00e3o, fico feliz com essa iniciativa da BYD em vir \u00e0 Bahia\u201d, disse Jer\u00f4nimo.<\/p>\n<p><!--more--><\/p>\n<p>Foram apenas 15 meses entre o in\u00edcio das obras e a entrega do primeiro ve\u00edculo em car\u00e1ter experimental, com tecnologia de \u00faltima gera\u00e7\u00e3o, automa\u00e7\u00e3o inteligente e controle total de todas as fases da produ\u00e7\u00e3o. A BYD est\u00e1 investindo R$ 5,5 bilh\u00f5es no complexo de Cama\u00e7ari \u2014 em uma megaestrutura que ocupa 4,6 milh\u00f5es de metros quadrados, o equivalente a 645 campos de futebol. A f\u00e1brica come\u00e7a com capacidade anual de produzir 150 mil ve\u00edculos, com expans\u00e3o planejada para 300 mil na segunda fase, com gera\u00e7\u00e3o de cerca de 20 mil empregos diretos e indiretos.<\/p>\n<p><img loading=\"lazy\" class=\"aligncenter  wp-image-177228\" src=\"https:\/\/www.blogdothame.blog.br\/v1\/wp-content\/uploads\/2025\/07\/Camacari.-Fotos-Thuane-MariaGOVBA-2.jpeg\" alt=\"\" width=\"311\" height=\"467\" srcset=\"https:\/\/www.blogdothame.blog.br\/v1\/wp-content\/uploads\/2025\/07\/Camacari.-Fotos-Thuane-MariaGOVBA-2.jpeg 366w, https:\/\/www.blogdothame.blog.br\/v1\/wp-content\/uploads\/2025\/07\/Camacari.-Fotos-Thuane-MariaGOVBA-2-200x300.jpeg 200w\" sizes=\"(max-width: 311px) 100vw, 311px\" \/><\/p>\n<p>\u201c\u00c9 por isso que a gente tem trabalhado com qualifica\u00e7\u00e3o profissional e em parceria com a empresa, com o sistema S, com o Minist\u00e9rio do Trabalho, para que a m\u00e3o-de-obra local seja aproveitada ao m\u00e1ximo e tenhamos empregos de baianos e baianas na BYD\u201d, afirmou o secret\u00e1rio do Trabalho, Emprego, Renda e Esporte, Augusto Vasconcelos. De acordo com Vasconcelos, aproximadamente 30 empresas ligadas ao setor procuraram o governo estadual, interessadas em se instalar tamb\u00e9m no complexo automotivo. A Continental, fabricante de pneus, j\u00e1 tem contrato homologado para se instalar no polo e fornecer equipamentos para a BYD.<\/p>\n<p><img loading=\"lazy\" class=\"aligncenter  wp-image-177229\" src=\"https:\/\/www.blogdothame.blog.br\/v1\/wp-content\/uploads\/2025\/07\/Camacari.-Fotos-Thuane-MariaGOVBA-3-1.jpeg\" alt=\"\" width=\"351\" height=\"234\" srcset=\"https:\/\/www.blogdothame.blog.br\/v1\/wp-content\/uploads\/2025\/07\/Camacari.-Fotos-Thuane-MariaGOVBA-3-1.jpeg 600w, https:\/\/www.blogdothame.blog.br\/v1\/wp-content\/uploads\/2025\/07\/Camacari.-Fotos-Thuane-MariaGOVBA-3-1-300x200.jpeg 300w\" sizes=\"(max-width: 351px) 100vw, 351px\" \/><\/p>\n<p>Segundo Stella Li, vice-presidente executiva global e CEO da BYD Am\u00e9ricas e Europa, a empresa \u00e9 das que mais investem em pesquisa e desenvolvimento no mundo, trazendo toda sua tecnologia para a f\u00e1brica brasileira. \u201cEsse \u00e9 um momento hist\u00f3rico n\u00e3o apenas para a BYD, mas para o futuro da mobilidade sustent\u00e1vel em toda a Am\u00e9rica Latina. Escolhemos a Bahia pela for\u00e7a de seu povo, pela m\u00e3o de obra capacitada e por acreditarmos no potencial transformador dessa regi\u00e3o\u201d, afirma.<\/p>\n<p><img loading=\"lazy\" class=\"aligncenter  wp-image-177231\" src=\"https:\/\/www.blogdothame.blog.br\/v1\/wp-content\/uploads\/2025\/07\/Camacari.-Fotos-Thuane-MariaGOVBA-4.jpeg\" alt=\"\" width=\"418\" height=\"278\" srcset=\"https:\/\/www.blogdothame.blog.br\/v1\/wp-content\/uploads\/2025\/07\/Camacari.-Fotos-Thuane-MariaGOVBA-4.jpeg 600w, https:\/\/www.blogdothame.blog.br\/v1\/wp-content\/uploads\/2025\/07\/Camacari.-Fotos-Thuane-MariaGOVBA-4-300x200.jpeg 300w\" sizes=\"(max-width: 418px) 100vw, 418px\" \/><\/p>\n<p>J\u00e1 o vice-presidente s\u00eanior da BYD Brasil, Alexandre Baldy, disse que o objetivo \u00e9 transformar Cama\u00e7ari em uma pot\u00eancia para o futuro. \u201cAgora, nesse regime de teste que estar\u00e1 sendo realizado nos pr\u00f3ximos dias, como disse aqui o governador, as licen\u00e7as que s\u00e3o necess\u00e1rias, creio eu, ser\u00e3o liberadas em dias. Ent\u00e3o, em poucas semanas n\u00f3s estaremos de volta aqui celebrando a produ\u00e7\u00e3o em linha, para poder, ent\u00e3o, come\u00e7ar a fabrica\u00e7\u00e3o oficial em linha dos nossos carros BYD Dolphin Mini e o BYD Song Pro\u201d, destacou.<\/p>\n<p>Fotos: Thuane Maria\/GOVBA<\/p>\n","protected":false},"excerpt":{"rendered":"<p>A Bahia deu mais um importante passo na lideran\u00e7a do setor de energias renov\u00e1veis no Brasil. Com uma linha de montagem das mais modernas do mundo, a F\u00e1brica da BYD em Cama\u00e7ari, na Regi\u00e3o Metropolitana de Salvador, apresentou nesta ter\u00e7a-feira (1\u00ba) os primeiros ve\u00edculos da gigante chinesa montados no pa\u00eds, os modelos Dolphin Mini e [&hellip;]<\/p>\n","protected":false},"author":2,"featured_media":177225,"comment_status":"open","ping_status":"open","sticky":false,"template":"","format":"standard","meta":{"_links_to":"","_links_to_target":""},"categories":[33432],"tags":[35055,1547,16,12213],"_links":{"self":[{"href":"https:\/\/www.blogdothame.blog.br\/v1\/wp-json\/wp\/v2\/posts\/177223"}],"collection":[{"href":"https:\/\/www.blogdothame.blog.br\/v1\/wp-json\/wp\/v2\/posts"}],"about":[{"href":"https:\/\/www.blogdothame.blog.br\/v1\/wp-json\/wp\/v2\/types\/post"}],"author":[{"embeddable":true,"href":"https:\/\/www.blogdothame.blog.br\/v1\/wp-json\/wp\/v2\/users\/2"}],"replies":[{"embeddable":true,"href":"https:\/\/www.blogdothame.blog.br\/v1\/wp-json\/wp\/v2\/comments?post=177223"}],"version-history":[{"count":3,"href":"https:\/\/www.blogdothame.blog.br\/v1\/wp-json\/wp\/v2\/posts\/177223\/revisions"}],"predecessor-version":[{"id":177232,"href":"https:\/\/www.blogdothame.blog.br\/v1\/wp-json\/wp\/v2\/posts\/177223\/revisions\/177232"}],"wp:featuredmedia":[{"embeddable":true,"href":"https:\/\/www.blogdothame.blog.br\/v1\/wp-json\/wp\/v2\/media\/177225"}],"wp:attachment":[{"href":"https:\/\/www.blogdothame.blog.br\/v1\/wp-json\/wp\/v2\/media?parent=177223"}],"wp:term":[{"taxonomy":"category","embeddable":true,"href":"https:\/\/www.blogdothame.blog.br\/v1\/wp-json\/wp\/v2\/categories?post=177223"},{"taxonomy":"post_tag","embeddable":true,"href":"https:\/\/www.blogdothame.blog.br\/v1\/wp-json\/wp\/v2\/tags?post=177223"}],"curies":[{"name":"wp","href":"https:\/\/api.w.org\/{rel}","templated":true}]}}