{"id":177208,"date":"2025-07-02T09:32:03","date_gmt":"2025-07-02T12:32:03","guid":{"rendered":"https:\/\/www.blogdothame.blog.br\/v1\/?p=177208"},"modified":"2025-07-01T11:36:02","modified_gmt":"2025-07-01T14:36:02","slug":"violencia-processual-e-tema-de-reuniao-da-frente-parlamentar-de-mulheres-na-camara-de-ilheus","status":"publish","type":"post","link":"https:\/\/www.blogdothame.blog.br\/v1\/2025\/07\/02\/violencia-processual-e-tema-de-reuniao-da-frente-parlamentar-de-mulheres-na-camara-de-ilheus\/","title":{"rendered":"Viol\u00eancia processual \u00e9 tema de reuni\u00e3o da Frente Parlamentar de Mulheres na C\u00e2mara de Ilh\u00e9us"},"content":{"rendered":"<div id=\"attachment_177209\" style=\"width: 318px\" class=\"wp-caption aligncenter\"><img aria-describedby=\"caption-attachment-177209\" loading=\"lazy\" class=\" wp-image-177209\" src=\"https:\/\/www.blogdothame.blog.br\/v1\/wp-content\/uploads\/2025\/07\/PHOTO-2025-07-01-11-18-21.jpg\" alt=\"\" width=\"308\" height=\"308\" srcset=\"https:\/\/www.blogdothame.blog.br\/v1\/wp-content\/uploads\/2025\/07\/PHOTO-2025-07-01-11-18-21.jpg 550w, https:\/\/www.blogdothame.blog.br\/v1\/wp-content\/uploads\/2025\/07\/PHOTO-2025-07-01-11-18-21-300x300.jpg 300w, https:\/\/www.blogdothame.blog.br\/v1\/wp-content\/uploads\/2025\/07\/PHOTO-2025-07-01-11-18-21-150x150.jpg 150w\" sizes=\"(max-width: 308px) 100vw, 308px\" \/><p id=\"caption-attachment-177209\" class=\"wp-caption-text\">Joana Rodrigues, Liane Cruz e Thais Bandeira<\/p><\/div>\n<p>A Frente Parlamentar de Mulheres da C\u00e2mara Municipal de Ilh\u00e9us realiza, no pr\u00f3ximo dia 3 de julho, \u00e0s 15h, uma reuni\u00e3o com o tema \u201cViol\u00eancia processual e a import\u00e2ncia de julgamentos sob a perspectiva de g\u00eanero\u201d. O encontro acontecer\u00e1 no plen\u00e1rio da Casa Legislativa e contar\u00e1 com a presen\u00e7a de tr\u00eas importantes representantes da Ordem dos Advogados do Brasil (OAB) na luta pelos direitos das mulheres.<\/p>\n<p>Participam como palestrantes: Tha\u00eds Bandeira, presidenta da Comiss\u00e3o da Mulher Advogada da OAB Bahia; Joana Rodrigues, presidenta do Comit\u00ea de Capacita\u00e7\u00f5es da OAB Bahia sobre o Protocolo para Julgamento com Perspectiva de G\u00eanero; Liane Cruz, presidenta da Comiss\u00e3o da Mulher da OAB Ilh\u00e9us.<\/p>\n<p>A atividade \u00e9 aberta ao p\u00fablico e tem como objetivo promover o debate sobre pr\u00e1ticas judiciais mais justas e sens\u00edveis \u00e0s desigualdades de g\u00eanero, al\u00e9m de alertar para a viol\u00eancia processual sofrida por muitas mulheres nos espa\u00e7os de justi\u00e7a.<\/p>\n<p>&nbsp;<\/p>\n","protected":false},"excerpt":{"rendered":"<p>A Frente Parlamentar de Mulheres da C\u00e2mara Municipal de Ilh\u00e9us realiza, no pr\u00f3ximo dia 3 de julho, \u00e0s 15h, uma reuni\u00e3o com o tema \u201cViol\u00eancia processual e a import\u00e2ncia de julgamentos sob a perspectiva de g\u00eanero\u201d. O encontro acontecer\u00e1 no plen\u00e1rio da Casa Legislativa e contar\u00e1 com a presen\u00e7a de tr\u00eas importantes representantes da Ordem [&hellip;]<\/p>\n","protected":false},"author":2,"featured_media":177209,"comment_status":"open","ping_status":"open","sticky":false,"template":"","format":"standard","meta":{"_links_to":"","_links_to_target":""},"categories":[33435],"tags":[40099,218,40100],"_links":{"self":[{"href":"https:\/\/www.blogdothame.blog.br\/v1\/wp-json\/wp\/v2\/posts\/177208"}],"collection":[{"href":"https:\/\/www.blogdothame.blog.br\/v1\/wp-json\/wp\/v2\/posts"}],"about":[{"href":"https:\/\/www.blogdothame.blog.br\/v1\/wp-json\/wp\/v2\/types\/post"}],"author":[{"embeddable":true,"href":"https:\/\/www.blogdothame.blog.br\/v1\/wp-json\/wp\/v2\/users\/2"}],"replies":[{"embeddable":true,"href":"https:\/\/www.blogdothame.blog.br\/v1\/wp-json\/wp\/v2\/comments?post=177208"}],"version-history":[{"count":1,"href":"https:\/\/www.blogdothame.blog.br\/v1\/wp-json\/wp\/v2\/posts\/177208\/revisions"}],"predecessor-version":[{"id":177210,"href":"https:\/\/www.blogdothame.blog.br\/v1\/wp-json\/wp\/v2\/posts\/177208\/revisions\/177210"}],"wp:featuredmedia":[{"embeddable":true,"href":"https:\/\/www.blogdothame.blog.br\/v1\/wp-json\/wp\/v2\/media\/177209"}],"wp:attachment":[{"href":"https:\/\/www.blogdothame.blog.br\/v1\/wp-json\/wp\/v2\/media?parent=177208"}],"wp:term":[{"taxonomy":"category","embeddable":true,"href":"https:\/\/www.blogdothame.blog.br\/v1\/wp-json\/wp\/v2\/categories?post=177208"},{"taxonomy":"post_tag","embeddable":true,"href":"https:\/\/www.blogdothame.blog.br\/v1\/wp-json\/wp\/v2\/tags?post=177208"}],"curies":[{"name":"wp","href":"https:\/\/api.w.org\/{rel}","templated":true}]}}