{"id":177178,"date":"2025-07-01T08:17:00","date_gmt":"2025-07-01T11:17:00","guid":{"rendered":"https:\/\/www.blogdothame.blog.br\/v1\/?p=177178"},"modified":"2025-07-01T08:19:31","modified_gmt":"2025-07-01T11:19:31","slug":"augusto-castro-faz-balanco-positivo-do-ita-pedro-e-destaca-atracoes-e-parcerias","status":"publish","type":"post","link":"https:\/\/www.blogdothame.blog.br\/v1\/2025\/07\/01\/augusto-castro-faz-balanco-positivo-do-ita-pedro-e-destaca-atracoes-e-parcerias\/","title":{"rendered":"Augusto Castro faz balan\u00e7o positivo do Ita Pedro e destaca atra\u00e7\u00f5es e parcerias"},"content":{"rendered":"<p><img loading=\"lazy\" class=\"aligncenter wp-image-177179\" src=\"https:\/\/www.blogdothame.blog.br\/v1\/wp-content\/uploads\/2025\/07\/acitao.jpeg\" alt=\"\" width=\"429\" height=\"286\" srcset=\"https:\/\/www.blogdothame.blog.br\/v1\/wp-content\/uploads\/2025\/07\/acitao.jpeg 600w, https:\/\/www.blogdothame.blog.br\/v1\/wp-content\/uploads\/2025\/07\/acitao-300x200.jpeg 300w\" sizes=\"(max-width: 429px) 100vw, 429px\" \/>\u201cEstou muito feliz pelo sucesso da 4\u00aa edi\u00e7\u00e3o do Ita Pedro \u2013 O melhor S\u00e3o Pedro do Brasil. \u00c9 a marca da nossa administra\u00e7\u00e3o. Para se ter ideia, nesse ano fizemos trabalho de planejamento e inclus\u00e3o juntamente com o Governo da Bahia, as for\u00e7as de seguran\u00e7a e parceiros para boa estrutura de palco e som, trouxemos 36 atra\u00e7\u00f5es regionais e nacionais e tivemos tranquilidade.\u201d A avalia\u00e7\u00e3o foi feita pelo prefeito de Itabuna, Augusto Castro (PSD).<\/p>\n<p>\u201cO Ita Pedro evolui a cada ano. Neste ano tivemos apoio do Governo Federal, atrav\u00e9s da Caixa Econ\u00f4mica Federal e Petrobras, e parceiros privados que juntaram sua marca a esta festa que j\u00e1 \u00e9 reconhecida nacionalmente\u201d, acrescentou. Segundo o prefeito, para uma cidade que n\u00e3o tinha tradi\u00e7\u00e3o em grandes eventos, demonstramos que com planejamento podemos fazer sim e a prova disso \u00e9 que o p\u00fablico evoluiu de 75 mil para cerca de 120 mil pessoas nas noites seguintes\u201d, lembrou Augusto Castro.<\/p>\n<p>O presidente da Funda\u00e7\u00e3o Itabunense de Cultura e Cidadania (FICC), afirmou que a satisfa\u00e7\u00e3o das pessoas em participar de uma festa com 100% de paz \u00e9 um reconhecimento ao esfor\u00e7o empreendido. \u201cE o mais importante ao destacar \u00e9 o fato de a cidade ter incorporado o sentimento de \u00a0pertencimento do Ita Pedro que eleva a autoestima, projeta Itabuna nacionalmente \u2013 marca do governo Augusto Castro \u2013 e demonstra a capacidade de execu\u00e7\u00e3o com o apoio do Governo do Estado, sem o que seria imposs\u00edvel realizar a festa\u201d, comentou.<\/p>\n<p><!--more--><\/p>\n<p>ALEGRIA E SEGURAN\u00c7A<\/p>\n<p>A 4\u00b0 edi\u00e7\u00e3o do Ita Pedro \u2013 O maior S\u00e3o Pedro do Brasil encerrada na manh\u00e3 desta segunda-feira, dia 30, teve apresenta\u00e7\u00f5es de grandes nomes da m\u00fasica contempor\u00e2nea nacional e regional como Z\u00e9 Neto e Cristiano, Henrique e Juliano, Lord\u00e3o, Dilsinho, Natanzinho, e, claro manteve viva a tradi\u00e7\u00e3o do forr\u00f3 com \u00a0Marlus Viana e Dorgival Dantas.<\/p>\n<p>Com recordes de p\u00fablico, o Ita Pedro 2025 contou com equipes especializadas das secretarias municipais da Sa\u00fade, Seguran\u00e7a e Ordem P\u00fablica e Promo\u00e7\u00e3o Social e Combate \u00e0 Pobreza, Policia Militar da Bahia, por meio de unidades subordinadas ao CPRS (CIPT-Sul e as CIPMs: 8\u00aa\/Itapetinga, 61\u00aa\/Ubaitaba, 62\u00aa\/Camacan, 63\u00aa\/Ibicarai, 68\u00aa\/Ilh\u00e9us-Centro, 69\u00aa\/Ilh\u00e9us-Sul e 70\u00aa\/Ilh\u00e9us-Norte), al\u00e9m do apoio da CIPRv\/Itabuna, CIPE Cacaueira, EsqdPMont e CIPGd, \u00a0Corpo de Bombeiros, Pol\u00edcia Civil e Pol\u00edcia Rodovi\u00e1ria Federal.<\/p>\n<p>A Secretaria de Promo\u00e7\u00e3o Social e Combate \u00e0 Pobreza, por exemplo, realizou orienta\u00e7\u00f5es educativas de combate \u00e0 viol\u00eancia contra mulher, o Espa\u00e7o Kids para as crian\u00e7as de 0 a 12 anos, filhos dos vendedores ambulantes, e espa\u00e7o destinado para Pessoas com Defici\u00eancia (PCD) e idosos sob a \u00e1rea frontal ao palco.<\/p>\n<p>De acordo com o comando do 15\u00b0 Batalh\u00e3o da Pol\u00edcia Militar, nos quatro dias de festa o p\u00fablico total foi de 326 mil pessoas. J\u00e1 o Servi\u00e7o de Atendimento M\u00f3vel de Sa\u00fade (SAMU) registrou 175 ocorr\u00eancias no total. Segundo o Capit\u00e3o do 4\u00b0 Batalh\u00e3o de Bombeiros Militares, Robson Nascimento, o Corpo de Bombeiros teve em m\u00e9dia 20 ocorr\u00eancias por noite, a maioria situa\u00e7\u00e3o envolvendo embriaguez.<\/p>\n<p>(Foto Ascom PMI)<\/p>\n<p>&nbsp;<\/p>\n","protected":false},"excerpt":{"rendered":"<p>\u201cEstou muito feliz pelo sucesso da 4\u00aa edi\u00e7\u00e3o do Ita Pedro \u2013 O melhor S\u00e3o Pedro do Brasil. \u00c9 a marca da nossa administra\u00e7\u00e3o. Para se ter ideia, nesse ano fizemos trabalho de planejamento e inclus\u00e3o juntamente com o Governo da Bahia, as for\u00e7as de seguran\u00e7a e parceiros para boa estrutura de palco e som, [&hellip;]<\/p>\n","protected":false},"author":2,"featured_media":177179,"comment_status":"open","ping_status":"open","sticky":false,"template":"","format":"standard","meta":{"_links_to":"","_links_to_target":""},"categories":[33434],"tags":[188,39800,39],"_links":{"self":[{"href":"https:\/\/www.blogdothame.blog.br\/v1\/wp-json\/wp\/v2\/posts\/177178"}],"collection":[{"href":"https:\/\/www.blogdothame.blog.br\/v1\/wp-json\/wp\/v2\/posts"}],"about":[{"href":"https:\/\/www.blogdothame.blog.br\/v1\/wp-json\/wp\/v2\/types\/post"}],"author":[{"embeddable":true,"href":"https:\/\/www.blogdothame.blog.br\/v1\/wp-json\/wp\/v2\/users\/2"}],"replies":[{"embeddable":true,"href":"https:\/\/www.blogdothame.blog.br\/v1\/wp-json\/wp\/v2\/comments?post=177178"}],"version-history":[{"count":1,"href":"https:\/\/www.blogdothame.blog.br\/v1\/wp-json\/wp\/v2\/posts\/177178\/revisions"}],"predecessor-version":[{"id":177180,"href":"https:\/\/www.blogdothame.blog.br\/v1\/wp-json\/wp\/v2\/posts\/177178\/revisions\/177180"}],"wp:featuredmedia":[{"embeddable":true,"href":"https:\/\/www.blogdothame.blog.br\/v1\/wp-json\/wp\/v2\/media\/177179"}],"wp:attachment":[{"href":"https:\/\/www.blogdothame.blog.br\/v1\/wp-json\/wp\/v2\/media?parent=177178"}],"wp:term":[{"taxonomy":"category","embeddable":true,"href":"https:\/\/www.blogdothame.blog.br\/v1\/wp-json\/wp\/v2\/categories?post=177178"},{"taxonomy":"post_tag","embeddable":true,"href":"https:\/\/www.blogdothame.blog.br\/v1\/wp-json\/wp\/v2\/tags?post=177178"}],"curies":[{"name":"wp","href":"https:\/\/api.w.org\/{rel}","templated":true}]}}