{"id":176798,"date":"2025-06-17T15:13:09","date_gmt":"2025-06-17T18:13:09","guid":{"rendered":"https:\/\/www.blogdothame.blog.br\/v1\/?p=176798"},"modified":"2025-06-17T14:43:52","modified_gmt":"2025-06-17T17:43:52","slug":"emasa-participa-da-feira-comunitaria-de-projeto-social-no-jardim-jacana","status":"publish","type":"post","link":"https:\/\/www.blogdothame.blog.br\/v1\/2025\/06\/17\/emasa-participa-da-feira-comunitaria-de-projeto-social-no-jardim-jacana\/","title":{"rendered":"EMASA participa da Feira Comunit\u00e1ria de  projeto social no Jardim Ja\u00e7an\u00e3"},"content":{"rendered":"<p><img loading=\"lazy\" class=\"aligncenter  wp-image-176799\" src=\"https:\/\/www.blogdothame.blog.br\/v1\/wp-content\/uploads\/2025\/06\/PHOTO-2025-06-17-13-51-10.jpg\" alt=\"\" width=\"251\" height=\"334\" srcset=\"https:\/\/www.blogdothame.blog.br\/v1\/wp-content\/uploads\/2025\/06\/PHOTO-2025-06-17-13-51-10.jpg 413w, https:\/\/www.blogdothame.blog.br\/v1\/wp-content\/uploads\/2025\/06\/PHOTO-2025-06-17-13-51-10-225x300.jpg 225w\" sizes=\"(max-width: 251px) 100vw, 251px\" \/>Nesta ter\u00e7a-feira (17), a Empresa Municipal de \u00c1guas e Saneamento (EMASA) participou na Feira Comunit\u00e1ria de Encerramento do Projeto de Trabalho Social (PTS), realizada na \u00e1rea coletiva do Residencial Jardim Ja\u00e7an\u00e3, em Itabuna. A a\u00e7\u00e3o foi promovida pela Companhia de Desenvolvimento Urbano do Estado da Bahia (CONDER), dentro do Programa Bahia Minha Casa, que acompanha as fam\u00edlias reassentadas ap\u00f3s as enchentes entre 2021 e 2022.<\/p>\n<p><img loading=\"lazy\" class=\"aligncenter  wp-image-176800\" src=\"https:\/\/www.blogdothame.blog.br\/v1\/wp-content\/uploads\/2025\/06\/PHOTO-2025-06-17-13-51-13.jpg\" alt=\"\" width=\"320\" height=\"250\" srcset=\"https:\/\/www.blogdothame.blog.br\/v1\/wp-content\/uploads\/2025\/06\/PHOTO-2025-06-17-13-51-13.jpg 600w, https:\/\/www.blogdothame.blog.br\/v1\/wp-content\/uploads\/2025\/06\/PHOTO-2025-06-17-13-51-13-300x235.jpg 300w\" sizes=\"(max-width: 320px) 100vw, 320px\" \/><\/p>\n<p>A empresa levou para o evento atividades do programa EMASA Mais Perto, que tem aproximado a empresa das comunidades com orienta\u00e7\u00f5es sobre o uso consciente da \u00e1gua, al\u00e9m de din\u00e2micas e brincadeiras l\u00fadicas voltadas \u00e0 educa\u00e7\u00e3o ambiental. \u201cEsse \u00e9 um novo momento da EMASA, mais pr\u00f3ximo da popula\u00e7\u00e3o, com a\u00e7\u00f5es que v\u00e3o al\u00e9m dos servi\u00e7os operacionais. O EMASA Mais Perto \u00e9 uma ponte entre a empresa e as comunidades, promovendo cidadania e di\u00e1logo direto com os moradores\u201d, afirmou o presidente Ivan Maia.<\/p>\n<p>&nbsp;<\/p>\n<p>A participa\u00e7\u00e3o da empresa foi elogiada pela organiza\u00e7\u00e3o do evento. \u201cA Feira \u00e9 um marco de encerramento do nosso projeto social e tem como foco mostrar os resultados do trabalho desenvolvido com as fam\u00edlias. A presen\u00e7a da EMASA agrega muito ao promover conhecimento sobre o uso consciente da \u00e1gua e servi\u00e7os p\u00fablicos essenciais\u201d, destacou Vanessa Souza, supervisora do PTS pela COSOC\/CONDER.<\/p>\n<p><!--more--><\/p>\n<p>A assessora t\u00e9cnica da CONDER, D\u00e9borah Monteiro, tamb\u00e9m ressaltou a import\u00e2ncia do momento. \u201cA Feira representa o encerramento de uma etapa importante. \u00c9 tamb\u00e9m uma oportunidade para fortalecer o senso de pertencimento da comunidade e ampliar o acesso a pol\u00edticas p\u00fablicas.\u201d<\/p>\n<p><img loading=\"lazy\" class=\"aligncenter  wp-image-176802\" src=\"https:\/\/www.blogdothame.blog.br\/v1\/wp-content\/uploads\/2025\/06\/PHOTO-2025-06-17-13-51-12.jpg\" alt=\"\" width=\"336\" height=\"275\" srcset=\"https:\/\/www.blogdothame.blog.br\/v1\/wp-content\/uploads\/2025\/06\/PHOTO-2025-06-17-13-51-12.jpg 571w, https:\/\/www.blogdothame.blog.br\/v1\/wp-content\/uploads\/2025\/06\/PHOTO-2025-06-17-13-51-12-300x246.jpg 300w\" sizes=\"(max-width: 336px) 100vw, 336px\" \/><\/p>\n<p>Presente com o marido e a filha rec\u00e9m-nascida, a moradora do residencial Ana Paula Pereira avaliou positivamente a participa\u00e7\u00e3o da EMASA no evento. \u201cRecebemos orienta\u00e7\u00f5es muito \u00fateis, principalmente sobre economia de \u00e1gua e os canais de atendimento. Foi uma a\u00e7\u00e3o diferente e muito importante para n\u00f3s moradores.\u201d<\/p>\n<p><img loading=\"lazy\" class=\"aligncenter  wp-image-176801\" src=\"https:\/\/www.blogdothame.blog.br\/v1\/wp-content\/uploads\/2025\/06\/PHOTO-2025-06-17-13-51-17-1.jpg\" alt=\"\" width=\"369\" height=\"297\" srcset=\"https:\/\/www.blogdothame.blog.br\/v1\/wp-content\/uploads\/2025\/06\/PHOTO-2025-06-17-13-51-17-1.jpg 600w, https:\/\/www.blogdothame.blog.br\/v1\/wp-content\/uploads\/2025\/06\/PHOTO-2025-06-17-13-51-17-1-300x242.jpg 300w\" sizes=\"(max-width: 369px) 100vw, 369px\" \/><\/p>\n<p>Para o diretor de Expans\u00e3o e Opera\u00e7\u00e3o da EMASA, Fernando Duarte, a iniciativa refor\u00e7a o papel social da empresa. \u201cEstar presente num evento como esse \u00e9 valorizar o cidad\u00e3o e reconhecer o impacto que o saneamento b\u00e1sico tem na sa\u00fade e na qualidade de vida das fam\u00edlias reassentadas.\u201d<\/p>\n<p><!--more--><\/p>\n<p>Tamb\u00e9m participaram da a\u00e7\u00e3o o diretor de Planejamento da EMASA, Jos\u00e9 Silva e Santos, a assessora da presid\u00eancia Josimeire Alves, o vice-prefeito J\u00fanior Brand\u00e3o e a secret\u00e1ria de Infraestrutura e Urbanismo e presidente do Conselho de Administra\u00e7\u00e3o da EMASA, S\u00f4nia Fontes. Al\u00e9m dos funcion\u00e1rios Brenda Paix\u00e3o (Encarregada de Gest\u00e3o Ambiental), Maria D&#8217;Ajuda Nascimento (Coordenadora do Setor de Assist\u00eancia Social), Jos\u00e9 Rodrigues (Coordenador de Rela\u00e7\u00f5es Comunit\u00e1rias) e Indhoara Mendon\u00e7a (Coordenadora de N\u00facleo e Projeto).<\/p>\n","protected":false},"excerpt":{"rendered":"<p>Nesta ter\u00e7a-feira (17), a Empresa Municipal de \u00c1guas e Saneamento (EMASA) participou na Feira Comunit\u00e1ria de Encerramento do Projeto de Trabalho Social (PTS), realizada na \u00e1rea coletiva do Residencial Jardim Ja\u00e7an\u00e3, em Itabuna. A a\u00e7\u00e3o foi promovida pela Companhia de Desenvolvimento Urbano do Estado da Bahia (CONDER), dentro do Programa Bahia Minha Casa, que acompanha [&hellip;]<\/p>\n","protected":false},"author":2,"featured_media":176799,"comment_status":"open","ping_status":"open","sticky":false,"template":"","format":"standard","meta":{"_links_to":"","_links_to_target":""},"categories":[33434],"tags":[2508,40020,39,40021],"_links":{"self":[{"href":"https:\/\/www.blogdothame.blog.br\/v1\/wp-json\/wp\/v2\/posts\/176798"}],"collection":[{"href":"https:\/\/www.blogdothame.blog.br\/v1\/wp-json\/wp\/v2\/posts"}],"about":[{"href":"https:\/\/www.blogdothame.blog.br\/v1\/wp-json\/wp\/v2\/types\/post"}],"author":[{"embeddable":true,"href":"https:\/\/www.blogdothame.blog.br\/v1\/wp-json\/wp\/v2\/users\/2"}],"replies":[{"embeddable":true,"href":"https:\/\/www.blogdothame.blog.br\/v1\/wp-json\/wp\/v2\/comments?post=176798"}],"version-history":[{"count":1,"href":"https:\/\/www.blogdothame.blog.br\/v1\/wp-json\/wp\/v2\/posts\/176798\/revisions"}],"predecessor-version":[{"id":176803,"href":"https:\/\/www.blogdothame.blog.br\/v1\/wp-json\/wp\/v2\/posts\/176798\/revisions\/176803"}],"wp:featuredmedia":[{"embeddable":true,"href":"https:\/\/www.blogdothame.blog.br\/v1\/wp-json\/wp\/v2\/media\/176799"}],"wp:attachment":[{"href":"https:\/\/www.blogdothame.blog.br\/v1\/wp-json\/wp\/v2\/media?parent=176798"}],"wp:term":[{"taxonomy":"category","embeddable":true,"href":"https:\/\/www.blogdothame.blog.br\/v1\/wp-json\/wp\/v2\/categories?post=176798"},{"taxonomy":"post_tag","embeddable":true,"href":"https:\/\/www.blogdothame.blog.br\/v1\/wp-json\/wp\/v2\/tags?post=176798"}],"curies":[{"name":"wp","href":"https:\/\/api.w.org\/{rel}","templated":true}]}}