{"id":176789,"date":"2025-06-17T12:13:57","date_gmt":"2025-06-17T15:13:57","guid":{"rendered":"https:\/\/www.blogdothame.blog.br\/v1\/?p=176789"},"modified":"2025-06-17T10:48:35","modified_gmt":"2025-06-17T13:48:35","slug":"aci-empossa-erivaldo-benevides-como-presidente-e-nova-diretoria-em-solenidade-historica","status":"publish","type":"post","link":"https:\/\/www.blogdothame.blog.br\/v1\/2025\/06\/17\/aci-empossa-erivaldo-benevides-como-presidente-e-nova-diretoria-em-solenidade-historica\/","title":{"rendered":"ACI empossa Erivaldo Benevides como presidente e nova diretoria em solenidade hist\u00f3rica"},"content":{"rendered":"<p><img loading=\"lazy\" class=\"aligncenter wp-image-176790\" src=\"https:\/\/www.blogdothame.blog.br\/v1\/wp-content\/uploads\/2025\/06\/PHOTO-2025-06-17-10-32-44.jpg\" alt=\"\" width=\"483\" height=\"323\" srcset=\"https:\/\/www.blogdothame.blog.br\/v1\/wp-content\/uploads\/2025\/06\/PHOTO-2025-06-17-10-32-44.jpg 600w, https:\/\/www.blogdothame.blog.br\/v1\/wp-content\/uploads\/2025\/06\/PHOTO-2025-06-17-10-32-44-300x201.jpg 300w\" sizes=\"(max-width: 483px) 100vw, 483px\" \/><\/p>\n<p style=\"text-align: right;\"><strong>Viviane Cabral<\/strong><\/p>\n<p>Em cerim\u00f4nia hist\u00f3rica nesta segunda-feira, 16 de junho, que celebrou os 117 anos de funda\u00e7\u00e3o da Associa\u00e7\u00e3o Comercial e Empresarial de Itabuna (ACI), fundada em 14 de junho de 1908, foi empossado o advogado tributarista e empres\u00e1rio do ramo de chocolate, Erivaldo Benevides como presidente, para o bi\u00eanio 2025\u20132027. Ao mesmo tempo, foi oficializada a composi\u00e7\u00e3o de membros da nova Assembleia Geral, do Conselho Diretor e da Comiss\u00e3o de Contas.<\/p>\n<p><img loading=\"lazy\" class=\"aligncenter wp-image-176791\" src=\"https:\/\/www.blogdothame.blog.br\/v1\/wp-content\/uploads\/2025\/06\/PHOTO-2025-06-17-10-32-44-2.jpg\" alt=\"\" width=\"404\" height=\"303\" srcset=\"https:\/\/www.blogdothame.blog.br\/v1\/wp-content\/uploads\/2025\/06\/PHOTO-2025-06-17-10-32-44-2.jpg 600w, https:\/\/www.blogdothame.blog.br\/v1\/wp-content\/uploads\/2025\/06\/PHOTO-2025-06-17-10-32-44-2-300x225.jpg 300w\" sizes=\"(max-width: 404px) 100vw, 404px\" \/><\/p>\n<p>A solenidade reuniu autoridades de Itabuna e Ilh\u00e9us, ligados ao Poder P\u00fablico Municipal e Estadual, a imprensa, aos representantes de institui\u00e7\u00f5es do com\u00e9rcio, dos prestadores de servi\u00e7os, da ind\u00fastria, do movimento de mulheres, entre outros, que presenciaram um grande momento de celebra\u00e7\u00e3o e do emocionado agradecimento do ex-presidente Valdino Cunha pelos dois anos de atua\u00e7\u00e3o em defesa da classe empresarial de Itabuna.<\/p>\n<p><!--more--><\/p>\n<p>\u201cDois anos que guardarei para sempre, gravados em minha mem\u00f3ria, nas palavras que pronuncio hoje, e no cora\u00e7\u00e3o que agradece \u2013 profundamente. Agrade\u00e7o \u00e0 ACI \u2013 pela confian\u00e7a depositada em meu nome, pelo respaldo institucional e por me permitir servir em um momento t\u00e3o desafiador quanto transformador. Agrade\u00e7o, com sincera emo\u00e7\u00e3o, a cada associado, por confiarem, por contribu\u00edrem, por entenderem que juntos somos mais fortes\u201d, destacou o ex-presidente.<\/p>\n<p>Nova gest\u00e3o: vis\u00e3o de expans\u00e3o e fortalecimento<\/p>\n<p><img loading=\"lazy\" class=\"aligncenter wp-image-176792\" src=\"https:\/\/www.blogdothame.blog.br\/v1\/wp-content\/uploads\/2025\/06\/PHOTO-2025-06-17-10-32-44-3.jpg\" alt=\"\" width=\"379\" height=\"284\" srcset=\"https:\/\/www.blogdothame.blog.br\/v1\/wp-content\/uploads\/2025\/06\/PHOTO-2025-06-17-10-32-44-3.jpg 600w, https:\/\/www.blogdothame.blog.br\/v1\/wp-content\/uploads\/2025\/06\/PHOTO-2025-06-17-10-32-44-3-300x225.jpg 300w\" sizes=\"(max-width: 379px) 100vw, 379px\" \/><\/p>\n<p>J\u00e1 o presidente empossado, Erivaldo Benevides destacou em seu discurso de posse que estar\u00e1 seguindo o que o artigo primeiro do estatuto da ACI preconiza, que \u00e9 \u201cdefender pelos meios legais e regulares, a classe empresarial\u201d. \u201cDefenderemos o di\u00e1logo constante com os poderes Executivo, Legislativo e Judici\u00e1rio, visando a promo\u00e7\u00e3o de um ambiente de neg\u00f3cios pr\u00f3spero para a cidade, e, na realiza\u00e7\u00e3o de eventos, capacita\u00e7\u00f5es e treinamentos com o objetivo de potencializar os neg\u00f3cios locais\u201d.<\/p>\n<p>Benevides assume a ACI com o objetivo de fortalecer o associativismo, dar continuidade \u00e0s a\u00e7\u00f5es que marcaram gest\u00f5es passadas, bem como expandir o alcance e a representatividade da Associa\u00e7\u00e3o, promovendo uma maior aproxima\u00e7\u00e3o com os empres\u00e1rios de toda a cidade. Ele ainda destacou que pretende cobrar do Poder Executivo a implementa\u00e7\u00e3o do Conselho de Contribuintes do Munic\u00edpio de Itabuna, j\u00e1 aprovado pela C\u00e2mara de Vereadores.<\/p>\n<p>\u201cVamos colocar a ACI no centro das discuss\u00f5es nas reuni\u00f5es ordin\u00e1rias, que voltaram a acontecer todas as segundas-feiras, \u00e0s 19 horas no audit\u00f3rio da nossa entidade. A nossa meta \u00e9 ampliar o n\u00famero de associados, retomar o Semin\u00e1rio de Marketing e reativar o Programa Capacitar, para levar a ACI cada vez mais pr\u00f3xima dos empres\u00e1rios dos bairros de Itabuna\u201d, declarou.<\/p>\n<p>O Presidente da Federa\u00e7\u00e3o das Associa\u00e7\u00f5es Comerciais e Empresariais da Bahia &#8211; FACEB, Cloves Cedraz parabenizou a forte atua\u00e7\u00e3o da ACI de Itabuna, que nesses 117 anos de funda\u00e7\u00e3o tenha se tornado uma entidade t\u00e3o influente para a classe empresarial e com a grande participa\u00e7\u00e3o das mulheres. \u201cQuando as lideran\u00e7as se imp\u00f5em, faz com que as pessoas, os empres\u00e1rios e lideran\u00e7as da cidade reconhe\u00e7a o papel dela e procure participar. Isso \u00e9 uma demonstra\u00e7\u00e3o de for\u00e7a que a entidade tem, do respeito que ela merece da sociedade e dos empres\u00e1rios\u201d.<\/p>\n<p>*Hist\u00f3ria*<\/p>\n<p>A ACI surgira originalmente como a Uni\u00e3o Comercial de Itabuna, mobilizada por comerciantes locais para enfrentar a press\u00e3o excessiva de fiscais do governo estadual \u2013 a\u00e7\u00e3o que se tornou pe\u00e7a-chave para a emancipa\u00e7\u00e3o pol\u00edtica da cidade, concretizada em 28 de julho de 1910. Ao longo de seus 117 anos, a entidade vem exercendo importante papel na defesa dos interesses do setor produtivo, promovendo cursos, eventos, capacita\u00e7\u00f5es e di\u00e1logo institucional entre executivos, legisladores e magistrados.<\/p>\n<p>Sobre a ACI<\/p>\n<p>Fundada em 1908 como Uni\u00e3o Comercial de Itabuna por empres\u00e1rios que combatiam a carga fiscal abusiva vindo de Salvador. Desempenhou papel central no processo de emancipa\u00e7\u00e3o pol\u00edtica da cidade em 1910. Atualmente registra forte atua\u00e7\u00e3o em capacita\u00e7\u00e3o empresarial, parcerias com Sebrae, Faceb, CDL e Prefeitura \u2013 destaque para programas como, Empreender, n\u00facleos setoriais e apoio ao com\u00e9rcio informal.<\/p>\n<p>Sobre Erivaldo Benevides<\/p>\n<p>Erivaldo tem 63 anos, casado com Leilane Benevides, pai de Laura e Marina. Contador, empres\u00e1rio no setor de contabilidade e chocolate. Advogado com atua\u00e7\u00e3o em Direito Tribut\u00e1rio. Presidente licenciado do Sindicato dos Contadores e T\u00e9cnicos em Contabilidade do Sul da Bahia (Sindicontasul).<\/p>\n<p>&nbsp;<\/p>\n<p>Fotos Vinicius Santana- Ascom ACI<\/p>\n","protected":false},"excerpt":{"rendered":"<p>Viviane Cabral Em cerim\u00f4nia hist\u00f3rica nesta segunda-feira, 16 de junho, que celebrou os 117 anos de funda\u00e7\u00e3o da Associa\u00e7\u00e3o Comercial e Empresarial de Itabuna (ACI), fundada em 14 de junho de 1908, foi empossado o advogado tributarista e empres\u00e1rio do ramo de chocolate, Erivaldo Benevides como presidente, para o bi\u00eanio 2025\u20132027. Ao mesmo tempo, foi [&hellip;]<\/p>\n","protected":false},"author":2,"featured_media":176791,"comment_status":"open","ping_status":"open","sticky":false,"template":"","format":"standard","meta":{"_links_to":"","_links_to_target":""},"categories":[33434],"tags":[9426,30959,1558],"_links":{"self":[{"href":"https:\/\/www.blogdothame.blog.br\/v1\/wp-json\/wp\/v2\/posts\/176789"}],"collection":[{"href":"https:\/\/www.blogdothame.blog.br\/v1\/wp-json\/wp\/v2\/posts"}],"about":[{"href":"https:\/\/www.blogdothame.blog.br\/v1\/wp-json\/wp\/v2\/types\/post"}],"author":[{"embeddable":true,"href":"https:\/\/www.blogdothame.blog.br\/v1\/wp-json\/wp\/v2\/users\/2"}],"replies":[{"embeddable":true,"href":"https:\/\/www.blogdothame.blog.br\/v1\/wp-json\/wp\/v2\/comments?post=176789"}],"version-history":[{"count":2,"href":"https:\/\/www.blogdothame.blog.br\/v1\/wp-json\/wp\/v2\/posts\/176789\/revisions"}],"predecessor-version":[{"id":176794,"href":"https:\/\/www.blogdothame.blog.br\/v1\/wp-json\/wp\/v2\/posts\/176789\/revisions\/176794"}],"wp:featuredmedia":[{"embeddable":true,"href":"https:\/\/www.blogdothame.blog.br\/v1\/wp-json\/wp\/v2\/media\/176791"}],"wp:attachment":[{"href":"https:\/\/www.blogdothame.blog.br\/v1\/wp-json\/wp\/v2\/media?parent=176789"}],"wp:term":[{"taxonomy":"category","embeddable":true,"href":"https:\/\/www.blogdothame.blog.br\/v1\/wp-json\/wp\/v2\/categories?post=176789"},{"taxonomy":"post_tag","embeddable":true,"href":"https:\/\/www.blogdothame.blog.br\/v1\/wp-json\/wp\/v2\/tags?post=176789"}],"curies":[{"name":"wp","href":"https:\/\/api.w.org\/{rel}","templated":true}]}}