{"id":176771,"date":"2025-06-17T06:06:07","date_gmt":"2025-06-17T09:06:07","guid":{"rendered":"https:\/\/www.blogdothame.blog.br\/v1\/?p=176771"},"modified":"2025-06-16T16:07:39","modified_gmt":"2025-06-16T19:07:39","slug":"augusto-castro-nomeia-professores-aprovados-em-concurso-para-a-rede-municipal-de-ensino","status":"publish","type":"post","link":"https:\/\/www.blogdothame.blog.br\/v1\/2025\/06\/17\/augusto-castro-nomeia-professores-aprovados-em-concurso-para-a-rede-municipal-de-ensino\/","title":{"rendered":"Augusto Castro nomeia professores aprovados em concurso para a Rede Municipal de Ensino"},"content":{"rendered":"<p><img loading=\"lazy\" class=\"alignright size-medium wp-image-176772\" src=\"https:\/\/www.blogdothame.blog.br\/v1\/wp-content\/uploads\/2025\/06\/ac-300x201.jpeg\" alt=\"\" width=\"300\" height=\"201\" srcset=\"https:\/\/www.blogdothame.blog.br\/v1\/wp-content\/uploads\/2025\/06\/ac-300x201.jpeg 300w, https:\/\/www.blogdothame.blog.br\/v1\/wp-content\/uploads\/2025\/06\/ac.jpeg 600w\" sizes=\"(max-width: 300px) 100vw, 300px\" \/>O prefeito de Itabuna, Augusto Castro (PSD) nomeou\u00a024 professores\u00a0aprovados em concurso n\u00ba 01\/2023 para a Rede Municipal de Ensino para suprir vac\u00e2ncias dos cargos desocupados em raz\u00e3o da extin\u00e7\u00e3o de v\u00ednculos dos servidores aposentados. A rela\u00e7\u00e3o consta da Portaria de Nomea\u00e7\u00e3o n\u00ba 13\/2025 publicada na edi\u00e7\u00e3o eletr\u00f4nica do Di\u00e1rio Oficial de sexta-feira passada, dia 13.<\/p>\n<p>Os candidatos listados dever\u00e3o comparecer ao\u00a0Departamento de Recursos Humanos da Secretaria de Gest\u00e3o e Inova\u00e7\u00e3o\u00a0no 2\u00ba andar do edif\u00edcio Jequitib\u00e1 Trade Center, situado \u00e0 Avenida Aziz Maron n\u00ba 1.067, no Jardim Vit\u00f3ria, nos 30 dias subsequentes \u00e0 nomea\u00e7\u00e3o.<\/p>\n<p>Para a posse os nomeados dever\u00e3o passar pelo Servi\u00e7o Especializado de Seguran\u00e7a e Medicina do Trabalho (SESMET), situado na Rua Valdemar Muniz, n.\u00ba 83, Alto Maron, depois da entrega dos documentos exigidos no RH que constam do Anexo \u00danico da referida Portaria.<\/p>\n","protected":false},"excerpt":{"rendered":"<p>O prefeito de Itabuna, Augusto Castro (PSD) nomeou\u00a024 professores\u00a0aprovados em concurso n\u00ba 01\/2023 para a Rede Municipal de Ensino para suprir vac\u00e2ncias dos cargos desocupados em raz\u00e3o da extin\u00e7\u00e3o de v\u00ednculos dos servidores aposentados. A rela\u00e7\u00e3o consta da Portaria de Nomea\u00e7\u00e3o n\u00ba 13\/2025 publicada na edi\u00e7\u00e3o eletr\u00f4nica do Di\u00e1rio Oficial de sexta-feira passada, dia 13. [&hellip;]<\/p>\n","protected":false},"author":2,"featured_media":176772,"comment_status":"open","ping_status":"open","sticky":false,"template":"","format":"standard","meta":{"_links_to":"","_links_to_target":""},"categories":[33436],"tags":[188,39,40018],"_links":{"self":[{"href":"https:\/\/www.blogdothame.blog.br\/v1\/wp-json\/wp\/v2\/posts\/176771"}],"collection":[{"href":"https:\/\/www.blogdothame.blog.br\/v1\/wp-json\/wp\/v2\/posts"}],"about":[{"href":"https:\/\/www.blogdothame.blog.br\/v1\/wp-json\/wp\/v2\/types\/post"}],"author":[{"embeddable":true,"href":"https:\/\/www.blogdothame.blog.br\/v1\/wp-json\/wp\/v2\/users\/2"}],"replies":[{"embeddable":true,"href":"https:\/\/www.blogdothame.blog.br\/v1\/wp-json\/wp\/v2\/comments?post=176771"}],"version-history":[{"count":1,"href":"https:\/\/www.blogdothame.blog.br\/v1\/wp-json\/wp\/v2\/posts\/176771\/revisions"}],"predecessor-version":[{"id":176773,"href":"https:\/\/www.blogdothame.blog.br\/v1\/wp-json\/wp\/v2\/posts\/176771\/revisions\/176773"}],"wp:featuredmedia":[{"embeddable":true,"href":"https:\/\/www.blogdothame.blog.br\/v1\/wp-json\/wp\/v2\/media\/176772"}],"wp:attachment":[{"href":"https:\/\/www.blogdothame.blog.br\/v1\/wp-json\/wp\/v2\/media?parent=176771"}],"wp:term":[{"taxonomy":"category","embeddable":true,"href":"https:\/\/www.blogdothame.blog.br\/v1\/wp-json\/wp\/v2\/categories?post=176771"},{"taxonomy":"post_tag","embeddable":true,"href":"https:\/\/www.blogdothame.blog.br\/v1\/wp-json\/wp\/v2\/tags?post=176771"}],"curies":[{"name":"wp","href":"https:\/\/api.w.org\/{rel}","templated":true}]}}