{"id":176748,"date":"2025-06-17T07:30:26","date_gmt":"2025-06-17T10:30:26","guid":{"rendered":"https:\/\/www.blogdothame.blog.br\/v1\/?p=176748"},"modified":"2025-06-16T11:08:24","modified_gmt":"2025-06-16T14:08:24","slug":"conjunto-penal-de-itabuna-encerra-semestre-com-avancos-na-documentacao-civil-de-reeducandos","status":"publish","type":"post","link":"https:\/\/www.blogdothame.blog.br\/v1\/2025\/06\/17\/conjunto-penal-de-itabuna-encerra-semestre-com-avancos-na-documentacao-civil-de-reeducandos\/","title":{"rendered":"Conjunto Penal de Itabuna encerra semestre com avan\u00e7os na documenta\u00e7\u00e3o civil de reeducandos"},"content":{"rendered":"<p><img loading=\"lazy\" class=\"aligncenter  wp-image-176749\" src=\"https:\/\/www.blogdothame.blog.br\/v1\/wp-content\/uploads\/2025\/06\/penal-1.jpg\" alt=\"\" width=\"420\" height=\"236\" srcset=\"https:\/\/www.blogdothame.blog.br\/v1\/wp-content\/uploads\/2025\/06\/penal-1.jpg 600w, https:\/\/www.blogdothame.blog.br\/v1\/wp-content\/uploads\/2025\/06\/penal-1-300x169.jpg 300w\" sizes=\"(max-width: 420px) 100vw, 420px\" \/>Com a entrega simb\u00f3lica de 10 carteiras de identidade nacionais (CIN), o Conjunto Penal de Itabuna celebrou um significativo avan\u00e7o na documenta\u00e7\u00e3o b\u00e1sica de seus reeducandos, chegando a 626 documentos emitidos, entre certid\u00e3o de nascimento, carteira de identidade e CPF. O evento de entrega ocorreu nesta sexta-feira e teve a participa\u00e7\u00e3o do novo diretor da unidade, Jos\u00e9 Fabiano Barbosa Carvalho.<\/p>\n<p>O evento, ocorrido no Centro de Ressocializa\u00e7\u00e3o, foi tamb\u00e9m uma oportunidade para o novo diretor conhecer o trabalho realizado pelo posto avan\u00e7ado do Instituto de Identifica\u00e7\u00e3o Pedro Mello, que funciona na unidade, de onde \u00e9 emitida a maior parte dos documentos.<\/p>\n<p><img loading=\"lazy\" class=\"aligncenter  wp-image-176750\" src=\"https:\/\/www.blogdothame.blog.br\/v1\/wp-content\/uploads\/2025\/06\/penal-2.jpg\" alt=\"\" width=\"383\" height=\"216\" srcset=\"https:\/\/www.blogdothame.blog.br\/v1\/wp-content\/uploads\/2025\/06\/penal-2.jpg 600w, https:\/\/www.blogdothame.blog.br\/v1\/wp-content\/uploads\/2025\/06\/penal-2-300x169.jpg 300w\" sizes=\"(max-width: 383px) 100vw, 383px\" \/><\/p>\n<p>Jos\u00e9 Fabiano elogiou o trabalho, e refor\u00e7ou aos reeducandos a import\u00e2ncia da documenta\u00e7\u00e3o para a vida civil \u2013 ainda dentro da unidade e tamb\u00e9m quando ganharem a liberdade. \u201c\u00c9 a reafirma\u00e7\u00e3o da cidadania, e vai oportunizar a cada um de voc\u00eas o acesso \u00e0s pol\u00edticas p\u00fablicas, benef\u00edcios sociais, educa\u00e7\u00e3o, sa\u00fade entre outros direitos\u201d.<\/p>\n<p>Avan\u00e7o<\/p>\n<p><!--more--><\/p>\n<p>Dos 626 documentos emitidos no Conjunto Penal de Itabuna, de janeiro at\u00e9 agora, 141 foram emitidos em maio. Desse total de maio, foram 50 carteiras de identidade nacionais emitidas pelo Instituto de Identifica\u00e7\u00e3o Pedro Mello.<\/p>\n<p>Entre os reeducandos que receberam simbolicamente o documento no evento, uma mulher trans foi destaque. Por falta de alguns requisitos anteriores, seu nome social ainda n\u00e3o constou na CIN,, o que j\u00e1 se transformou em um novo desafio: buscar a efetiva\u00e7\u00e3o do nome social na documenta\u00e7\u00e3o oficial de quem se identifica com g\u00eanero diverso daquele atribu\u00eddo no nascimento.<\/p>\n<p>Avan\u00e7o<\/p>\n<p>&nbsp;<\/p>\n<p>Dos 626 documentos emitidos no Conjunto Penal de Itabuna, de janeiro at\u00e9 agora, 141 foram emitidos em maio. Desse total de maio, foram 50 carteiras de identidade nacionais emitidas pelo Instituto de Identifica\u00e7\u00e3o Pedro Mello.<\/p>\n<p><img loading=\"lazy\" class=\"aligncenter  wp-image-176751\" src=\"https:\/\/www.blogdothame.blog.br\/v1\/wp-content\/uploads\/2025\/06\/penal-3.jpg\" alt=\"\" width=\"415\" height=\"234\" srcset=\"https:\/\/www.blogdothame.blog.br\/v1\/wp-content\/uploads\/2025\/06\/penal-3.jpg 600w, https:\/\/www.blogdothame.blog.br\/v1\/wp-content\/uploads\/2025\/06\/penal-3-300x169.jpg 300w\" sizes=\"(max-width: 415px) 100vw, 415px\" \/><\/p>\n<p>Entre os reeducandos que receberam simbolicamente o documento no evento, uma mulher trans foi destaque. Por falta de alguns requisitos anteriores, seu nome social ainda n\u00e3o constou na CIN,, o que j\u00e1 se transformou em um novo desafio: buscar a efetiva\u00e7\u00e3o do nome social na documenta\u00e7\u00e3o oficial de quem se identifica com g\u00eanero diverso daquele atribu\u00eddo no nascimento.<\/p>\n","protected":false},"excerpt":{"rendered":"<p>Com a entrega simb\u00f3lica de 10 carteiras de identidade nacionais (CIN), o Conjunto Penal de Itabuna celebrou um significativo avan\u00e7o na documenta\u00e7\u00e3o b\u00e1sica de seus reeducandos, chegando a 626 documentos emitidos, entre certid\u00e3o de nascimento, carteira de identidade e CPF. O evento de entrega ocorreu nesta sexta-feira e teve a participa\u00e7\u00e3o do novo diretor da [&hellip;]<\/p>\n","protected":false},"author":2,"featured_media":176749,"comment_status":"open","ping_status":"open","sticky":false,"template":"","format":"standard","meta":{"_links_to":"","_links_to_target":""},"categories":[33436],"tags":[7107,40014],"_links":{"self":[{"href":"https:\/\/www.blogdothame.blog.br\/v1\/wp-json\/wp\/v2\/posts\/176748"}],"collection":[{"href":"https:\/\/www.blogdothame.blog.br\/v1\/wp-json\/wp\/v2\/posts"}],"about":[{"href":"https:\/\/www.blogdothame.blog.br\/v1\/wp-json\/wp\/v2\/types\/post"}],"author":[{"embeddable":true,"href":"https:\/\/www.blogdothame.blog.br\/v1\/wp-json\/wp\/v2\/users\/2"}],"replies":[{"embeddable":true,"href":"https:\/\/www.blogdothame.blog.br\/v1\/wp-json\/wp\/v2\/comments?post=176748"}],"version-history":[{"count":1,"href":"https:\/\/www.blogdothame.blog.br\/v1\/wp-json\/wp\/v2\/posts\/176748\/revisions"}],"predecessor-version":[{"id":176752,"href":"https:\/\/www.blogdothame.blog.br\/v1\/wp-json\/wp\/v2\/posts\/176748\/revisions\/176752"}],"wp:featuredmedia":[{"embeddable":true,"href":"https:\/\/www.blogdothame.blog.br\/v1\/wp-json\/wp\/v2\/media\/176749"}],"wp:attachment":[{"href":"https:\/\/www.blogdothame.blog.br\/v1\/wp-json\/wp\/v2\/media?parent=176748"}],"wp:term":[{"taxonomy":"category","embeddable":true,"href":"https:\/\/www.blogdothame.blog.br\/v1\/wp-json\/wp\/v2\/categories?post=176748"},{"taxonomy":"post_tag","embeddable":true,"href":"https:\/\/www.blogdothame.blog.br\/v1\/wp-json\/wp\/v2\/tags?post=176748"}],"curies":[{"name":"wp","href":"https:\/\/api.w.org\/{rel}","templated":true}]}}