{"id":176345,"date":"2025-06-04T12:00:15","date_gmt":"2025-06-04T15:00:15","guid":{"rendered":"https:\/\/www.blogdothame.blog.br\/v1\/?p=176345"},"modified":"2025-06-04T09:48:55","modified_gmt":"2025-06-04T12:48:55","slug":"embasa-promove-semana-do-meio-ambiente-em-sete-cidades-do-sul-da-bahia","status":"publish","type":"post","link":"https:\/\/www.blogdothame.blog.br\/v1\/2025\/06\/04\/embasa-promove-semana-do-meio-ambiente-em-sete-cidades-do-sul-da-bahia\/","title":{"rendered":"Embasa promove Semana do Meio Ambiente em sete cidades do Sul da Bahia"},"content":{"rendered":"<p style=\"text-align: center;\"><strong>Programa\u00e7\u00e3o inclui pe\u00e7as teatrais, palestras, oficinas, exposi\u00e7\u00f5es <\/strong><\/p>\n<p style=\"text-align: center;\"><strong>e visita t\u00e9cnica com foco na educa\u00e7\u00e3o ambiental<\/strong><\/p>\n<p><img loading=\"lazy\" class=\"aligncenter size-full wp-image-176347\" src=\"https:\/\/www.blogdothame.blog.br\/v1\/wp-content\/uploads\/2025\/06\/PHOTO-2025-06-04-09-29-39-2.jpg\" alt=\"\" width=\"240\" height=\"320\" srcset=\"https:\/\/www.blogdothame.blog.br\/v1\/wp-content\/uploads\/2025\/06\/PHOTO-2025-06-04-09-29-39-2.jpg 240w, https:\/\/www.blogdothame.blog.br\/v1\/wp-content\/uploads\/2025\/06\/PHOTO-2025-06-04-09-29-39-2-225x300.jpg 225w\" sizes=\"(max-width: 240px) 100vw, 240px\" \/><\/p>\n<p>Em celebra\u00e7\u00e3o ao Dia Mundial do Meio Ambiente, institu\u00eddo pela ONU em 5 de junho, a Embasa, por meio da Unidade Regional de Itabuna, realiza uma s\u00e9rie de atividades educativas e culturais em seis munic\u00edpios do sul da Bahia: Ilh\u00e9us, Almadina, Camamu, Uru\u00e7uca, Itaimb\u00e9 (distrito de Potiragu\u00e1), Ubaitaba e Itap\u00e9.<\/p>\n<p>As a\u00e7\u00f5es t\u00eam como p\u00fablico-alvo principal crian\u00e7as e adolescentes, mas tamb\u00e9m incluem moradores das comunidades, estudantes universit\u00e1rios e turistas. A programa\u00e7\u00e3o teve in\u00edcio na \u00faltima semana, com atividades em Almadina, Uru\u00e7uca e Camamu, onde foram realizadas demonstra\u00e7\u00f5es do processo de tratamento de \u00e1gua por meio de uma ETA piloto, exposi\u00e7\u00f5es do projeto Viveiro Educador e palestras sobre preserva\u00e7\u00e3o ambiental.<\/p>\n<p><img loading=\"lazy\" class=\"aligncenter wp-image-176348\" src=\"https:\/\/www.blogdothame.blog.br\/v1\/wp-content\/uploads\/2025\/06\/PHOTO-2025-06-04-09-29-42.jpg\" alt=\"\" width=\"395\" height=\"178\" srcset=\"https:\/\/www.blogdothame.blog.br\/v1\/wp-content\/uploads\/2025\/06\/PHOTO-2025-06-04-09-29-42.jpg 600w, https:\/\/www.blogdothame.blog.br\/v1\/wp-content\/uploads\/2025\/06\/PHOTO-2025-06-04-09-29-42-300x135.jpg 300w\" sizes=\"(max-width: 395px) 100vw, 395px\" \/><\/p>\n<p>No dia 5 de junho, data oficial do Dia Mundial do Meio Ambiente, as aten\u00e7\u00f5es se voltam para Ilh\u00e9us, maior cidade da regi\u00e3o atendida pela Embasa com abastecimento de \u00e1gua e esgotamento sanit\u00e1rio. Pela manh\u00e3 e \u00e0 tarde, estudantes da Escola Municipal Bar\u00e3o de Maca\u00fabas, no bairro Pontal, assistir\u00e3o \u00e0 pe\u00e7a teatral \u201cQuem Ama Cuida\u201d, conduzida pela personagem \u201cJoaninha Gigi\u201d, que abordar\u00e1 de forma l\u00fadica a import\u00e2ncia da conserva\u00e7\u00e3o ambiental.<\/p>\n<p><img loading=\"lazy\" class=\"aligncenter wp-image-176349\" src=\"https:\/\/www.blogdothame.blog.br\/v1\/wp-content\/uploads\/2025\/06\/PHOTO-2025-06-04-09-29-42-1.jpg\" alt=\"\" width=\"361\" height=\"271\" srcset=\"https:\/\/www.blogdothame.blog.br\/v1\/wp-content\/uploads\/2025\/06\/PHOTO-2025-06-04-09-29-42-1.jpg 384w, https:\/\/www.blogdothame.blog.br\/v1\/wp-content\/uploads\/2025\/06\/PHOTO-2025-06-04-09-29-42-1-300x225.jpg 300w\" sizes=\"(max-width: 361px) 100vw, 361px\" \/><\/p>\n<p>Ainda em Ilh\u00e9us, a Embasa participa de um semin\u00e1rio promovido pela prefeitura com um estande do Viveiro Educador e uma palestra da assistente social da Unidade Regional de Itabuna Tha\u00edse Machado sobre os servi\u00e7os prestados pela empresa, com foco nas a\u00e7\u00f5es socioambientais desenvolvidas na regi\u00e3o.<\/p>\n<p><!--more--><\/p>\n<p>A programa\u00e7\u00e3o segue at\u00e9 o dia 18 de junho, com destaque para uma aula de campo e visita t\u00e9cnica de estudantes de Engenharia Sanit\u00e1ria da Universidade Federal do Sul da Bahia (UFSB) \u00e0s instala\u00e7\u00f5es da Embasa em Ilh\u00e9us. No s\u00e1bado, 7 de junho, a empresa tamb\u00e9m estar\u00e1 presente na tradicional Feira Ciranda Ilh\u00e9us na Pra\u00e7a, com um espa\u00e7o l\u00fadico e mais uma apresenta\u00e7\u00e3o teatral voltada \u00e0 sensibiliza\u00e7\u00e3o ambiental.<\/p>\n<p><img loading=\"lazy\" class=\"aligncenter size-full wp-image-176350\" src=\"https:\/\/www.blogdothame.blog.br\/v1\/wp-content\/uploads\/2025\/06\/PHOTO-2025-06-04-09-29-39-1.jpg\" alt=\"\" width=\"240\" height=\"320\" srcset=\"https:\/\/www.blogdothame.blog.br\/v1\/wp-content\/uploads\/2025\/06\/PHOTO-2025-06-04-09-29-39-1.jpg 240w, https:\/\/www.blogdothame.blog.br\/v1\/wp-content\/uploads\/2025\/06\/PHOTO-2025-06-04-09-29-39-1-225x300.jpg 225w\" sizes=\"(max-width: 240px) 100vw, 240px\" \/><\/p>\n<p>J\u00e1 no dia 11 de junho ser\u00e1 realizada uma Oficina de Educa\u00e7\u00e3o Ambiental destinada aos moradores dos bairros Nossa Senhora da Vit\u00f3ria e Pontal, refor\u00e7ando o compromisso da Embasa com a promo\u00e7\u00e3o da sustentabilidade e o di\u00e1logo com as comunidades atendidas. Na sede da 70\u00aa Companhia Independente de Pol\u00edcia Militar, que atua nas zonas Norte e Oeste da Ilh\u00e9us, acontecer\u00e3o palestra, exibi\u00e7\u00e3o de v\u00eddeos e mostra do Viveiro Educador, no dia 17 de junho. O encerramento em Itap\u00e9, no dia 18 de junho, ter\u00e1 palestra e exposi\u00e7\u00e3o da ETA piloto para alunos do Col\u00e9gio Estadual de Tempo Integral.<\/p>\n","protected":false},"excerpt":{"rendered":"<p>Programa\u00e7\u00e3o inclui pe\u00e7as teatrais, palestras, oficinas, exposi\u00e7\u00f5es e visita t\u00e9cnica com foco na educa\u00e7\u00e3o ambiental Em celebra\u00e7\u00e3o ao Dia Mundial do Meio Ambiente, institu\u00eddo pela ONU em 5 de junho, a Embasa, por meio da Unidade Regional de Itabuna, realiza uma s\u00e9rie de atividades educativas e culturais em seis munic\u00edpios do sul da Bahia: Ilh\u00e9us, [&hellip;]<\/p>\n","protected":false},"author":2,"featured_media":176347,"comment_status":"open","ping_status":"open","sticky":false,"template":"","format":"standard","meta":{"_links_to":"","_links_to_target":""},"categories":[33435],"tags":[2992,9671,185],"_links":{"self":[{"href":"https:\/\/www.blogdothame.blog.br\/v1\/wp-json\/wp\/v2\/posts\/176345"}],"collection":[{"href":"https:\/\/www.blogdothame.blog.br\/v1\/wp-json\/wp\/v2\/posts"}],"about":[{"href":"https:\/\/www.blogdothame.blog.br\/v1\/wp-json\/wp\/v2\/types\/post"}],"author":[{"embeddable":true,"href":"https:\/\/www.blogdothame.blog.br\/v1\/wp-json\/wp\/v2\/users\/2"}],"replies":[{"embeddable":true,"href":"https:\/\/www.blogdothame.blog.br\/v1\/wp-json\/wp\/v2\/comments?post=176345"}],"version-history":[{"count":1,"href":"https:\/\/www.blogdothame.blog.br\/v1\/wp-json\/wp\/v2\/posts\/176345\/revisions"}],"predecessor-version":[{"id":176351,"href":"https:\/\/www.blogdothame.blog.br\/v1\/wp-json\/wp\/v2\/posts\/176345\/revisions\/176351"}],"wp:featuredmedia":[{"embeddable":true,"href":"https:\/\/www.blogdothame.blog.br\/v1\/wp-json\/wp\/v2\/media\/176347"}],"wp:attachment":[{"href":"https:\/\/www.blogdothame.blog.br\/v1\/wp-json\/wp\/v2\/media?parent=176345"}],"wp:term":[{"taxonomy":"category","embeddable":true,"href":"https:\/\/www.blogdothame.blog.br\/v1\/wp-json\/wp\/v2\/categories?post=176345"},{"taxonomy":"post_tag","embeddable":true,"href":"https:\/\/www.blogdothame.blog.br\/v1\/wp-json\/wp\/v2\/tags?post=176345"}],"curies":[{"name":"wp","href":"https:\/\/api.w.org\/{rel}","templated":true}]}}