{"id":176277,"date":"2025-06-03T07:54:07","date_gmt":"2025-06-03T10:54:07","guid":{"rendered":"https:\/\/www.blogdothame.blog.br\/v1\/?p=176277"},"modified":"2025-06-02T15:59:14","modified_gmt":"2025-06-02T18:59:14","slug":"junho-verde-aacrri-promove-acoes-em-comemoracao-ao-dia-mundial-do-meio-ambiente","status":"publish","type":"post","link":"https:\/\/www.blogdothame.blog.br\/v1\/2025\/06\/03\/junho-verde-aacrri-promove-acoes-em-comemoracao-ao-dia-mundial-do-meio-ambiente\/","title":{"rendered":"Junho Verde: AACRRI  promove a\u00e7\u00f5es em  comemora\u00e7\u00e3o ao Dia Mundial do Meio Ambiente"},"content":{"rendered":"<p><img loading=\"lazy\" class=\"aligncenter  wp-image-176278\" src=\"https:\/\/www.blogdothame.blog.br\/v1\/wp-content\/uploads\/2025\/06\/PHOTO-2025-06-02-14-59-22.jpg\" alt=\"\" width=\"252\" height=\"375\" srcset=\"https:\/\/www.blogdothame.blog.br\/v1\/wp-content\/uploads\/2025\/06\/PHOTO-2025-06-02-14-59-22.jpg 300w, https:\/\/www.blogdothame.blog.br\/v1\/wp-content\/uploads\/2025\/06\/PHOTO-2025-06-02-14-59-22-202x300.jpg 202w\" sizes=\"(max-width: 252px) 100vw, 252px\" \/>Durante todo o m\u00eas de junho, em celebra\u00e7\u00e3o ao Dia Mundial do Meio Ambiente, a Associa\u00e7\u00e3o de Agentes Ambientais e Catadores de Materiais Reutiliz\u00e1veis e Recicl\u00e1veis de Itabuna- AACRRI, em parceria com a Defensoria P\u00fablica do Estado da Bahia, por meio do programa M\u00e3os que Reciclam, realiza uma programa\u00e7\u00e3o especial voltada \u00e0 educa\u00e7\u00e3o ambiental, sustentabilidade e valoriza\u00e7\u00e3o dos catadores.<\/p>\n<p>As a\u00e7\u00f5es contam com o apoio de parceiros como o Shopping Jequitib\u00e1, O Botic\u00e1rio, CVR Costa do Cacau, Comit\u00ea de Sustentabilidade do Grupo Mulheres do Brasil, Recicla Itabuna e Biosanear. O objetivo proposta \u00e9 fortalecer a consci\u00eancia ecol\u00f3gica da popula\u00e7\u00e3o, incentivar a coleta seletiva e promover pr\u00e1ticas sustent\u00e1veis que envolvam toda a comunidade.<\/p>\n<p><img loading=\"lazy\" class=\"aligncenter  wp-image-176279\" src=\"https:\/\/www.blogdothame.blog.br\/v1\/wp-content\/uploads\/2025\/06\/dbd05f0d-4ed2-4e16-9915-c9e4774e3d17.jpg\" alt=\"\" width=\"262\" height=\"348\" srcset=\"https:\/\/www.blogdothame.blog.br\/v1\/wp-content\/uploads\/2025\/06\/dbd05f0d-4ed2-4e16-9915-c9e4774e3d17.jpg 385w, https:\/\/www.blogdothame.blog.br\/v1\/wp-content\/uploads\/2025\/06\/dbd05f0d-4ed2-4e16-9915-c9e4774e3d17-226x300.jpg 226w\" sizes=\"(max-width: 262px) 100vw, 262px\" \/><\/p>\n<p>Nesta \u00a0\u00a0semana, a AACRRI e a Defensoria P\u00fablica estar\u00e3o diariamente no Shopping Jequitib\u00e1 com o programa Boti Recicla, enquanto o Comit\u00ea de Sustentabilidade do Grupo Mulheres do Brasil marcar\u00e1 presen\u00e7a com o coletor de pilhas, incentivando o descarte correto de res\u00edduos especiais.<\/p>\n<p><img loading=\"lazy\" class=\"aligncenter  wp-image-176280\" src=\"https:\/\/www.blogdothame.blog.br\/v1\/wp-content\/uploads\/2025\/06\/e88ead6a-3d6b-4596-8eb5-377fbc374e91.jpg\" alt=\"\" width=\"356\" height=\"235\" srcset=\"https:\/\/www.blogdothame.blog.br\/v1\/wp-content\/uploads\/2025\/06\/e88ead6a-3d6b-4596-8eb5-377fbc374e91.jpg 320w, https:\/\/www.blogdothame.blog.br\/v1\/wp-content\/uploads\/2025\/06\/e88ead6a-3d6b-4596-8eb5-377fbc374e91-300x198.jpg 300w\" sizes=\"(max-width: 356px) 100vw, 356px\" \/><\/p>\n<p>A programa\u00e7\u00e3o foi aberta no domingo, dia 1, com O Teatro Catarina Cata Treco e Biblioteca \u00a0Itinerante no Shopping Jequitib\u00e1. At\u00e9 o dia 7, haver\u00e1 apresenta\u00e7\u00e3o da Escola Interativa com o\u00a0 tema\u00a0 Sustentabilidade, ecossistemas e meio ambiente e doa\u00e7\u00e3o de mudas da CVR Costa do Cacau, Escola Jo\u00e3o Calvano com o tema Reutiliza\u00e7\u00e3o de Materiais e Valoriza\u00e7\u00e3o da Coleta Seletiva,\u00a0 Escola CERM com o tema Energia renov\u00e1vel, Escola Nossa Turma com o tema Eco consci\u00eancia, Escola IEPROL com o tema Desastres Ambientais. As atividades acontecem no estande da \u00a0CVR Costa do Cacau no shopping, com Mobiliza\u00e7\u00e3o social em defesa do meio ambiente com om os catadores e parceiros, entrega de material educativo e oficinas para crian\u00e7as.<\/p>\n<p><!--more--><\/p>\n<p>A programa\u00e7\u00e3o da Semana do Meio Ambiente ser\u00e1 encerrada no dia 17, na rotat\u00f3ria do S\u00e3o Caetano, com uma \u00a0Blitz Educativa, em parceria com o Abrigo S\u00e3o Francisco de Assis, com o objetivo de conscientizar \u00a0motoristas e pedestres sobre a import\u00e2ncia da coleta seletiva e da preserva\u00e7\u00e3o ambiental. Durante essa a\u00e7\u00e3o, a AACRRI e a Defensoria Publica promover\u00e3o uma campanha especial para incentivar a popula\u00e7\u00e3o a descartar corretamente todo o material recicl\u00e1vel acumulado em suas resid\u00eancias.<\/p>\n<p><img loading=\"lazy\" class=\"aligncenter  wp-image-176281\" src=\"https:\/\/www.blogdothame.blog.br\/v1\/wp-content\/uploads\/2025\/06\/85d18a41-3cdb-40fd-ba28-00023bf79abe.jpg\" alt=\"\" width=\"295\" height=\"330\" srcset=\"https:\/\/www.blogdothame.blog.br\/v1\/wp-content\/uploads\/2025\/06\/85d18a41-3cdb-40fd-ba28-00023bf79abe.jpg 483w, https:\/\/www.blogdothame.blog.br\/v1\/wp-content\/uploads\/2025\/06\/85d18a41-3cdb-40fd-ba28-00023bf79abe-268x300.jpg 268w\" sizes=\"(max-width: 295px) 100vw, 295px\" \/><\/p>\n<p>Al\u00e9m de contribuir para o meio ambiente, a comercializa\u00e7\u00e3o do material ser\u00e1 revertida para o Abrigo S\u00e3o Francisco, enquanto os recicl\u00e1veis ser\u00e3o destinados \u00e0 AACRRI, fortalecendo a economia \u00a0solid\u00e1ria e a gera\u00e7\u00e3o de renda para os catadores \u00a0da regi\u00e3o.<\/p>\n","protected":false},"excerpt":{"rendered":"<p>Durante todo o m\u00eas de junho, em celebra\u00e7\u00e3o ao Dia Mundial do Meio Ambiente, a Associa\u00e7\u00e3o de Agentes Ambientais e Catadores de Materiais Reutiliz\u00e1veis e Recicl\u00e1veis de Itabuna- AACRRI, em parceria com a Defensoria P\u00fablica do Estado da Bahia, por meio do programa M\u00e3os que Reciclam, realiza uma programa\u00e7\u00e3o especial voltada \u00e0 educa\u00e7\u00e3o ambiental, sustentabilidade [&hellip;]<\/p>\n","protected":false},"author":2,"featured_media":176279,"comment_status":"open","ping_status":"open","sticky":false,"template":"","format":"standard","meta":{"_links_to":"","_links_to_target":""},"categories":[33433],"tags":[32967,7159,27775,39953,24557,1254],"_links":{"self":[{"href":"https:\/\/www.blogdothame.blog.br\/v1\/wp-json\/wp\/v2\/posts\/176277"}],"collection":[{"href":"https:\/\/www.blogdothame.blog.br\/v1\/wp-json\/wp\/v2\/posts"}],"about":[{"href":"https:\/\/www.blogdothame.blog.br\/v1\/wp-json\/wp\/v2\/types\/post"}],"author":[{"embeddable":true,"href":"https:\/\/www.blogdothame.blog.br\/v1\/wp-json\/wp\/v2\/users\/2"}],"replies":[{"embeddable":true,"href":"https:\/\/www.blogdothame.blog.br\/v1\/wp-json\/wp\/v2\/comments?post=176277"}],"version-history":[{"count":1,"href":"https:\/\/www.blogdothame.blog.br\/v1\/wp-json\/wp\/v2\/posts\/176277\/revisions"}],"predecessor-version":[{"id":176282,"href":"https:\/\/www.blogdothame.blog.br\/v1\/wp-json\/wp\/v2\/posts\/176277\/revisions\/176282"}],"wp:featuredmedia":[{"embeddable":true,"href":"https:\/\/www.blogdothame.blog.br\/v1\/wp-json\/wp\/v2\/media\/176279"}],"wp:attachment":[{"href":"https:\/\/www.blogdothame.blog.br\/v1\/wp-json\/wp\/v2\/media?parent=176277"}],"wp:term":[{"taxonomy":"category","embeddable":true,"href":"https:\/\/www.blogdothame.blog.br\/v1\/wp-json\/wp\/v2\/categories?post=176277"},{"taxonomy":"post_tag","embeddable":true,"href":"https:\/\/www.blogdothame.blog.br\/v1\/wp-json\/wp\/v2\/tags?post=176277"}],"curies":[{"name":"wp","href":"https:\/\/api.w.org\/{rel}","templated":true}]}}