{"id":176210,"date":"2025-06-02T05:53:39","date_gmt":"2025-06-02T08:53:39","guid":{"rendered":"https:\/\/www.blogdothame.blog.br\/v1\/?p=176210"},"modified":"2025-05-30T15:55:37","modified_gmt":"2025-05-30T18:55:37","slug":"coelba-abre-vagas-de-emprego-em-sete-cidades-baianas","status":"publish","type":"post","link":"https:\/\/www.blogdothame.blog.br\/v1\/2025\/06\/02\/coelba-abre-vagas-de-emprego-em-sete-cidades-baianas\/","title":{"rendered":"Coelba abre vagas de emprego em sete cidades baianas"},"content":{"rendered":"<p><img loading=\"lazy\" class=\"aligncenter  wp-image-176211\" src=\"https:\/\/www.blogdothame.blog.br\/v1\/wp-content\/uploads\/2025\/05\/PHOTO-2025-05-30-15-51-21.jpg\" alt=\"\" width=\"499\" height=\"280\" srcset=\"https:\/\/www.blogdothame.blog.br\/v1\/wp-content\/uploads\/2025\/05\/PHOTO-2025-05-30-15-51-21.jpg 600w, https:\/\/www.blogdothame.blog.br\/v1\/wp-content\/uploads\/2025\/05\/PHOTO-2025-05-30-15-51-21-300x169.jpg 300w\" sizes=\"(max-width: 499px) 100vw, 499px\" \/>A Neoenergia Coelba est\u00e1 com 11 vagas de emprego abertas para atua\u00e7\u00e3o em diferentes cidades da Bahia. As oportunidades abrangem \u00e1reas administrativa, operacional e jur\u00eddica, com destaque para uma vaga exclusiva para Pessoa com Defici\u00eancia (PcD). As posi\u00e7\u00f5es est\u00e3o distribu\u00eddas nos munic\u00edpios de Salvador, Feira de Santana, Alagoinhas, Ipia\u00fa, Porto Seguro, Campo Alegre de Lourdes e Barreiras.<\/p>\n<p>Os interessados podem conferir os detalhes e se candidatar diretamente pela p\u00e1gina de carreiras da Neoenergia, dispon\u00edvel neste link:\u00a0<a href=\"https:\/\/iberdrola.wd3.myworkdayjobs.com\/pt-BR\/Iberdrola\/details\/Trabalhe-Conosco---Neoenergia_R-00047?locationCountry=1a29bb1357b240ab99a2fa755cc87c0e&amp;locationRegionStateProvince=549de6b658794d558d591421267b35c3\" target=\"_blank\" rel=\"noopener noreferrer\" data-saferedirecturl=\"https:\/\/www.google.com\/url?q=https:\/\/iberdrola.wd3.myworkdayjobs.com\/pt-BR\/Iberdrola\/details\/Trabalhe-Conosco---Neoenergia_R-00047?locationCountry%3D1a29bb1357b240ab99a2fa755cc87c0e%26locationRegionStateProvince%3D549de6b658794d558d591421267b35c3&amp;source=gmail&amp;ust=1748717598080000&amp;usg=AOvVaw0Dnu3iqldZmdFbu-IL3WO5\">https:\/\/iberdrola.wd3.myworkda<wbr \/>yjobs.com\/pt-BR\/Iberdrola\/<wbr \/>details\/Trabalhe-Conosco&#8212;<wbr \/>Neoenergia_R-00047?locationCou<wbr \/>ntry=1a29bb1357b240ab99a2fa755<wbr \/>cc87c0e&amp;locationRegionStatePro<wbr \/>vince=549de6b658794d558d591421<wbr \/>267b35c3<\/a><\/p>\n<p>Entre os cargos dispon\u00edveis est\u00e3o:<\/p>\n<p><!--more--><\/p>\n<p>&#8211; Eletricista Linha Viva II<br \/>\n&#8211; Eletricista I<br \/>\n&#8211; Advogado Pleno<br \/>\n&#8211; Assistente de Distribui\u00e7\u00e3o (vaga exclusiva para PcD)<\/p>\n<p>O processo seletivo \u00e9 composto por uma an\u00e1lise curricular, seguida de etapas que podem incluir din\u00e2micas de grupo, avalia\u00e7\u00f5es t\u00e9cnicas, testes espec\u00edficos e entrevistas com lideran\u00e7as da \u00e1rea.<\/p>\n<p>\u201cNa etapa de entrevistas, al\u00e9m das compet\u00eancias t\u00e9cnicas, avaliamos tamb\u00e9m os comportamentos, valores e a ader\u00eancia \u00e9tica dos candidatos, aspectos fundamentais para a cultura da Neoenergia Coelba\u201d, destaca _*Tatiane Concei\u00e7\u00e3o, gerente de Opera\u00e7\u00f5es de RH da Neoenergia Coelba*_.<\/p>\n<p>As vagas possuem pr\u00e9-requisitos espec\u00edficos, que variam conforme a fun\u00e7\u00e3o e est\u00e3o detalhados na plataforma de inscri\u00e7\u00e3o. Os prazos para candidatura tamb\u00e9m variam conforme cada vaga.<\/p>\n<p>_*VAGAS \u2013 NEOENERGIA COELBA*_<\/p>\n<p>&#8211; _Total:_ 11 vagas abertas<\/p>\n<p>&#8211; _Local de cada vaga:_ Feira de Santana, Alagoinhas, Ipia\u00fa, Porto Seguro, Campo Alegre de Lourdes, Barreiras, Mamba\u00ed e Salvador<\/p>\n<p>&#8211; _Link inscri\u00e7\u00e3o:_\u00a0<a href=\"https:\/\/iberdrola.wd3.myworkdayjobs.com\/pt-BR\/Iberdrola\/details\/Trabalhe-Conosco---Neoenergia_R-00047?locationCountry=1a29bb1357b240ab99a2fa755cc87c0e&amp;locationRegionStateProvince=549de6b658794d558d591421267b35c3\" target=\"_blank\" rel=\"noopener noreferrer\" data-saferedirecturl=\"https:\/\/www.google.com\/url?q=https:\/\/iberdrola.wd3.myworkdayjobs.com\/pt-BR\/Iberdrola\/details\/Trabalhe-Conosco---Neoenergia_R-00047?locationCountry%3D1a29bb1357b240ab99a2fa755cc87c0e%26locationRegionStateProvince%3D549de6b658794d558d591421267b35c3&amp;source=gmail&amp;ust=1748717598080000&amp;usg=AOvVaw0Dnu3iqldZmdFbu-IL3WO5\">https:\/\/iberdrola.wd3.myworkda<wbr \/>yjobs.com\/pt-BR\/Iberdrola\/<wbr \/>details\/Trabalhe-Conosco&#8212;<wbr \/>Neoenergia_R-00047?locationCou<wbr \/>ntry=1a29bb1357b240ab99a2fa755<wbr \/>cc87c0e&amp;locationRegionStatePro<wbr \/>vince=549de6b658794d558d591421<wbr \/>267b35c3<\/a><\/p>\n","protected":false},"excerpt":{"rendered":"<p>A Neoenergia Coelba est\u00e1 com 11 vagas de emprego abertas para atua\u00e7\u00e3o em diferentes cidades da Bahia. As oportunidades abrangem \u00e1reas administrativa, operacional e jur\u00eddica, com destaque para uma vaga exclusiva para Pessoa com Defici\u00eancia (PcD). As posi\u00e7\u00f5es est\u00e3o distribu\u00eddas nos munic\u00edpios de Salvador, Feira de Santana, Alagoinhas, Ipia\u00fa, Porto Seguro, Campo Alegre de Lourdes [&hellip;]<\/p>\n","protected":false},"author":2,"featured_media":176211,"comment_status":"open","ping_status":"open","sticky":false,"template":"","format":"standard","meta":{"_links_to":"","_links_to_target":""},"categories":[33435],"tags":[51,858,7027],"_links":{"self":[{"href":"https:\/\/www.blogdothame.blog.br\/v1\/wp-json\/wp\/v2\/posts\/176210"}],"collection":[{"href":"https:\/\/www.blogdothame.blog.br\/v1\/wp-json\/wp\/v2\/posts"}],"about":[{"href":"https:\/\/www.blogdothame.blog.br\/v1\/wp-json\/wp\/v2\/types\/post"}],"author":[{"embeddable":true,"href":"https:\/\/www.blogdothame.blog.br\/v1\/wp-json\/wp\/v2\/users\/2"}],"replies":[{"embeddable":true,"href":"https:\/\/www.blogdothame.blog.br\/v1\/wp-json\/wp\/v2\/comments?post=176210"}],"version-history":[{"count":1,"href":"https:\/\/www.blogdothame.blog.br\/v1\/wp-json\/wp\/v2\/posts\/176210\/revisions"}],"predecessor-version":[{"id":176212,"href":"https:\/\/www.blogdothame.blog.br\/v1\/wp-json\/wp\/v2\/posts\/176210\/revisions\/176212"}],"wp:featuredmedia":[{"embeddable":true,"href":"https:\/\/www.blogdothame.blog.br\/v1\/wp-json\/wp\/v2\/media\/176211"}],"wp:attachment":[{"href":"https:\/\/www.blogdothame.blog.br\/v1\/wp-json\/wp\/v2\/media?parent=176210"}],"wp:term":[{"taxonomy":"category","embeddable":true,"href":"https:\/\/www.blogdothame.blog.br\/v1\/wp-json\/wp\/v2\/categories?post=176210"},{"taxonomy":"post_tag","embeddable":true,"href":"https:\/\/www.blogdothame.blog.br\/v1\/wp-json\/wp\/v2\/tags?post=176210"}],"curies":[{"name":"wp","href":"https:\/\/api.w.org\/{rel}","templated":true}]}}