{"id":175955,"date":"2025-05-23T14:30:05","date_gmt":"2025-05-23T17:30:05","guid":{"rendered":"https:\/\/www.blogdothame.blog.br\/v1\/?p=175955"},"modified":"2025-05-23T12:07:23","modified_gmt":"2025-05-23T15:07:23","slug":"ilheus-celebra-a-cultura-nordestina-com-projeto-sao-joao-dos-bairros-promovido-pela-tv-santa-cruz","status":"publish","type":"post","link":"https:\/\/www.blogdothame.blog.br\/v1\/2025\/05\/23\/ilheus-celebra-a-cultura-nordestina-com-projeto-sao-joao-dos-bairros-promovido-pela-tv-santa-cruz\/","title":{"rendered":"Ilh\u00e9us celebra a cultura nordestina com Projeto S\u00e3o Jo\u00e3o dos Bairros promovido pela TV Santa Cruz"},"content":{"rendered":"<p><img loading=\"lazy\" class=\"aligncenter  wp-image-175956\" src=\"https:\/\/www.blogdothame.blog.br\/v1\/wp-content\/uploads\/2025\/05\/sjoao-1.jpg\" alt=\"\" width=\"336\" height=\"358\" srcset=\"https:\/\/www.blogdothame.blog.br\/v1\/wp-content\/uploads\/2025\/05\/sjoao-1.jpg 367w, https:\/\/www.blogdothame.blog.br\/v1\/wp-content\/uploads\/2025\/05\/sjoao-1-282x300.jpg 282w\" sizes=\"(max-width: 336px) 100vw, 336px\" \/>A cidade de Ilh\u00e9us entra no clima das festas juninas com o lan\u00e7amento de um projeto cultural que promete aquecer os cora\u00e7\u00f5es e movimentar os bairros com muita m\u00fasica, dan\u00e7a e tradi\u00e7\u00e3o. Realizado pela TV Santa Cruz, com o apoio da Prefeitura de Ilh\u00e9us, patroc\u00ednio de HE NET e ViaMetro, o projeto valoriza uma das manifesta\u00e7\u00f5es mais aut\u00eanticas da cultura nordestina: o S\u00e3o Jo\u00e3o.<\/p>\n<p>A iniciativa tem como objetivo resgatar e fortalecer as ra\u00edzes culturais da regi\u00e3o, promovendo entretenimento gratuito, incentivando artistas locais e fomentando a economia criativa em diversos bairros da cidade.<\/p>\n<p><img loading=\"lazy\" class=\"aligncenter  wp-image-175957\" src=\"https:\/\/www.blogdothame.blog.br\/v1\/wp-content\/uploads\/2025\/05\/saojoab-b.jpg\" alt=\"\" width=\"415\" height=\"179\" srcset=\"https:\/\/www.blogdothame.blog.br\/v1\/wp-content\/uploads\/2025\/05\/saojoab-b.jpg 600w, https:\/\/www.blogdothame.blog.br\/v1\/wp-content\/uploads\/2025\/05\/saojoab-b-300x130.jpg 300w\" sizes=\"(max-width: 415px) 100vw, 415px\" \/><\/p>\n<p>O primeiro evento acontece no bairro Iguape, com uma programa\u00e7\u00e3o diversificada que celebra a identidade junina:<\/p>\n<p><!--more--><\/p>\n<p>Iguape &#8211; 1\u00ba evento (Amanh\u00e3)<br \/>\n24\/05<br \/>\nAbertura dos stands dos parceiros<br \/>\nApresenta\u00e7\u00e3o da quadrilha junina Dinossauro<br \/>\nDesfile da Rainha do Milho<br \/>\nShows:<br \/>\nBanda: Xote Apimentado<br \/>\nBanda: Mel de Forr\u00f3<\/p>\n<p>O projeto segue levando alegria a outras localidades de Ilh\u00e9us:<\/p>\n<p>Oliven\u00e7a &#8211; 2\u00b0 Evento<br \/>\n31\/05<br \/>\nAbertura dos stands dos parceiros<br \/>\nApresenta\u00e7\u00e3o de quadrilhas juninas<br \/>\nDesfile da Rainha do Milho<br \/>\nShows:<br \/>\nBanda: Zabumbahia<br \/>\nBanda: Flor do Caribe<\/p>\n<p>Vilela &#8211; 3\u00b0 Evento<br \/>\n06\/06<br \/>\nAbertura dos stands dos parceiros<br \/>\nApresenta\u00e7\u00e3o de quadrilhas juninas<br \/>\nDesfile da Rainha do Milho<br \/>\nShows:<br \/>\nBanda: Forr\u00f3 do Cajueiro<br \/>\nBanda: Thiago Oliveira<\/p>\n<p>Malhado &#8211; 4\u00b0 Evento<br \/>\n07\/06<br \/>\nAbertura dos stands dos parceiros<br \/>\nApresenta\u00e7\u00e3o de quadrilhas juninas<br \/>\nDesfile da Rainha do Milho<br \/>\nShows:<br \/>\nBanda: Cangaceiros do Forr\u00f3<br \/>\nBanda: K\u00e9rcia Vicente<\/p>\n<p>Com uma programa\u00e7\u00e3o que valoriza o forr\u00f3 tradicional, as quadrilhas juninas e a culin\u00e1ria t\u00edpica, o projeto refor\u00e7a o papel das festas juninas como patrim\u00f4nio imaterial do povo nordestino. \u00c9 tamb\u00e9m uma forma de promover inclus\u00e3o social, fortalecer o turismo local e celebrar a diversidade cultural de Ilh\u00e9us.<\/p>\n<p>A TV Santa Cruz convida toda a comunidade a vestir o xadrez, preparar a bota e entrar no arrasta-p\u00e9 com muita anima\u00e7\u00e3o!<\/p>\n<p>Apoio: Prefeitura de Ilh\u00e9us. Patrocinadores: He net e Viametro.<\/p>\n","protected":false},"excerpt":{"rendered":"<p>A cidade de Ilh\u00e9us entra no clima das festas juninas com o lan\u00e7amento de um projeto cultural que promete aquecer os cora\u00e7\u00f5es e movimentar os bairros com muita m\u00fasica, dan\u00e7a e tradi\u00e7\u00e3o. Realizado pela TV Santa Cruz, com o apoio da Prefeitura de Ilh\u00e9us, patroc\u00ednio de HE NET e ViaMetro, o projeto valoriza uma das [&hellip;]<\/p>\n","protected":false},"author":2,"featured_media":175956,"comment_status":"open","ping_status":"open","sticky":false,"template":"","format":"standard","meta":{"_links_to":"","_links_to_target":""},"categories":[33433],"tags":[39896,218,39895,752],"_links":{"self":[{"href":"https:\/\/www.blogdothame.blog.br\/v1\/wp-json\/wp\/v2\/posts\/175955"}],"collection":[{"href":"https:\/\/www.blogdothame.blog.br\/v1\/wp-json\/wp\/v2\/posts"}],"about":[{"href":"https:\/\/www.blogdothame.blog.br\/v1\/wp-json\/wp\/v2\/types\/post"}],"author":[{"embeddable":true,"href":"https:\/\/www.blogdothame.blog.br\/v1\/wp-json\/wp\/v2\/users\/2"}],"replies":[{"embeddable":true,"href":"https:\/\/www.blogdothame.blog.br\/v1\/wp-json\/wp\/v2\/comments?post=175955"}],"version-history":[{"count":1,"href":"https:\/\/www.blogdothame.blog.br\/v1\/wp-json\/wp\/v2\/posts\/175955\/revisions"}],"predecessor-version":[{"id":175958,"href":"https:\/\/www.blogdothame.blog.br\/v1\/wp-json\/wp\/v2\/posts\/175955\/revisions\/175958"}],"wp:featuredmedia":[{"embeddable":true,"href":"https:\/\/www.blogdothame.blog.br\/v1\/wp-json\/wp\/v2\/media\/175956"}],"wp:attachment":[{"href":"https:\/\/www.blogdothame.blog.br\/v1\/wp-json\/wp\/v2\/media?parent=175955"}],"wp:term":[{"taxonomy":"category","embeddable":true,"href":"https:\/\/www.blogdothame.blog.br\/v1\/wp-json\/wp\/v2\/categories?post=175955"},{"taxonomy":"post_tag","embeddable":true,"href":"https:\/\/www.blogdothame.blog.br\/v1\/wp-json\/wp\/v2\/tags?post=175955"}],"curies":[{"name":"wp","href":"https:\/\/api.w.org\/{rel}","templated":true}]}}