{"id":175886,"date":"2025-05-22T19:28:15","date_gmt":"2025-05-22T22:28:15","guid":{"rendered":"https:\/\/www.blogdothame.blog.br\/v1\/?p=175886"},"modified":"2025-05-22T11:32:04","modified_gmt":"2025-05-22T14:32:04","slug":"museu-vitrine-das-artes-visuais-da-uesc-recebe-exposicao-do-artista-ota","status":"publish","type":"post","link":"https:\/\/www.blogdothame.blog.br\/v1\/2025\/05\/22\/museu-vitrine-das-artes-visuais-da-uesc-recebe-exposicao-do-artista-ota\/","title":{"rendered":"Museu Vitrine das Artes Visuais da UESC recebe exposi\u00e7\u00e3o do artista Ota"},"content":{"rendered":"<p><img loading=\"lazy\" class=\"aligncenter  wp-image-175887\" src=\"https:\/\/www.blogdothame.blog.br\/v1\/wp-content\/uploads\/2025\/05\/Trabalho-de-Ota-pontilismo.jpeg\" alt=\"\" width=\"370\" height=\"370\" srcset=\"https:\/\/www.blogdothame.blog.br\/v1\/wp-content\/uploads\/2025\/05\/Trabalho-de-Ota-pontilismo.jpeg 550w, https:\/\/www.blogdothame.blog.br\/v1\/wp-content\/uploads\/2025\/05\/Trabalho-de-Ota-pontilismo-300x300.jpeg 300w, https:\/\/www.blogdothame.blog.br\/v1\/wp-content\/uploads\/2025\/05\/Trabalho-de-Ota-pontilismo-150x150.jpeg 150w\" sizes=\"(max-width: 370px) 100vw, 370px\" \/>O Museu Vitrine das Artes Visuais da Universidade Estadual de Santa Cruz (UESC), em Ilh\u00e9us-BA, apresenta sua 5\u00aa exposi\u00e7\u00e3o do ciclo 2024\/2025, intitulada\u00a0\u201cPontilhismo c\/ nanquim, pintura acr\u00edlica sobre tela, linha reta em arte digital\u201d, de autoria do artista Ot\u00e1vio Augusto Silva Ferreira, conhecido como Ota. A mostra pode ser visitada entre os dias 20 de maio e 12 de setembro de 2025.<\/p>\n<p>Natural de Canavieiras-BA, Ota dedica-se ao desenho desde a inf\u00e2ncia. Sua produ\u00e7\u00e3o art\u00edstica apresenta influ\u00eancias de mestres europeus dos s\u00e9culos XIX e XX, como Van Gogh, Picasso e Dal\u00ed, al\u00e9m de nomes brasileiros contempor\u00e2neos, a exemplo de Charles Laveso, Iury Sim\u00f5es e Rapha Pinheiro. Suas obras, de natureza realista, retratam pessoas, objetos e situa\u00e7\u00f5es cotidianas com profundidade emocional e rigor t\u00e9cnico, em contraste ao romantismo idealizado.<\/p>\n<p><img loading=\"lazy\" class=\"aligncenter  wp-image-175888\" src=\"https:\/\/www.blogdothame.blog.br\/v1\/wp-content\/uploads\/2025\/05\/Trabalho-de-Ota-pontilismo...jpeg\" alt=\"\" width=\"302\" height=\"302\" srcset=\"https:\/\/www.blogdothame.blog.br\/v1\/wp-content\/uploads\/2025\/05\/Trabalho-de-Ota-pontilismo...jpeg 550w, https:\/\/www.blogdothame.blog.br\/v1\/wp-content\/uploads\/2025\/05\/Trabalho-de-Ota-pontilismo..-300x300.jpeg 300w, https:\/\/www.blogdothame.blog.br\/v1\/wp-content\/uploads\/2025\/05\/Trabalho-de-Ota-pontilismo..-150x150.jpeg 150w\" sizes=\"(max-width: 302px) 100vw, 302px\" \/><\/p>\n<p>O Museu Vitrine das Artes Visuais (MAV) foi concebido em 2010 pelo artista pl\u00e1stico e professor Guilherme Albagli de Almeida, e atualmente \u00e9 coordenado pelo professor Samuel Mattos. As duas vitrines que comp\u00f5em o espa\u00e7o est\u00e3o situadas no t\u00e9rreo do Pavilh\u00e3o Pedro Calmon, no Campus Prof. Soane Nazar\u00e9 de Andrade (UESC).<\/p>\n<p><!--more--><\/p>\n<p>A atual exposi\u00e7\u00e3o \u00e9 resultado da sele\u00e7\u00e3o promovida pelo Edital UESC n\u00ba 226\/23 e formalizada pela Portaria Reitoria n\u00ba 39\/24, refor\u00e7ando o compromisso da Universidade com a valoriza\u00e7\u00e3o da arte e da cultura regional.<\/p>\n<p>&nbsp;<\/p>\n","protected":false},"excerpt":{"rendered":"<p>O Museu Vitrine das Artes Visuais da Universidade Estadual de Santa Cruz (UESC), em Ilh\u00e9us-BA, apresenta sua 5\u00aa exposi\u00e7\u00e3o do ciclo 2024\/2025, intitulada\u00a0\u201cPontilhismo c\/ nanquim, pintura acr\u00edlica sobre tela, linha reta em arte digital\u201d, de autoria do artista Ot\u00e1vio Augusto Silva Ferreira, conhecido como Ota. A mostra pode ser visitada entre os dias 20 de [&hellip;]<\/p>\n","protected":false},"author":2,"featured_media":175887,"comment_status":"open","ping_status":"open","sticky":false,"template":"","format":"standard","meta":{"_links_to":"","_links_to_target":""},"categories":[33436],"tags":[334,37074,39879],"_links":{"self":[{"href":"https:\/\/www.blogdothame.blog.br\/v1\/wp-json\/wp\/v2\/posts\/175886"}],"collection":[{"href":"https:\/\/www.blogdothame.blog.br\/v1\/wp-json\/wp\/v2\/posts"}],"about":[{"href":"https:\/\/www.blogdothame.blog.br\/v1\/wp-json\/wp\/v2\/types\/post"}],"author":[{"embeddable":true,"href":"https:\/\/www.blogdothame.blog.br\/v1\/wp-json\/wp\/v2\/users\/2"}],"replies":[{"embeddable":true,"href":"https:\/\/www.blogdothame.blog.br\/v1\/wp-json\/wp\/v2\/comments?post=175886"}],"version-history":[{"count":1,"href":"https:\/\/www.blogdothame.blog.br\/v1\/wp-json\/wp\/v2\/posts\/175886\/revisions"}],"predecessor-version":[{"id":175889,"href":"https:\/\/www.blogdothame.blog.br\/v1\/wp-json\/wp\/v2\/posts\/175886\/revisions\/175889"}],"wp:featuredmedia":[{"embeddable":true,"href":"https:\/\/www.blogdothame.blog.br\/v1\/wp-json\/wp\/v2\/media\/175887"}],"wp:attachment":[{"href":"https:\/\/www.blogdothame.blog.br\/v1\/wp-json\/wp\/v2\/media?parent=175886"}],"wp:term":[{"taxonomy":"category","embeddable":true,"href":"https:\/\/www.blogdothame.blog.br\/v1\/wp-json\/wp\/v2\/categories?post=175886"},{"taxonomy":"post_tag","embeddable":true,"href":"https:\/\/www.blogdothame.blog.br\/v1\/wp-json\/wp\/v2\/tags?post=175886"}],"curies":[{"name":"wp","href":"https:\/\/api.w.org\/{rel}","templated":true}]}}