{"id":175634,"date":"2025-05-16T08:28:05","date_gmt":"2025-05-16T11:28:05","guid":{"rendered":"https:\/\/www.blogdothame.blog.br\/v1\/?p=175634"},"modified":"2025-05-15T15:32:06","modified_gmt":"2025-05-15T18:32:06","slug":"a-abolicao-da-escravidao-no-brasil-uma-suposta-liberdade-e-a-realidade-de-hoje","status":"publish","type":"post","link":"https:\/\/www.blogdothame.blog.br\/v1\/2025\/05\/16\/a-abolicao-da-escravidao-no-brasil-uma-suposta-liberdade-e-a-realidade-de-hoje\/","title":{"rendered":"A Aboli\u00e7\u00e3o da escravid\u00e3o no Brasil: uma suposta liberdade e a realidade de hoje"},"content":{"rendered":"<p><img loading=\"lazy\" class=\"aligncenter  wp-image-175635\" src=\"https:\/\/www.blogdothame.blog.br\/v1\/wp-content\/uploads\/2025\/05\/PHOTO-2025-05-15-13-18-15-1.jpg\" alt=\"\" width=\"480\" height=\"320\" srcset=\"https:\/\/www.blogdothame.blog.br\/v1\/wp-content\/uploads\/2025\/05\/PHOTO-2025-05-15-13-18-15-1.jpg 600w, https:\/\/www.blogdothame.blog.br\/v1\/wp-content\/uploads\/2025\/05\/PHOTO-2025-05-15-13-18-15-1-300x200.jpg 300w\" sizes=\"(max-width: 480px) 100vw, 480px\" \/><\/p>\n<p style=\"text-align: right;\"><strong>Alex Pantera<\/strong><\/p>\n<p><img loading=\"lazy\" class=\"alignleft  wp-image-175636\" src=\"https:\/\/www.blogdothame.blog.br\/v1\/wp-content\/uploads\/2025\/05\/PHOTO-2025-05-15-13-31-52-1-300x277.jpg\" alt=\"\" width=\"274\" height=\"253\" srcset=\"https:\/\/www.blogdothame.blog.br\/v1\/wp-content\/uploads\/2025\/05\/PHOTO-2025-05-15-13-31-52-1-300x277.jpg 300w, https:\/\/www.blogdothame.blog.br\/v1\/wp-content\/uploads\/2025\/05\/PHOTO-2025-05-15-13-31-52-1.jpg 433w\" sizes=\"(max-width: 274px) 100vw, 274px\" \/>A escravid\u00e3o no Brasil, que perdurou por mais de 300 anos, teve seu t\u00e9rmino formal em 13 de maio de 1888, com a assinatura da Lei \u00c1urea. Contudo, esta aboli\u00e7\u00e3o \u00e9 muitas vezes considerada uma &#8220;suposta liberdade&#8221;, uma vez que n\u00e3o trouxe a esperada dignidade e direitos para a popula\u00e7\u00e3o negra que, at\u00e9 ent\u00e3o, havia sido submetida a d\u00e9cadas de opress\u00e3o e desumaniza\u00e7\u00e3o. Enquanto os colonizadores portugueses foram agraciados com terras, casas e poder, os negros, ap\u00f3s a aboli\u00e7\u00e3o, foram deixados \u00e0 pr\u00f3pria sorte, sem abrigo, alimento, vestu\u00e1rio ou direitos b\u00e1sicos garantidos pela Lei.<\/p>\n<p>A realidade enfrentada pelos ex-escravizados foi uma continuidade do abandono. Sem apoio e recursos, muitos foram for\u00e7ados a viver em condi\u00e7\u00f5es prec\u00e1rias, perpetuando ciclos de pobreza e marginaliza\u00e7\u00e3o social. O Estado brasileiro, que se beneficiou da m\u00e3o de obra escrava por s\u00e9culos, falhou em prover pol\u00edticas p\u00fablicas eficazes que garantissem a inclus\u00e3o e a cidadania plena dos libertos.<\/p>\n<p>Hoje, essa situa\u00e7\u00e3o se agrava com a infeliz realidade do chamado \u201ccacau sujo\u201d, que envolve a explora\u00e7\u00e3o de trabalhadores em fazendas de cacau, muitas das quais praticam trabalho em condi\u00e7\u00f5es an\u00e1logas \u00e0 escravid\u00e3o. Investiga\u00e7\u00f5es do Minist\u00e9rio P\u00fablico do Trabalho (MPT), divulgadas pela Rep\u00f3rter Brasil, revelaram diversas viola\u00e7\u00f5es trabalhistas em cadeias de fornecimento de grandes empresas internacionais, como Olam International e Barry Callebaut. A Cargill, outra gigante do agroneg\u00f3cio, tamb\u00e9m \u00e9 mencionada entre as que se beneficiam dos abusos cometidos no campo.<\/p>\n<p>Essas tr\u00eas empresas controlam 97% da moagem e torra das am\u00eandoas de cacau no Brasil e fornecem mat\u00e9ria-prima para marcas renomadas como Nestl\u00e9 e Lacta (Mondelez), famosas por seus produtos como os bombons &#8220;Chokito&#8221; e &#8220;Sonho de Valsa&#8221;. Entretanto, por tr\u00e1s da imagem saborosa das guloseimas consumidas, existe uma triste realidade que exp\u00f5e a continuidade da explora\u00e7\u00e3o e das viola\u00e7\u00f5es de direitos humanos.<\/p>\n<p><!--more--><\/p>\n<p>Nos \u00faltimos 15 anos, mais de 148 pessoas foram resgatadas do trabalho escravo em fazendas de cacau. A maioria das opera\u00e7\u00f5es de resgate concentrou-se nos estados do Par\u00e1 e Bahia, reconhecidos como os principais polos de produ\u00e7\u00e3o do cacau. As condi\u00e7\u00f5es de trabalho s\u00e3o aterradoras, incluindo amea\u00e7as constantes de patr\u00f5es, moradias em estado degradante, servid\u00e3o por d\u00edvidas e at\u00e9 trabalho infantil, demonstrando que a luta por dignidade e direitos dos negros brasileiros ainda est\u00e1 longe de ser conquistada.<\/p>\n<p>Assim, a aboli\u00e7\u00e3o da escravid\u00e3o no Brasil n\u00e3o se traduz em verdadeira liberdade, mas sim na perpetua\u00e7\u00e3o de injusti\u00e7as que exigem a\u00e7\u00f5es urgentes e eficazes para que os erros do passado n\u00e3o continuem a assombrar o presente e o futuro da sociedade brasileira. \u00c9 fundamental que a luta pelos direitos humanos e dignidade das popula\u00e7\u00f5es vulner\u00e1veis permane\u00e7a na agenda nacional, lembrando que a verdadeira liberdade deve incluir, al\u00e9m da aus\u00eancia da opress\u00e3o, a garantia de direitos e oportunidades iguais.<\/p>\n<p>&nbsp;<\/p>\n<p>&nbsp;<\/p>\n","protected":false},"excerpt":{"rendered":"<p>Alex Pantera A escravid\u00e3o no Brasil, que perdurou por mais de 300 anos, teve seu t\u00e9rmino formal em 13 de maio de 1888, com a assinatura da Lei \u00c1urea. Contudo, esta aboli\u00e7\u00e3o \u00e9 muitas vezes considerada uma &#8220;suposta liberdade&#8221;, uma vez que n\u00e3o trouxe a esperada dignidade e direitos para a popula\u00e7\u00e3o negra que, at\u00e9 [&hellip;]<\/p>\n","protected":false},"author":2,"featured_media":175635,"comment_status":"open","ping_status":"open","sticky":false,"template":"","format":"standard","meta":{"_links_to":"","_links_to_target":""},"categories":[33434],"tags":[38431,20,13270],"_links":{"self":[{"href":"https:\/\/www.blogdothame.blog.br\/v1\/wp-json\/wp\/v2\/posts\/175634"}],"collection":[{"href":"https:\/\/www.blogdothame.blog.br\/v1\/wp-json\/wp\/v2\/posts"}],"about":[{"href":"https:\/\/www.blogdothame.blog.br\/v1\/wp-json\/wp\/v2\/types\/post"}],"author":[{"embeddable":true,"href":"https:\/\/www.blogdothame.blog.br\/v1\/wp-json\/wp\/v2\/users\/2"}],"replies":[{"embeddable":true,"href":"https:\/\/www.blogdothame.blog.br\/v1\/wp-json\/wp\/v2\/comments?post=175634"}],"version-history":[{"count":1,"href":"https:\/\/www.blogdothame.blog.br\/v1\/wp-json\/wp\/v2\/posts\/175634\/revisions"}],"predecessor-version":[{"id":175637,"href":"https:\/\/www.blogdothame.blog.br\/v1\/wp-json\/wp\/v2\/posts\/175634\/revisions\/175637"}],"wp:featuredmedia":[{"embeddable":true,"href":"https:\/\/www.blogdothame.blog.br\/v1\/wp-json\/wp\/v2\/media\/175635"}],"wp:attachment":[{"href":"https:\/\/www.blogdothame.blog.br\/v1\/wp-json\/wp\/v2\/media?parent=175634"}],"wp:term":[{"taxonomy":"category","embeddable":true,"href":"https:\/\/www.blogdothame.blog.br\/v1\/wp-json\/wp\/v2\/categories?post=175634"},{"taxonomy":"post_tag","embeddable":true,"href":"https:\/\/www.blogdothame.blog.br\/v1\/wp-json\/wp\/v2\/tags?post=175634"}],"curies":[{"name":"wp","href":"https:\/\/api.w.org\/{rel}","templated":true}]}}