{"id":175543,"date":"2025-05-16T07:07:40","date_gmt":"2025-05-16T10:07:40","guid":{"rendered":"https:\/\/www.blogdothame.blog.br\/v1\/?p=175543"},"modified":"2025-05-15T11:10:33","modified_gmt":"2025-05-15T14:10:33","slug":"if-baiano-campus-urucuca-abre-inscricoes-para-cursos-gratuitos-de-qualificacao-profissional","status":"publish","type":"post","link":"https:\/\/www.blogdothame.blog.br\/v1\/2025\/05\/16\/if-baiano-campus-urucuca-abre-inscricoes-para-cursos-gratuitos-de-qualificacao-profissional\/","title":{"rendered":"IF Baiano &#8211; Campus Uru\u00e7uca abre inscri\u00e7\u00f5es para cursos gratuitos de qualifica\u00e7\u00e3o profissional"},"content":{"rendered":"<p dir=\"ltr\"><img loading=\"lazy\" class=\"aligncenter wp-image-175544\" src=\"https:\/\/www.blogdothame.blog.br\/v1\/wp-content\/uploads\/2025\/05\/if-1.jpg\" alt=\"\" width=\"479\" height=\"270\" srcset=\"https:\/\/www.blogdothame.blog.br\/v1\/wp-content\/uploads\/2025\/05\/if-1.jpg 600w, https:\/\/www.blogdothame.blog.br\/v1\/wp-content\/uploads\/2025\/05\/if-1-300x169.jpg 300w\" sizes=\"(max-width: 479px) 100vw, 479px\" \/>O Instituto Federal Baiano (IF Baiano) \u2013\u00a0<em>Campus<\/em>\u00a0Uru\u00e7uca est\u00e1 com inscri\u00e7\u00f5es abertas para sete cursos gratuitos, da modalidade de Forma\u00e7\u00e3o Inicial e Continuada (FIC), voltados \u00e0 qualifica\u00e7\u00e3o profissional. As capacita\u00e7\u00f5es s\u00e3o de curta dura\u00e7\u00e3o e ser\u00e3o ofertadas na pr\u00f3pria unidade ou em comunidades parceiras da regi\u00e3o.<\/p>\n<p dir=\"ltr\"><img loading=\"lazy\" class=\"aligncenter wp-image-175545\" src=\"https:\/\/www.blogdothame.blog.br\/v1\/wp-content\/uploads\/2025\/05\/if-mel.jpg\" alt=\"\" width=\"434\" height=\"289\" srcset=\"https:\/\/www.blogdothame.blog.br\/v1\/wp-content\/uploads\/2025\/05\/if-mel.jpg 552w, https:\/\/www.blogdothame.blog.br\/v1\/wp-content\/uploads\/2025\/05\/if-mel-300x200.jpg 300w\" sizes=\"(max-width: 434px) 100vw, 434px\" \/><\/p>\n<p dir=\"ltr\">As inscri\u00e7\u00f5es devem ser realizadas presencialmente entre os dias\u00a013 e 19 de maio de 2025, diretamente nos locais onde os cursos ser\u00e3o ofertados. Para concorrer \u00e0s vagas, \u00e9 necess\u00e1rio atender aos pr\u00e9-requisitos descritos no\u00a0<a href=\"https:\/\/concurso.ifbaiano.edu.br\/portal\/fic-urucuca-maio-2025\/wp-content\/uploads\/sites\/1193\/2025\/05\/Edital-113-de-08-de-maio.pdf\" target=\"_blank\" rel=\"nofollow noopener noreferrer\" data-saferedirecturl=\"https:\/\/www.google.com\/url?q=https:\/\/concurso.ifbaiano.edu.br\/portal\/fic-urucuca-maio-2025\/wp-content\/uploads\/sites\/1193\/2025\/05\/Edital-113-de-08-de-maio.pdf&amp;source=gmail&amp;ust=1747245011566000&amp;usg=AOvVaw1-1MT8IXNBDp1hVSMxxF9X\">edital<\/a>, preencher a ficha de inscri\u00e7\u00e3o e apresentar a documenta\u00e7\u00e3o exigida. N\u00e3o h\u00e1 cobran\u00e7a de taxa de inscri\u00e7\u00e3o.<\/p>\n<h5 dir=\"ltr\">Cursos ofertados<\/h5>\n<p><!--more--><\/p>\n<ul>\n<li dir=\"ltr\">Meliponicultura B\u00e1sica \u2013 20h | 20 vagas<\/li>\n<li dir=\"ltr\">Boas Pr\u00e1ticas na Fabrica\u00e7\u00e3o de Alimentos \u2013 20h | 20 vagas<\/li>\n<li dir=\"ltr\">Higiene e Seguran\u00e7a de Alimentos aplicadas \u00e0 Merenda Escolar \u2013 20 vagas<\/li>\n<li dir=\"ltr\">Preparador de Geleias, Compotas e Gelados \u2013 20 vagas<\/li>\n<li dir=\"ltr\">Preparador de Chocolate \u2013 24h | 20 vagas<\/li>\n<li dir=\"ltr\">Inform\u00e1tica B\u00e1sica \u2013 20h | 20 vagas<\/li>\n<li dir=\"ltr\">Libras para a Fam\u00edlia \u2013 20h | 25 vagas<\/li>\n<\/ul>\n<p dir=\"ltr\">Os dias e locais de realiza\u00e7\u00e3o variam de acordo com o curso e a institui\u00e7\u00e3o parceira. Al\u00e9m destes detalhes, candidatos podem verificar no edital os objetivos e programa de cada curso.\u00a0A sele\u00e7\u00e3o dos estudantes ser\u00e1 feita por ordem de inscri\u00e7\u00e3o, de acordo com a data e o hor\u00e1rio do registro.<\/p>\n<p dir=\"ltr\">Confira o edital completo e acompanhe os resultados na\u00a0<strong><a href=\"https:\/\/concurso.ifbaiano.edu.br\/portal\/fic-urucuca-maio-2025\/\" target=\"_blank\" rel=\"nofollow noopener noreferrer\" data-saferedirecturl=\"https:\/\/www.google.com\/url?q=https:\/\/concurso.ifbaiano.edu.br\/portal\/fic-urucuca-maio-2025\/&amp;source=gmail&amp;ust=1747245011566000&amp;usg=AOvVaw1UamSQX3JsUTnrn9q_cEhT\">p\u00e1gina da sele\u00e7\u00e3o<\/a><\/strong>.<\/p>\n","protected":false},"excerpt":{"rendered":"<p>O Instituto Federal Baiano (IF Baiano) \u2013\u00a0Campus\u00a0Uru\u00e7uca est\u00e1 com inscri\u00e7\u00f5es abertas para sete cursos gratuitos, da modalidade de Forma\u00e7\u00e3o Inicial e Continuada (FIC), voltados \u00e0 qualifica\u00e7\u00e3o profissional. As capacita\u00e7\u00f5es s\u00e3o de curta dura\u00e7\u00e3o e ser\u00e3o ofertadas na pr\u00f3pria unidade ou em comunidades parceiras da regi\u00e3o. As inscri\u00e7\u00f5es devem ser realizadas presencialmente entre os dias\u00a013 e [&hellip;]<\/p>\n","protected":false},"author":2,"featured_media":175544,"comment_status":"open","ping_status":"open","sticky":false,"template":"","format":"standard","meta":{"_links_to":"","_links_to_target":""},"categories":[33434],"tags":[30038,31644],"_links":{"self":[{"href":"https:\/\/www.blogdothame.blog.br\/v1\/wp-json\/wp\/v2\/posts\/175543"}],"collection":[{"href":"https:\/\/www.blogdothame.blog.br\/v1\/wp-json\/wp\/v2\/posts"}],"about":[{"href":"https:\/\/www.blogdothame.blog.br\/v1\/wp-json\/wp\/v2\/types\/post"}],"author":[{"embeddable":true,"href":"https:\/\/www.blogdothame.blog.br\/v1\/wp-json\/wp\/v2\/users\/2"}],"replies":[{"embeddable":true,"href":"https:\/\/www.blogdothame.blog.br\/v1\/wp-json\/wp\/v2\/comments?post=175543"}],"version-history":[{"count":1,"href":"https:\/\/www.blogdothame.blog.br\/v1\/wp-json\/wp\/v2\/posts\/175543\/revisions"}],"predecessor-version":[{"id":175546,"href":"https:\/\/www.blogdothame.blog.br\/v1\/wp-json\/wp\/v2\/posts\/175543\/revisions\/175546"}],"wp:featuredmedia":[{"embeddable":true,"href":"https:\/\/www.blogdothame.blog.br\/v1\/wp-json\/wp\/v2\/media\/175544"}],"wp:attachment":[{"href":"https:\/\/www.blogdothame.blog.br\/v1\/wp-json\/wp\/v2\/media?parent=175543"}],"wp:term":[{"taxonomy":"category","embeddable":true,"href":"https:\/\/www.blogdothame.blog.br\/v1\/wp-json\/wp\/v2\/categories?post=175543"},{"taxonomy":"post_tag","embeddable":true,"href":"https:\/\/www.blogdothame.blog.br\/v1\/wp-json\/wp\/v2\/tags?post=175543"}],"curies":[{"name":"wp","href":"https:\/\/api.w.org\/{rel}","templated":true}]}}