{"id":175363,"date":"2025-05-08T17:36:40","date_gmt":"2025-05-08T20:36:40","guid":{"rendered":"https:\/\/www.blogdothame.blog.br\/v1\/?p=175363"},"modified":"2025-05-08T09:41:41","modified_gmt":"2025-05-08T12:41:41","slug":"tve-mostra-spa-das-tartarugas-maior-minisserie-de-ficcao-ja-realizada-na-bahia","status":"publish","type":"post","link":"https:\/\/www.blogdothame.blog.br\/v1\/2025\/05\/08\/tve-mostra-spa-das-tartarugas-maior-minisserie-de-ficcao-ja-realizada-na-bahia\/","title":{"rendered":"TVE mostra Spa das Tartarugas, maior miniss\u00e9rie de fic\u00e7\u00e3o j\u00e1 realizada na Bahia"},"content":{"rendered":"<p><img loading=\"lazy\" class=\"aligncenter  wp-image-175365\" src=\"https:\/\/www.blogdothame.blog.br\/v1\/wp-content\/uploads\/2025\/05\/filme-2.jpg\" alt=\"\" width=\"452\" height=\"259\" srcset=\"https:\/\/www.blogdothame.blog.br\/v1\/wp-content\/uploads\/2025\/05\/filme-2.jpg 600w, https:\/\/www.blogdothame.blog.br\/v1\/wp-content\/uploads\/2025\/05\/filme-2-300x172.jpg 300w\" sizes=\"(max-width: 452px) 100vw, 452px\" \/>A TVE estreia sua nova miniss\u00e9rie, Spa das Tartarugas, no dia 03 junho, \u00e0s 22 horas, com oito epis\u00f3dios de 45 minutos que ser\u00e3o exibidos de forma cont\u00ednua, um por dia, por duas semanas, de ter\u00e7a a sexta. \u00c9 a maior miniss\u00e9rie de fic\u00e7\u00e3o j\u00e1 realizada na Bahia, recheada de humor, utopia e romantismo. Escrita por Jos\u00e9 Araripe Jr. (Esses Mo\u00e7os, O Pai do Rock, Mr. Abrakadabra!, Hiper Praia, No Pa\u00eds da Poesia Popular) tem dire\u00e7\u00e3o de Lis Schwabacher e Jos\u00e9 Araripe Jr.<\/p>\n<div id=\"attachment_175364\" style=\"width: 361px\" class=\"wp-caption aligncenter\"><img aria-describedby=\"caption-attachment-175364\" loading=\"lazy\" class=\" wp-image-175364\" src=\"https:\/\/www.blogdothame.blog.br\/v1\/wp-content\/uploads\/2025\/05\/filme-1.jpg\" alt=\"\" width=\"351\" height=\"280\" srcset=\"https:\/\/www.blogdothame.blog.br\/v1\/wp-content\/uploads\/2025\/05\/filme-1.jpg 577w, https:\/\/www.blogdothame.blog.br\/v1\/wp-content\/uploads\/2025\/05\/filme-1-300x239.jpg 300w\" sizes=\"(max-width: 351px) 100vw, 351px\" \/><p id=\"caption-attachment-175364\" class=\"wp-caption-text\"><br \/>Spa das Tartarugas foi escrita e dirigida por Jos\u00e9 Araripe Jr. (de bon\u00e9)<\/p><\/div>\n<p>O elenco encabe\u00e7ado pela cantora e atriz Emanuelle Ara\u00fajo, que interpreta nove can\u00e7\u00f5es originais, traz tamb\u00e9m Carlos Bet\u00e3o e Diogo Lopes Filho, e uma pl\u00eaiade de importantes atores baianos: Evelin Buchegger, Aicha Marques, Eleteia Novaes, Mariana Morena, Roney Silva, Jarbas Oliver, Marcelo Flores, Daniel Farias, Widotto \u00c1quilla, Duda Wodja, Lis Schwabacher, Talis Castro, Jean Pedro, Ra\u00edssa Xavier, Kadu Veiga, Saulo Ilogoni, \u00cdcaro Vila Nova. O SPA tamb\u00e9m apresenta a estreia nas telinhas do artista gr\u00e1fico e skater, o popular\u00edssimo Zimaldo Bakit\u00e9ria, e de Adauto Poeta, da Reserva de Sapiranga.<\/p>\n<p>A miniss\u00e9rie Spa das Tartarugas \u00e9 mais um fruto da pol\u00edtica de editais da TVE voltados para a produ\u00e7\u00e3o audiovisual: Bahia da Todas as Telas, em parceria com a FSA\/ANCINE. As grava\u00e7\u00f5es foram feitas no litoral norte da Bahia, na pequena Vila de Santo Ant\u00f4nio, distrito de Imbassa\u00ed, munic\u00edpio de Mata de S\u00e3o Jo\u00e3o, com produ\u00e7\u00e3o da Lart Mark e apoio de 280 habitantes da comunidade local. A tem\u00e1tica principal da com\u00e9dia \u00e9 o confronto da din\u00e2mica hol\u00edstica das terapias curativas hippies com o ceticismo e imediatismo do progresso, e tem como panos de fundo a preserva\u00e7\u00e3o das tartarugas e a especula\u00e7\u00e3o<br \/>\nimobili\u00e1ria tur\u00edstica.<\/p>\n<p><!--more--><\/p>\n<p>Nos oito cap\u00edtulos, a miniss\u00e9rie mescla em sua narrativa a linguagem dos sitcons televisivos, somada \u00e0 linguagem do cinema popular brasileiro, com conflitos geracionais e culturais, envoltos em romance e experimenta\u00e7\u00f5es lis\u00e9rgicas, para contar uma hist\u00f3ria em dois tempos: 1970 e 1999, embalada por can\u00e7\u00f5es originais que remete ao flower power da era das aldeias hippies. A trilha sonora original \u00e9 de Marcelo Lopes, e a produ\u00e7\u00e3o musical de Eduardo Ayrosa. A miniss\u00e9rie foi editada por Josias Brasil, com finaliza\u00e7\u00e3o e efeitos especiais de Edilton Irm\u00e3o.<\/p>\n<p>A miniss\u00e9rie apresenta nove can\u00e7\u00f5es exclusivas compostas por Jos\u00e9 Araripe Jr e Marcelo Lopes. As interpreta\u00e7\u00f5es das can\u00e7\u00f5es ficam \u00e0 cargo de Emanuelle Ara\u00fajo, Marcelos Lopes e Kadu Veiga. As grava\u00e7\u00f5es musicais contaram com a participa\u00e7\u00e3o especial de Jarbas Vasconcellos. A trilha sonora geral da s\u00e9rie \u00e9 da autoria de Marcelo Lopes. A produ\u00e7\u00e3o executiva \u00e9 de Tanao Moura e Sandra Dantas; a dire\u00e7\u00e3o de Fotografia de Wiltonauar Jr. e dire\u00e7\u00e3o de Arte e figurinos de Elias Antoine.<\/p>\n<p><strong>FICHA T\u00c9CNICA<\/strong><\/p>\n<p>PRODU\u00c7\u00c3O EXECUTIVA: Wiltonauar Moura e Sandra Dantas<br \/>\nDIRE\u00c7\u00c3O: Jos\u00e9 Araripe Jr. e Lis Schwabacher;<br \/>\nCRIA\u00c7\u00c3O, ARGUMENTOS E ROTEIRO: Jos\u00e9 Araripe Jr.<br \/>\nDIRE\u00c7\u00c3O DE PRODU\u00c7\u00c3O: Felipe Moura<br \/>\nDIRE\u00c7\u00c3O DE FOTOGRAFIA: Wiltonauar J\u00fanior<br \/>\nDIRE\u00c7\u00c3O DE ARTE: Elias Antoine<br \/>\nMONTAGEM: Josias Brasil<br \/>\nPRODU\u00c7\u00c3O MUSICAL: Eduardo Ayrosa<br \/>\nTRILHA SONORA: Marcelo Lopes<br \/>\nCAN\u00c7\u00d5ES: Jos\u00e9 Araripe Jr. e Marcelo Lopes<br \/>\nELENCO: Emanuelle Ara\u00fajo, Diogo Lopes Filho, Carlos Bet\u00e3o, Lis Schwabacher, Mariana Moreno, Alethea Novaes, Duda Wodja, Jean Pedro, Narcival Rubens, Zimaldo Bakit\u00e9ria, Evelin Buchegger, Raissa Xavier, Kadu Veiga, Saulo Ilogoni, \u00cdcaro Vila Nova, Clarissa Napolli.<br \/>\nATORES CONVIDADOS: Aicha Marques, Jarbas Oliver, Daniel Farias, Marcelo Flores, Tallis Casttro, Annalu Tavares, Ronei Silva, Widotto \u00c1quila<\/p>\n","protected":false},"excerpt":{"rendered":"<p>A TVE estreia sua nova miniss\u00e9rie, Spa das Tartarugas, no dia 03 junho, \u00e0s 22 horas, com oito epis\u00f3dios de 45 minutos que ser\u00e3o exibidos de forma cont\u00ednua, um por dia, por duas semanas, de ter\u00e7a a sexta. \u00c9 a maior miniss\u00e9rie de fic\u00e7\u00e3o j\u00e1 realizada na Bahia, recheada de humor, utopia e romantismo. Escrita [&hellip;]<\/p>\n","protected":false},"author":2,"featured_media":175365,"comment_status":"open","ping_status":"open","sticky":false,"template":"","format":"standard","meta":{"_links_to":"","_links_to_target":""},"categories":[33435],"tags":[39796,9247],"_links":{"self":[{"href":"https:\/\/www.blogdothame.blog.br\/v1\/wp-json\/wp\/v2\/posts\/175363"}],"collection":[{"href":"https:\/\/www.blogdothame.blog.br\/v1\/wp-json\/wp\/v2\/posts"}],"about":[{"href":"https:\/\/www.blogdothame.blog.br\/v1\/wp-json\/wp\/v2\/types\/post"}],"author":[{"embeddable":true,"href":"https:\/\/www.blogdothame.blog.br\/v1\/wp-json\/wp\/v2\/users\/2"}],"replies":[{"embeddable":true,"href":"https:\/\/www.blogdothame.blog.br\/v1\/wp-json\/wp\/v2\/comments?post=175363"}],"version-history":[{"count":1,"href":"https:\/\/www.blogdothame.blog.br\/v1\/wp-json\/wp\/v2\/posts\/175363\/revisions"}],"predecessor-version":[{"id":175366,"href":"https:\/\/www.blogdothame.blog.br\/v1\/wp-json\/wp\/v2\/posts\/175363\/revisions\/175366"}],"wp:featuredmedia":[{"embeddable":true,"href":"https:\/\/www.blogdothame.blog.br\/v1\/wp-json\/wp\/v2\/media\/175365"}],"wp:attachment":[{"href":"https:\/\/www.blogdothame.blog.br\/v1\/wp-json\/wp\/v2\/media?parent=175363"}],"wp:term":[{"taxonomy":"category","embeddable":true,"href":"https:\/\/www.blogdothame.blog.br\/v1\/wp-json\/wp\/v2\/categories?post=175363"},{"taxonomy":"post_tag","embeddable":true,"href":"https:\/\/www.blogdothame.blog.br\/v1\/wp-json\/wp\/v2\/tags?post=175363"}],"curies":[{"name":"wp","href":"https:\/\/api.w.org\/{rel}","templated":true}]}}