{"id":174799,"date":"2025-04-22T08:11:16","date_gmt":"2025-04-22T11:11:16","guid":{"rendered":"https:\/\/www.blogdothame.blog.br\/v1\/?p=174799"},"modified":"2025-04-22T08:11:16","modified_gmt":"2025-04-22T11:11:16","slug":"governador-jeronimo-rodrigues-participa-de-missa-em-sufragio-da-alma-do-papa-francisco","status":"publish","type":"post","link":"https:\/\/www.blogdothame.blog.br\/v1\/2025\/04\/22\/governador-jeronimo-rodrigues-participa-de-missa-em-sufragio-da-alma-do-papa-francisco\/","title":{"rendered":"Governador Jer\u00f4nimo Rodrigues participa de missa em sufr\u00e1gio da alma do papa Francisco"},"content":{"rendered":"<p><img loading=\"lazy\" class=\"aligncenter  wp-image-174800\" src=\"https:\/\/www.blogdothame.blog.br\/v1\/wp-content\/uploads\/2025\/04\/Missa-Papa-Francisco-Catedral-Basilica-de-Salvador.-Fotos-Matheus-LandimGOVBA-3.jpeg\" alt=\"\" width=\"391\" height=\"219\" srcset=\"https:\/\/www.blogdothame.blog.br\/v1\/wp-content\/uploads\/2025\/04\/Missa-Papa-Francisco-Catedral-Basilica-de-Salvador.-Fotos-Matheus-LandimGOVBA-3.jpeg 512w, https:\/\/www.blogdothame.blog.br\/v1\/wp-content\/uploads\/2025\/04\/Missa-Papa-Francisco-Catedral-Basilica-de-Salvador.-Fotos-Matheus-LandimGOVBA-3-300x168.jpeg 300w\" sizes=\"(max-width: 391px) 100vw, 391px\" \/>Na tarde desta segunda-feira (21), o governador Jer\u00f4nimo Rodrigues, acompanhado pela primeira-dama e presidente das Volunt\u00e1rias Sociais da Bahia (VSBA), Tatiana Velloso, participou da missa em sufr\u00e1gio da alma de Jorge Mario Bergoglio, o papa Francisco, realizada na Catedral Bas\u00edlica do Sant\u00edssimo Salvador, no Centro Hist\u00f3rico da capital baiana. A celebra\u00e7\u00e3o foi presidida pelo arcebispo de Salvador e primaz do Brasil, cardeal Dom Sergio da Rocha.<\/p>\n<p><img loading=\"lazy\" class=\"aligncenter  wp-image-174801\" src=\"https:\/\/www.blogdothame.blog.br\/v1\/wp-content\/uploads\/2025\/04\/Missa-Papa-Francisco-Catedral-Basilica-de-Salvador.-Fotos-Matheus-LandimGOVBA-7.jpeg\" alt=\"\" width=\"401\" height=\"225\" srcset=\"https:\/\/www.blogdothame.blog.br\/v1\/wp-content\/uploads\/2025\/04\/Missa-Papa-Francisco-Catedral-Basilica-de-Salvador.-Fotos-Matheus-LandimGOVBA-7.jpeg 600w, https:\/\/www.blogdothame.blog.br\/v1\/wp-content\/uploads\/2025\/04\/Missa-Papa-Francisco-Catedral-Basilica-de-Salvador.-Fotos-Matheus-LandimGOVBA-7-300x169.jpeg 300w\" sizes=\"(max-width: 401px) 100vw, 401px\" \/><\/p>\n<p>A cerim\u00f4nia reuniu os titulares das secretarias estaduais de Turismo (Setur-BA), Cultura (Secult-BA) e de Justi\u00e7a e Direitos Humanos (SJDH) Maur\u00edcio Bacellar, Bruno Monteiro e Felipe Freitas respectivamente, al\u00e9m de outras autoridades, l\u00edderes religiosos, fi\u00e9is e representantes da sociedade civil, que prestaram suas homenagens ao l\u00edder da Igreja Cat\u00f3lica, falecido nesta madrugada. Em um clima de profundo respeito e espiritualidade, os presentes expressaram sua gratid\u00e3o pela trajet\u00f3ria de f\u00e9, di\u00e1logo e compromisso social do Santo Padre, que morreu em decorr\u00eancia de um AVC e insufici\u00eancia card\u00edaca.<\/p>\n<p><img loading=\"lazy\" class=\"aligncenter  wp-image-174802\" src=\"https:\/\/www.blogdothame.blog.br\/v1\/wp-content\/uploads\/2025\/04\/Missa-Papa-Francisco-Catedral-Basilica-de-Salvador.-Fotos-Matheus-LandimGOVBA-6.jpeg\" alt=\"\" width=\"422\" height=\"237\" srcset=\"https:\/\/www.blogdothame.blog.br\/v1\/wp-content\/uploads\/2025\/04\/Missa-Papa-Francisco-Catedral-Basilica-de-Salvador.-Fotos-Matheus-LandimGOVBA-6.jpeg 600w, https:\/\/www.blogdothame.blog.br\/v1\/wp-content\/uploads\/2025\/04\/Missa-Papa-Francisco-Catedral-Basilica-de-Salvador.-Fotos-Matheus-LandimGOVBA-6-300x169.jpeg 300w\" sizes=\"(max-width: 422px) 100vw, 422px\" \/><\/p>\n<p>Frequentadora ass\u00eddua das missas na Catedral, a dona de casa, Maria C\u00e9lia do Nascimento, falou sobre o papa e a sua postura pastoral, al\u00e9m do impacto na vida dos fi\u00e9is. &#8220;Para mim, o Papa Francisco foi um verdadeiro exemplo de humildade e compaix\u00e3o. Ele viveu a mensagem de Cristo de maneira t\u00e3o simples, mas profunda. Sua forma de agir e ensinar refletiu o amor que Jesus tinha pelos mais necessitados, pelos marginalizados e por aqueles que est\u00e3o em sofrimento&#8221;.<\/p>\n<p><!--more--><\/p>\n<p><img loading=\"lazy\" class=\"aligncenter  wp-image-174804\" src=\"https:\/\/www.blogdothame.blog.br\/v1\/wp-content\/uploads\/2025\/04\/Missa-Papa-Francisco-Catedral-Basilica-de-Salvador.-Fotos-Matheus-LandimGOVBA-2.jpeg\" alt=\"\" width=\"386\" height=\"217\" srcset=\"https:\/\/www.blogdothame.blog.br\/v1\/wp-content\/uploads\/2025\/04\/Missa-Papa-Francisco-Catedral-Basilica-de-Salvador.-Fotos-Matheus-LandimGOVBA-2.jpeg 600w, https:\/\/www.blogdothame.blog.br\/v1\/wp-content\/uploads\/2025\/04\/Missa-Papa-Francisco-Catedral-Basilica-de-Salvador.-Fotos-Matheus-LandimGOVBA-2-300x169.jpeg 300w\" sizes=\"(max-width: 386px) 100vw, 386px\" \/><\/p>\n<p>Na ocasi\u00e3o, o governador Jer\u00f4nimo Rodrigues destacou a import\u00e2ncia do legado do papa Francisco para o mundo, especialmente pelas suas mensagens de paz, justi\u00e7a social e cuidado com os mais vulner\u00e1veis. &#8220;Primeiro \u00e9 registrar aqui o profundo sentimento do povo da Bahia com a perda de um l\u00edder religioso mundial. O Santo Padre defendeu temas duros dentro da Igreja Cat\u00f3lica, dif\u00edceis, como a quest\u00e3o da transi\u00e7\u00e3o energ\u00e9tica, o direito das mulheres, das comunidades LGBTQIA+, mas tamb\u00e9m defendeu temas internacionais como a paz mundial. Ele deixou um grande legado para a igreja cat\u00f3lica, foi um l\u00edder ecum\u00eanico muito forte&#8221;, afirmou o governador.<\/p>\n<p><img loading=\"lazy\" class=\"aligncenter  wp-image-174803\" src=\"https:\/\/www.blogdothame.blog.br\/v1\/wp-content\/uploads\/2025\/04\/Missa-Papa-Francisco-Catedral-Basilica-de-Salvador.-Fotos-Matheus-LandimGOVBA-1.jpeg\" alt=\"\" width=\"376\" height=\"239\" srcset=\"https:\/\/www.blogdothame.blog.br\/v1\/wp-content\/uploads\/2025\/04\/Missa-Papa-Francisco-Catedral-Basilica-de-Salvador.-Fotos-Matheus-LandimGOVBA-1.jpeg 600w, https:\/\/www.blogdothame.blog.br\/v1\/wp-content\/uploads\/2025\/04\/Missa-Papa-Francisco-Catedral-Basilica-de-Salvador.-Fotos-Matheus-LandimGOVBA-1-300x191.jpeg 300w\" sizes=\"(max-width: 376px) 100vw, 376px\" \/><\/p>\n<p>A missa marcou um momento de uni\u00e3o e ora\u00e7\u00e3o coletiva pela alma do primeiro pont\u00edfice latino-americano e um dos papas mais queridos da hist\u00f3ria contempor\u00e2nea da Igreja Cat\u00f3lica. Segundo o secret\u00e1rio de Turismo, Maur\u00edcio Bacelar, \u201cn\u00f3s cat\u00f3licos recebemos com muito pesar a not\u00edcia do falecimento do papa Francisco. O papa que ligou a igreja \u00e0s quest\u00f5es contempor\u00e2neas. Para n\u00f3s, baianos, ele se reveste tamb\u00e9m de uma import\u00e2ncia muito grande. Foi o papa que canonizou Santa Dulce dos Pobres e autorizou a abertura do processo de beatifica\u00e7\u00e3o tamb\u00e9m de outras duas baianas. O mundo perde um dos seus principais l\u00edderes\u201d.<\/p>\n<p>&nbsp;<\/p>\n<p>Fotos: Matheus Landim\/GOVBA<\/p>\n","protected":false},"excerpt":{"rendered":"<p>Na tarde desta segunda-feira (21), o governador Jer\u00f4nimo Rodrigues, acompanhado pela primeira-dama e presidente das Volunt\u00e1rias Sociais da Bahia (VSBA), Tatiana Velloso, participou da missa em sufr\u00e1gio da alma de Jorge Mario Bergoglio, o papa Francisco, realizada na Catedral Bas\u00edlica do Sant\u00edssimo Salvador, no Centro Hist\u00f3rico da capital baiana. A celebra\u00e7\u00e3o foi presidida pelo arcebispo [&hellip;]<\/p>\n","protected":false},"author":2,"featured_media":174800,"comment_status":"open","ping_status":"open","sticky":false,"template":"","format":"standard","meta":{"_links_to":"","_links_to_target":""},"categories":[33432],"tags":[39694,12213,13095,6323],"_links":{"self":[{"href":"https:\/\/www.blogdothame.blog.br\/v1\/wp-json\/wp\/v2\/posts\/174799"}],"collection":[{"href":"https:\/\/www.blogdothame.blog.br\/v1\/wp-json\/wp\/v2\/posts"}],"about":[{"href":"https:\/\/www.blogdothame.blog.br\/v1\/wp-json\/wp\/v2\/types\/post"}],"author":[{"embeddable":true,"href":"https:\/\/www.blogdothame.blog.br\/v1\/wp-json\/wp\/v2\/users\/2"}],"replies":[{"embeddable":true,"href":"https:\/\/www.blogdothame.blog.br\/v1\/wp-json\/wp\/v2\/comments?post=174799"}],"version-history":[{"count":1,"href":"https:\/\/www.blogdothame.blog.br\/v1\/wp-json\/wp\/v2\/posts\/174799\/revisions"}],"predecessor-version":[{"id":174805,"href":"https:\/\/www.blogdothame.blog.br\/v1\/wp-json\/wp\/v2\/posts\/174799\/revisions\/174805"}],"wp:featuredmedia":[{"embeddable":true,"href":"https:\/\/www.blogdothame.blog.br\/v1\/wp-json\/wp\/v2\/media\/174800"}],"wp:attachment":[{"href":"https:\/\/www.blogdothame.blog.br\/v1\/wp-json\/wp\/v2\/media?parent=174799"}],"wp:term":[{"taxonomy":"category","embeddable":true,"href":"https:\/\/www.blogdothame.blog.br\/v1\/wp-json\/wp\/v2\/categories?post=174799"},{"taxonomy":"post_tag","embeddable":true,"href":"https:\/\/www.blogdothame.blog.br\/v1\/wp-json\/wp\/v2\/tags?post=174799"}],"curies":[{"name":"wp","href":"https:\/\/api.w.org\/{rel}","templated":true}]}}