{"id":174429,"date":"2025-04-10T09:00:37","date_gmt":"2025-04-10T12:00:37","guid":{"rendered":"https:\/\/www.blogdothame.blog.br\/v1\/?p=174429"},"modified":"2025-04-09T16:55:12","modified_gmt":"2025-04-09T19:55:12","slug":"jeronimo-lidera-maratona-de-entregas-e-investimentos-no-interior-ate-domingo-e-transforma-jequie-em-centro-estrategico-de-governo","status":"publish","type":"post","link":"https:\/\/www.blogdothame.blog.br\/v1\/2025\/04\/10\/jeronimo-lidera-maratona-de-entregas-e-investimentos-no-interior-ate-domingo-e-transforma-jequie-em-centro-estrategico-de-governo\/","title":{"rendered":"Jer\u00f4nimo lidera maratona de entregas e investimentos no interior at\u00e9  domingo  e transforma Jequi\u00e9 em centro estrat\u00e9gico de Governo*"},"content":{"rendered":"<p><img loading=\"lazy\" class=\"aligncenter size-full wp-image-174343\" src=\"https:\/\/www.blogdothame.blog.br\/v1\/wp-content\/uploads\/2025\/04\/PHOTO-2025-04-08-08-20-54-1.jpg\" alt=\"\" width=\"600\" height=\"277\" srcset=\"https:\/\/www.blogdothame.blog.br\/v1\/wp-content\/uploads\/2025\/04\/PHOTO-2025-04-08-08-20-54-1.jpg 600w, https:\/\/www.blogdothame.blog.br\/v1\/wp-content\/uploads\/2025\/04\/PHOTO-2025-04-08-08-20-54-1-300x139.jpg 300w\" sizes=\"(max-width: 600px) 100vw, 600px\" \/>Desta quinta-feira (10) at\u00e9 o domingo (13) de abril, o governador Jer\u00f4nimo Rodrigues cumpre uma maratona de compromissos no interior da Bahia. Com agendas nos munic\u00edpios de Jequi\u00e9, D\u00e1rio Meira e Encruzilhada, Jer\u00f4nimo entrega equipamentos, visita obras, se re\u00fane com lideran\u00e7as e anuncia novos investimentos em sa\u00fade, educa\u00e7\u00e3o, mobilidade, infraestrutura e seguran\u00e7a p\u00fablica.<\/p>\n<p>Jequi\u00e9 se transforma no centro estrat\u00e9gico da agenda, funcionando como cidade-base do governador ao longo da extensa programa\u00e7\u00e3o. A escolha refor\u00e7a o compromisso com o M\u00e9dio Rio de Contas e aprofunda a articula\u00e7\u00e3o do governo com a realidade dos munic\u00edpios da regi\u00e3o.<\/p>\n<p>A programa\u00e7\u00e3o tem in\u00edcio nesta quinta-feira (10), \u00e0 tarde, com a inaugura\u00e7\u00e3o do novo laborat\u00f3rio do Hospital Prado Valadares e visita ao Centro de Abastecimento Vicente Grilo (CEAVIG)<\/p>\n<p>Na sexta-feira (11), o dia \u00e9 dedicado a entregas e novos an\u00fancios. Jer\u00f4nimo inaugura a pavimenta\u00e7\u00e3o da BA-130, no trecho entre o contorno de Jequi\u00e9 e a Avenida C\u00e9sar Borges, entrega ambul\u00e2ncia e equipamentos de sa\u00fade e autoriza obras como a urbaniza\u00e7\u00e3o do campus da UESB, requalifica\u00e7\u00e3o do CEAVIG, novas UBSs, recupera\u00e7\u00e3o do aer\u00f3dromo municipal. Tamb\u00e9m ser\u00e1 celebrado um conv\u00eanio com a Prefeitura de Jequi\u00e9 para a implanta\u00e7\u00e3o de uma usina fotovoltaica no Distrito de Irriga\u00e7\u00e3o da Fazenda Velha.<\/p>\n<p><!--more--><\/p>\n<p>No final da tarde, o governador encerra a agenda, onde visita o Centro Industrial de Jequi\u00e9 e participa de uma reuni\u00e3o sobre a Barragem da Pedra. No mesmo encontro, tamb\u00e9m haver\u00e1 uma reuni\u00e3o com empres\u00e1rios locais e o lan\u00e7amento da 44\u00aa Exposi\u00e7\u00e3o Agropecu\u00e1ria, Industrial e Comercial de Jequi\u00e9, al\u00e9m da 21\u00aa Exposi\u00e7\u00e3o Nacional, reafirmando o prest\u00edgio e o apoio do Estado ao segmento agropecu\u00e1rio e ao desenvolvimento econ\u00f4mico da regi\u00e3o.<\/p>\n<p>O s\u00e1bado (12) come\u00e7a em Jequi\u00e9, com a *inaugura\u00e7\u00e3o do Col\u00e9gio Estadual de Tempo Integral Lu\u00eds Navarro de Brito, e a entrega de 95 unidades habitacionais do programa Minha Casa Minha Vida Bahia*, al\u00e9m da assinatura de ordens de servi\u00e7o para investimentos estruturantes no munic\u00edpio.<\/p>\n<p>Na parte da tarde, a agenda segue em D\u00e1rio Meira, com a entrega da nova sede do Col\u00e9gio Estadual de Tempo Integral, autoriza\u00e7\u00e3o para a pavimenta\u00e7\u00e3o da BA-558, e an\u00fancios de licita\u00e7\u00e3o para 20 moradias populares, um centro comunit\u00e1rio e a obra de drenagem do Rio Gongoji, dentro do Novo PAC.<\/p>\n<p>A maratona de compromissos termina no domingo (13), em Encruzilhada, com a entrega do Pelot\u00e3o da pol\u00edcia Militar, reforma do Campo Alternativo Jaime Alves Costa, da cobertura da feira livre Avelina Martins de Almeida e de pavimenta\u00e7\u00f5es no Bairro Fortaleza. O governador tamb\u00e9m assina a autoriza\u00e7\u00e3o para restaura\u00e7\u00e3o da BA-632, no trecho entre o entroncamento da BR-116 e o distrito de Inhobim.<\/p>\n<p>A agenda expressa o compromisso do Governo da Bahia com uma atua\u00e7\u00e3o presente, que escuta, entrega e transforma, com foco direto na vida das pessoas.<\/p>\n<p>&nbsp;<\/p>\n","protected":false},"excerpt":{"rendered":"<p>Desta quinta-feira (10) at\u00e9 o domingo (13) de abril, o governador Jer\u00f4nimo Rodrigues cumpre uma maratona de compromissos no interior da Bahia. Com agendas nos munic\u00edpios de Jequi\u00e9, D\u00e1rio Meira e Encruzilhada, Jer\u00f4nimo entrega equipamentos, visita obras, se re\u00fane com lideran\u00e7as e anuncia novos investimentos em sa\u00fade, educa\u00e7\u00e3o, mobilidade, infraestrutura e seguran\u00e7a p\u00fablica. Jequi\u00e9 se [&hellip;]<\/p>\n","protected":false},"author":2,"featured_media":174343,"comment_status":"open","ping_status":"open","sticky":false,"template":"","format":"standard","meta":{"_links_to":"","_links_to_target":""},"categories":[33433],"tags":[621,133,12213],"_links":{"self":[{"href":"https:\/\/www.blogdothame.blog.br\/v1\/wp-json\/wp\/v2\/posts\/174429"}],"collection":[{"href":"https:\/\/www.blogdothame.blog.br\/v1\/wp-json\/wp\/v2\/posts"}],"about":[{"href":"https:\/\/www.blogdothame.blog.br\/v1\/wp-json\/wp\/v2\/types\/post"}],"author":[{"embeddable":true,"href":"https:\/\/www.blogdothame.blog.br\/v1\/wp-json\/wp\/v2\/users\/2"}],"replies":[{"embeddable":true,"href":"https:\/\/www.blogdothame.blog.br\/v1\/wp-json\/wp\/v2\/comments?post=174429"}],"version-history":[{"count":2,"href":"https:\/\/www.blogdothame.blog.br\/v1\/wp-json\/wp\/v2\/posts\/174429\/revisions"}],"predecessor-version":[{"id":174457,"href":"https:\/\/www.blogdothame.blog.br\/v1\/wp-json\/wp\/v2\/posts\/174429\/revisions\/174457"}],"wp:featuredmedia":[{"embeddable":true,"href":"https:\/\/www.blogdothame.blog.br\/v1\/wp-json\/wp\/v2\/media\/174343"}],"wp:attachment":[{"href":"https:\/\/www.blogdothame.blog.br\/v1\/wp-json\/wp\/v2\/media?parent=174429"}],"wp:term":[{"taxonomy":"category","embeddable":true,"href":"https:\/\/www.blogdothame.blog.br\/v1\/wp-json\/wp\/v2\/categories?post=174429"},{"taxonomy":"post_tag","embeddable":true,"href":"https:\/\/www.blogdothame.blog.br\/v1\/wp-json\/wp\/v2\/tags?post=174429"}],"curies":[{"name":"wp","href":"https:\/\/api.w.org\/{rel}","templated":true}]}}