{"id":174333,"date":"2025-04-08T11:22:49","date_gmt":"2025-04-08T14:22:49","guid":{"rendered":"https:\/\/www.blogdothame.blog.br\/v1\/?p=174333"},"modified":"2025-04-08T08:59:10","modified_gmt":"2025-04-08T11:59:10","slug":"abril-indigena-tem-programacao-especial-na-tve-bahia","status":"publish","type":"post","link":"https:\/\/www.blogdothame.blog.br\/v1\/2025\/04\/08\/abril-indigena-tem-programacao-especial-na-tve-bahia\/","title":{"rendered":"Abril Ind\u00edgena tem programa\u00e7\u00e3o especial na TVE Bahia"},"content":{"rendered":"<p><img loading=\"lazy\" class=\"aligncenter wp-image-174334\" src=\"https:\/\/www.blogdothame.blog.br\/v1\/wp-content\/uploads\/2025\/04\/abril-ind.jpg\" alt=\"\" width=\"433\" height=\"326\" srcset=\"https:\/\/www.blogdothame.blog.br\/v1\/wp-content\/uploads\/2025\/04\/abril-ind.jpg 600w, https:\/\/www.blogdothame.blog.br\/v1\/wp-content\/uploads\/2025\/04\/abril-ind-300x226.jpg 300w\" sizes=\"(max-width: 433px) 100vw, 433px\" \/>A TVE refor\u00e7a seu compromisso com a valoriza\u00e7\u00e3o dos povos ind\u00edgenas e, durante o m\u00eas de abril, traz uma programa\u00e7\u00e3o especial com conte\u00fados que retratam a cultura, a hist\u00f3ria e os desafios enfrentados pelos povos ind\u00edgenas do Brasil. A emissora p\u00fablica, que j\u00e1 mant\u00e9m ao longo de todo o ano um espa\u00e7o dedicado a essa tem\u00e1tica, amplia nesse per\u00edodo a exibi\u00e7\u00e3o de filmes, document\u00e1rios, entrevistas e reportagens, dando visibilidade \u00e0s suas lutas e contribui\u00e7\u00f5es para a sociedade.<\/p>\n<p>O programa Giro Nordeste vai trazer convidados para debater quest\u00f5es fundamentais como identidade, luta por inclus\u00e3o, retirada de direitos, ancestralidade, territ\u00f3rios ind\u00edgenas, entre outros temas. Na ter\u00e7a-feira (08), quem abre a rodada de entrevistas \u00e9 Rutian Patax\u00f3, lideran\u00e7a e conselheira ind\u00edgena. Economista, ela \u00e9 tamb\u00e9m coordenadora geral do N\u00facleo de Estudantes Ind\u00edgenas da Universidade Federal da Bahia, e especialista em Direitos Humanos e Direitos e Pol\u00edticas para Povos Ind\u00edgenas. O programa vai ao ar \u00e0s ter\u00e7as-feiras, sempre \u00e0s 19h.<\/p>\n<p>Neste mesmo dia, \u00e0s 20h, o document\u00e1rio &#8216;Equidade no SUS: sa\u00fade mental e ind\u00edgena&#8217; mostra a experi\u00eancia do munic\u00edpio de Balne\u00e1rio Barra do Sul, em Santa Catarina, com a atua\u00e7\u00e3o da sa\u00fade e suas diversas interse\u00e7\u00f5es, como alimenta\u00e7\u00e3o e sa\u00fade mental no territ\u00f3rio ind\u00edgena Tarum\u00e3.<\/p>\n<p>No s\u00e1bado (12), tamb\u00e9m \u00e0s 20h, o telefilme documental \u2018Yby Yara: Terra do Conhecimento\u2019 revela os detalhes sobre a educa\u00e7\u00e3o escolar ind\u00edgena, tendo como ponto de partida a rotina de educadores selecionados para atuar no territ\u00f3rio \u00e9tino-educacional Yby Yara, na Bahia, criado para atender a 16 etnias.<\/p>\n<p><!--more--><br \/>\nO document\u00e1rio \u2018Mboraihu \u2013 O Esp\u00edrito que nos Une\u2019, destaca a import\u00e2ncia do conhecimento tradicional na preserva\u00e7\u00e3o cultural e na luta pelos territ\u00f3rios sagrados. A partir de uma abordagem etnogr\u00e1fica e sens\u00edvel, o document\u00e1rio retrata a realidade dos Guarani e Kaiow\u00e1 no Cone Sul de Mato Grosso do Sul, e explora temas como sa\u00fade, bem-viver, o uso de plantas medicinais e pr\u00e1ticas de cura tradicionais realizadas por rezadores. A exibi\u00e7\u00e3o acontece na ter\u00e7a-feira (15), \u00e0s 20h.<\/p>\n<p>O filme \u2018As Ind\u00edgenas da Terra\u2019, que vai ao ar no s\u00e1bado (19), \u00e0s 20h, retrata a atua\u00e7\u00e3o de lideran\u00e7as femininas Tupinamb\u00e1 e de outros povos do Sul da Bahia. A narrativa acompanha a atua\u00e7\u00e3o dessas mulheres frente \u00e0s suas comunidades durante eventos importantes do movimento ind\u00edgena, mergulhando na hist\u00f3ria, na simbologia local e no entendimento do papel das mulheres no movimento pelos direitos dos povos ind\u00edgenas no Brasil, que n\u00e3o existem sem seus territ\u00f3rios.<\/p>\n<p>Na ter\u00e7a-feira (22), no mesmo hor\u00e1rio, o document\u00e1rio \u2018A Realidade\u2019, retrata o trabalho de profissionais de sa\u00fade que oferecem assist\u00eancia b\u00e1sica para cerca de 800 mil ind\u00edgenas no Brasil. Enfrentando desafios di\u00e1rios, m\u00e9dicos, enfermeiros e t\u00e9cnicos se dedicam \u00e0 preserva\u00e7\u00e3o da vida, revisitando hist\u00f3rias antes pouco conhecidas.<\/p>\n<p>A programa\u00e7\u00e3o inclui ainda filmes do Cine Kurumin, um dos mais importantes festivais dedicados \u00e0 exibi\u00e7\u00e3o de produ\u00e7\u00f5es audiovisuais ind\u00edgenas no Brasil. Realizado desde 2011, o evento j\u00e1 teve edi\u00e7\u00f5es em Salvador e em territ\u00f3rios ind\u00edgenas como Tupinamb\u00e1 de Oliven\u00e7a, Patax\u00f3, Tumbalal\u00e1, Tupinamb\u00e1 da Serra do Padeiro e Kiriri, na Bahia. Na \u00faltima edi\u00e7\u00e3o, a mostra aconteceu ainda nos territ\u00f3rios ind\u00edgenas dos povos Payay\u00e1 e Patax\u00f3.<\/p>\n<p>O Bem Bahia tamb\u00e9m preparou reportagens especiais em celebra\u00e7\u00e3o ao Abril Ind\u00edgena. O programa foi at\u00e9 Banza\u00ea, no interior da Bahia, para destacar a culin\u00e1ria tradicional e a riqueza do artesanato ind\u00edgena, com pe\u00e7as produzidas por artes\u00e3os de diversas aldeias e etnias. O programa vai ao ar nas quintas-feiras, \u00e0s 19h30, com hor\u00e1rio alternativo nas sextas, \u00e0s 19h e, aos domingos, \u00e0s 18h30. Tamb\u00e9m \u00e9 poss\u00edvel acompanhar pelo canal do Youtube da TVE no link\u00a0youtube.com\/tvebahia.<\/p>\n","protected":false},"excerpt":{"rendered":"<p>A TVE refor\u00e7a seu compromisso com a valoriza\u00e7\u00e3o dos povos ind\u00edgenas e, durante o m\u00eas de abril, traz uma programa\u00e7\u00e3o especial com conte\u00fados que retratam a cultura, a hist\u00f3ria e os desafios enfrentados pelos povos ind\u00edgenas do Brasil. A emissora p\u00fablica, que j\u00e1 mant\u00e9m ao longo de todo o ano um espa\u00e7o dedicado a essa [&hellip;]<\/p>\n","protected":false},"author":2,"featured_media":174334,"comment_status":"open","ping_status":"open","sticky":false,"template":"","format":"standard","meta":{"_links_to":"","_links_to_target":""},"categories":[33434],"tags":[9247,29713],"_links":{"self":[{"href":"https:\/\/www.blogdothame.blog.br\/v1\/wp-json\/wp\/v2\/posts\/174333"}],"collection":[{"href":"https:\/\/www.blogdothame.blog.br\/v1\/wp-json\/wp\/v2\/posts"}],"about":[{"href":"https:\/\/www.blogdothame.blog.br\/v1\/wp-json\/wp\/v2\/types\/post"}],"author":[{"embeddable":true,"href":"https:\/\/www.blogdothame.blog.br\/v1\/wp-json\/wp\/v2\/users\/2"}],"replies":[{"embeddable":true,"href":"https:\/\/www.blogdothame.blog.br\/v1\/wp-json\/wp\/v2\/comments?post=174333"}],"version-history":[{"count":1,"href":"https:\/\/www.blogdothame.blog.br\/v1\/wp-json\/wp\/v2\/posts\/174333\/revisions"}],"predecessor-version":[{"id":174335,"href":"https:\/\/www.blogdothame.blog.br\/v1\/wp-json\/wp\/v2\/posts\/174333\/revisions\/174335"}],"wp:featuredmedia":[{"embeddable":true,"href":"https:\/\/www.blogdothame.blog.br\/v1\/wp-json\/wp\/v2\/media\/174334"}],"wp:attachment":[{"href":"https:\/\/www.blogdothame.blog.br\/v1\/wp-json\/wp\/v2\/media?parent=174333"}],"wp:term":[{"taxonomy":"category","embeddable":true,"href":"https:\/\/www.blogdothame.blog.br\/v1\/wp-json\/wp\/v2\/categories?post=174333"},{"taxonomy":"post_tag","embeddable":true,"href":"https:\/\/www.blogdothame.blog.br\/v1\/wp-json\/wp\/v2\/tags?post=174333"}],"curies":[{"name":"wp","href":"https:\/\/api.w.org\/{rel}","templated":true}]}}