{"id":174066,"date":"2025-04-01T11:34:59","date_gmt":"2025-04-01T14:34:59","guid":{"rendered":"https:\/\/www.blogdothame.blog.br\/v1\/?p=174066"},"modified":"2025-03-31T15:38:07","modified_gmt":"2025-03-31T18:38:07","slug":"sebrae-realiza-oficina-sobre-economia-prateada-em-itabuna-e-ilheus","status":"publish","type":"post","link":"https:\/\/www.blogdothame.blog.br\/v1\/2025\/04\/01\/sebrae-realiza-oficina-sobre-economia-prateada-em-itabuna-e-ilheus\/","title":{"rendered":"Sebrae realiza oficina sobre Economia Prateada em Itabuna e Ilh\u00e9us"},"content":{"rendered":"<div id=\"attachment_174067\" style=\"width: 248px\" class=\"wp-caption alignright\"><img aria-describedby=\"caption-attachment-174067\" loading=\"lazy\" class=\" wp-image-174067\" src=\"https:\/\/www.blogdothame.blog.br\/v1\/wp-content\/uploads\/2025\/03\/PHOTO-2025-03-31-12-55-11.jpg\" alt=\"\" width=\"238\" height=\"285\" srcset=\"https:\/\/www.blogdothame.blog.br\/v1\/wp-content\/uploads\/2025\/03\/PHOTO-2025-03-31-12-55-11.jpg 368w, https:\/\/www.blogdothame.blog.br\/v1\/wp-content\/uploads\/2025\/03\/PHOTO-2025-03-31-12-55-11-250x300.jpg 250w\" sizes=\"(max-width: 238px) 100vw, 238px\" \/><p id=\"caption-attachment-174067\" class=\"wp-caption-text\">L\u00edvia Hollerbach<\/p><\/div>\n<p>O Sebrae regional em Itabuna e Ilh\u00e9us, por meio do Programa Revigora Sa\u00fade, promover\u00e1 a Oficina Economia Prateada nas referidas cidades. O evento gratuito acontecer\u00e1 nos dias 8 e 9 de abril, em Itabuna, e nos dias 10 e 11 de abril, em Ilh\u00e9us, oferecendo uma oportunidade \u00fanica para empres\u00e1rios e profissionais conhecerem um dos mercados que mais cresce no Brasil: o da gera\u00e7\u00e3o prateada (50+). As inscri\u00e7\u00f5es s\u00e3o gratuitas e podem ser feitas nos links abaixo.<\/p>\n<p>A oficina ser\u00e1 conduzida pela especialista em comportamento e consumo, L\u00edvia Hollerbach. Ela tamb\u00e9m \u00e9 consultora do BID Lab e head de Comportamento e Dados no Data8. Durante o evento, os participantes ter\u00e3o acesso a dados, tend\u00eancias e estrat\u00e9gias para atender \u00e0s demandas desse p\u00fablico, al\u00e9m de momentos pr\u00e1ticos para aplicar o conhecimento adquirido.<\/p>\n<p>De acordo com a gestora de projetos do Sebrae regional, Karla Peixoto, a oficina \u00e9 uma oportunidade essencial para empreendedores que querem inovar e expandir seus neg\u00f3cios. \u201cO p\u00fablico 50+ tem um grande potencial de consumo, mas ainda \u00e9 pouco explorado pelo mercado. Nossa proposta \u00e9 capacitar os empres\u00e1rios para entenderem melhor esse perfil e criarem solu\u00e7\u00f5es que realmente atendam \u00e0s suas necessidades\u201d, destaca Karla.<\/p>\n<p><!--more--><\/p>\n<p>A oficina \u00e9 uma excelente oportunidade para quem deseja se atualizar e aproveitar o crescimento da Economia Prateada, um setor cada vez mais relevante no cen\u00e1rio econ\u00f4mico.<\/p>\n<p>Servi\u00e7o:<\/p>\n<p>O que \u2013 Oficina sobre Economia Prateada<\/p>\n<p>Itabuna<\/p>\n<p>Quando: 8 e 9 de abril<\/p>\n<p>Onde: Audit\u00f3rio do Sebrae \u2013 Av. Comendador Firmino Alves, S\/N, Centro<\/p>\n<p>Inscri\u00e7\u00e3o Itabuna pelo portal do Sebrae\u00a0<a href=\"https:\/\/bit.ly\/ECITB25\" target=\"_blank\" rel=\"noopener noreferrer\" data-saferedirecturl=\"https:\/\/www.google.com\/url?q=https:\/\/bit.ly\/ECITB25&amp;source=gmail&amp;ust=1743531337993000&amp;usg=AOvVaw0aL-5CVaCbZbVAC1yPX2gI\">https:\/\/bit.ly\/ECITB25<\/a><\/p>\n<p>Ilh\u00e9us<\/p>\n<p>Quando: 10 e 11 de abril<\/p>\n<p>Onde: Audit\u00f3rio Sebrae \u2013 Ed. Premier<\/p>\n<p>Inscri\u00e7\u00e3o Ilh\u00e9us pelo portal do Sebrae\u00a0<a href=\"https:\/\/bit.ly\/EPIOS25\" target=\"_blank\" rel=\"noopener noreferrer\" data-saferedirecturl=\"https:\/\/www.google.com\/url?q=https:\/\/bit.ly\/EPIOS25&amp;source=gmail&amp;ust=1743531337993000&amp;usg=AOvVaw2tQVGKVBRZSDgL4ksGpHw5\">https:\/\/bit.ly\/EPIOS25<\/a><\/p>\n","protected":false},"excerpt":{"rendered":"<p>O Sebrae regional em Itabuna e Ilh\u00e9us, por meio do Programa Revigora Sa\u00fade, promover\u00e1 a Oficina Economia Prateada nas referidas cidades. O evento gratuito acontecer\u00e1 nos dias 8 e 9 de abril, em Itabuna, e nos dias 10 e 11 de abril, em Ilh\u00e9us, oferecendo uma oportunidade \u00fanica para empres\u00e1rios e profissionais conhecerem um dos [&hellip;]<\/p>\n","protected":false},"author":2,"featured_media":174067,"comment_status":"open","ping_status":"open","sticky":false,"template":"","format":"standard","meta":{"_links_to":"","_links_to_target":""},"categories":[1],"tags":[218,39,39556,1549],"_links":{"self":[{"href":"https:\/\/www.blogdothame.blog.br\/v1\/wp-json\/wp\/v2\/posts\/174066"}],"collection":[{"href":"https:\/\/www.blogdothame.blog.br\/v1\/wp-json\/wp\/v2\/posts"}],"about":[{"href":"https:\/\/www.blogdothame.blog.br\/v1\/wp-json\/wp\/v2\/types\/post"}],"author":[{"embeddable":true,"href":"https:\/\/www.blogdothame.blog.br\/v1\/wp-json\/wp\/v2\/users\/2"}],"replies":[{"embeddable":true,"href":"https:\/\/www.blogdothame.blog.br\/v1\/wp-json\/wp\/v2\/comments?post=174066"}],"version-history":[{"count":1,"href":"https:\/\/www.blogdothame.blog.br\/v1\/wp-json\/wp\/v2\/posts\/174066\/revisions"}],"predecessor-version":[{"id":174068,"href":"https:\/\/www.blogdothame.blog.br\/v1\/wp-json\/wp\/v2\/posts\/174066\/revisions\/174068"}],"wp:featuredmedia":[{"embeddable":true,"href":"https:\/\/www.blogdothame.blog.br\/v1\/wp-json\/wp\/v2\/media\/174067"}],"wp:attachment":[{"href":"https:\/\/www.blogdothame.blog.br\/v1\/wp-json\/wp\/v2\/media?parent=174066"}],"wp:term":[{"taxonomy":"category","embeddable":true,"href":"https:\/\/www.blogdothame.blog.br\/v1\/wp-json\/wp\/v2\/categories?post=174066"},{"taxonomy":"post_tag","embeddable":true,"href":"https:\/\/www.blogdothame.blog.br\/v1\/wp-json\/wp\/v2\/tags?post=174066"}],"curies":[{"name":"wp","href":"https:\/\/api.w.org\/{rel}","templated":true}]}}