{"id":174020,"date":"2025-04-01T07:41:14","date_gmt":"2025-04-01T10:41:14","guid":{"rendered":"https:\/\/www.blogdothame.blog.br\/v1\/?p=174020"},"modified":"2025-03-31T08:53:39","modified_gmt":"2025-03-31T11:53:39","slug":"assembleia-abre-campanha-salarial-2025-dos-jornalistas","status":"publish","type":"post","link":"https:\/\/www.blogdothame.blog.br\/v1\/2025\/04\/01\/assembleia-abre-campanha-salarial-2025-dos-jornalistas\/","title":{"rendered":"Assembleia abre Campanha Salarial 2025 dos jornalistas"},"content":{"rendered":"<p><img loading=\"lazy\" class=\"aligncenter  wp-image-174021\" src=\"https:\/\/www.blogdothame.blog.br\/v1\/wp-content\/uploads\/2025\/03\/sinjorba.jpg\" alt=\"\" width=\"443\" height=\"321\" srcset=\"https:\/\/www.blogdothame.blog.br\/v1\/wp-content\/uploads\/2025\/03\/sinjorba.jpg 539w, https:\/\/www.blogdothame.blog.br\/v1\/wp-content\/uploads\/2025\/03\/sinjorba-300x218.jpg 300w\" sizes=\"(max-width: 443px) 100vw, 443px\" \/>O Sindicato dos Jornalistas da Bahia-Sinjorba realiza nesta\u00a0 pr\u00f3xima quarta (02),\u00a0 \u00e0s 9 horas, a assembleia de abertura da Campanha Salarial 2025 dos jornalistas baianos. O encontro ser\u00e1 na sala da entidade no aplicativo Zoom. A entidade apresentar\u00e1 proposta de pauta de negocia\u00e7\u00e3o que ser\u00e1 apresentada \u00e0s empresas de comunica\u00e7\u00e3o e demais contratantes dos servi\u00e7os de nossa categoria em toda a Bahia.<\/p>\n<p>Pelo segundo ano consecutivo vamos realizar a nossa mobiliza\u00e7\u00e3o em conjunto com outros sindicatos do pa\u00eds que tamb\u00e9m t\u00eam data-base em 1\u00ba de Maio ou outras cujo per\u00edodo negocial esteja pr\u00f3ximo. A Fenaj est\u00e1 coordenando a unifica\u00e7\u00e3o dessas lutas, com a segunda edi\u00e7\u00e3o da Campanha Salarial Nacional, com uma pauta \u00fanica nacional abra\u00e7ada por todos os 31 sindicatos filiados. O Slogan unificado \u00e9 QUEM INFORMA O BRASIL SOMOS N\u00d3S \u2013 Nossa luta \u00e9 por direitos e valoriza\u00e7\u00e3o!<\/p>\n<p>Pela primeira vez teremos uma pauta espec\u00edfica a ser enviada aos \u00f3rg\u00e3os p\u00fablicos. \u201cO Sinjorba verificou que tem sido comum em prefeituras, c\u00e2maras e no governo do Estado o descumprimento de nossa jornada de trabalho especial e contrata\u00e7\u00f5es feitas em regime de terceiriza\u00e7\u00e3o\u201d, diz Moacy Neves, presidente do Sinjroba. Ele diz que a entidade solicitar\u00e1 agendas com as autoridades para negociar a normaliza\u00e7\u00e3o da jornada em 5 horas di\u00e1rias e a mudan\u00e7a do regime de contrata\u00e7\u00e3o, priorizando a realiza\u00e7\u00e3o de concurso p\u00fablico.<\/p>\n<p>Jornais impressos<\/p>\n<p><!--more--><\/p>\n<p>Ser\u00e3o realizadas tr\u00eas assembleias espec\u00edficas dos jornalistas que trabalham em A TARDE\/MASSA, CORREIO e TRIBUNA DA BAHIA. Os encontros ocorrer\u00e3o ainda na quarta (02) e na quinta (03), conforme hor\u00e1rios j\u00e1 combinados com os colegas ap\u00f3s consultas nos respectivos grupos de mobiliza\u00e7\u00e3o que o Sinjorba mant\u00eam no aplicativo de mensagem WhatsApp (Veja edital abaixo).<\/p>\n<p>R\u00e1dio, TV e sites<\/p>\n<p>No que diz respeito \u00e0 negocia\u00e7\u00e3o dos colegas que trabalham em r\u00e1dio e TV, o Sinjorba convocar\u00e1 assembleia espec\u00edfica com estes colegas na segunda quinzena de abril. O assunto da representa\u00e7\u00e3o vem sendo discutido atrav\u00e9s do Minist\u00e9rio P\u00fablico do Trabalho.<\/p>\n<p>Em dezembro o Sindicato levou ao MPT da Bahia a den\u00fancia de que o sindicato patronal de r\u00e1dio e TV n\u00e3o respondeu aos pedidos de negocia\u00e7\u00e3o feitos pelo Sindicato em 2024, sequer respondendo \u00e0s comunica\u00e7\u00f5es enviadas. O \u00f3rg\u00e3o ficou de analisar a quest\u00e3o da representatividade.<\/p>\n<p>\u201cN\u00e3o h\u00e1 d\u00favida, \u00e0 luz da lei, que os colegas de r\u00e1dio e TV devem ser representados pelo Sinjorba\u201d, diz Moacy. Segundo ele, a justi\u00e7a do trabalho j\u00e1 pacificou o entendimento de que jornalista \u00e9 categoria especial e deve ser representado pelo sindicato de jornalistas no \u00e2mbito de sua atua\u00e7\u00e3o local. O presidente do Sinjorba diz que apenas na Bahia e no Amazonas as entidades patronais de r\u00e1dio e TV n\u00e3o reconhecem os sindicatos de jornalistas como representa\u00e7\u00e3o legal. \u201cEssa situa\u00e7\u00e3o esdr\u00faxula vai acabar em 2025\u201d, afirma o sindicalista.<\/p>\n<p>Quanto aos colegas que trabalham nos ve\u00edculos eletr\u00f4nicos e que sofrem com pejotiza\u00e7\u00e3o, sal\u00e1rios baixos e at\u00e9 desvio de fun\u00e7\u00e3o, a entidade convocar\u00e1 assembleia espec\u00edfica para formula\u00e7\u00e3o de pauta a ser enviada aos ve\u00edculos individualmente, uma vez que os sites de not\u00edcia n\u00e3o t\u00eam uma representa\u00e7\u00e3o legal coletiva.<\/p>\n<p><img loading=\"lazy\" class=\"aligncenter size-full wp-image-174022\" src=\"https:\/\/www.blogdothame.blog.br\/v1\/wp-content\/uploads\/2025\/03\/snj.jpeg\" alt=\"\" width=\"462\" height=\"248\" srcset=\"https:\/\/www.blogdothame.blog.br\/v1\/wp-content\/uploads\/2025\/03\/snj.jpeg 462w, https:\/\/www.blogdothame.blog.br\/v1\/wp-content\/uploads\/2025\/03\/snj-300x161.jpeg 300w\" sizes=\"(max-width: 462px) 100vw, 462px\" \/><\/p>\n","protected":false},"excerpt":{"rendered":"<p>O Sindicato dos Jornalistas da Bahia-Sinjorba realiza nesta\u00a0 pr\u00f3xima quarta (02),\u00a0 \u00e0s 9 horas, a assembleia de abertura da Campanha Salarial 2025 dos jornalistas baianos. O encontro ser\u00e1 na sala da entidade no aplicativo Zoom. A entidade apresentar\u00e1 proposta de pauta de negocia\u00e7\u00e3o que ser\u00e1 apresentada \u00e0s empresas de comunica\u00e7\u00e3o e demais contratantes dos servi\u00e7os [&hellip;]<\/p>\n","protected":false},"author":2,"featured_media":174021,"comment_status":"open","ping_status":"open","sticky":false,"template":"","format":"standard","meta":{"_links_to":"","_links_to_target":""},"categories":[33436],"tags":[5994,4489,11923],"_links":{"self":[{"href":"https:\/\/www.blogdothame.blog.br\/v1\/wp-json\/wp\/v2\/posts\/174020"}],"collection":[{"href":"https:\/\/www.blogdothame.blog.br\/v1\/wp-json\/wp\/v2\/posts"}],"about":[{"href":"https:\/\/www.blogdothame.blog.br\/v1\/wp-json\/wp\/v2\/types\/post"}],"author":[{"embeddable":true,"href":"https:\/\/www.blogdothame.blog.br\/v1\/wp-json\/wp\/v2\/users\/2"}],"replies":[{"embeddable":true,"href":"https:\/\/www.blogdothame.blog.br\/v1\/wp-json\/wp\/v2\/comments?post=174020"}],"version-history":[{"count":1,"href":"https:\/\/www.blogdothame.blog.br\/v1\/wp-json\/wp\/v2\/posts\/174020\/revisions"}],"predecessor-version":[{"id":174023,"href":"https:\/\/www.blogdothame.blog.br\/v1\/wp-json\/wp\/v2\/posts\/174020\/revisions\/174023"}],"wp:featuredmedia":[{"embeddable":true,"href":"https:\/\/www.blogdothame.blog.br\/v1\/wp-json\/wp\/v2\/media\/174021"}],"wp:attachment":[{"href":"https:\/\/www.blogdothame.blog.br\/v1\/wp-json\/wp\/v2\/media?parent=174020"}],"wp:term":[{"taxonomy":"category","embeddable":true,"href":"https:\/\/www.blogdothame.blog.br\/v1\/wp-json\/wp\/v2\/categories?post=174020"},{"taxonomy":"post_tag","embeddable":true,"href":"https:\/\/www.blogdothame.blog.br\/v1\/wp-json\/wp\/v2\/tags?post=174020"}],"curies":[{"name":"wp","href":"https:\/\/api.w.org\/{rel}","templated":true}]}}