{"id":173981,"date":"2025-03-29T09:30:41","date_gmt":"2025-03-29T12:30:41","guid":{"rendered":"https:\/\/www.blogdothame.blog.br\/v1\/?p=173981"},"modified":"2025-03-28T08:24:26","modified_gmt":"2025-03-28T11:24:26","slug":"encontro-entre-despedidas-turismo-e-literatura","status":"publish","type":"post","link":"https:\/\/www.blogdothame.blog.br\/v1\/2025\/03\/29\/encontro-entre-despedidas-turismo-e-literatura\/","title":{"rendered":"Encontro entre despedidas:  Turismo e Literatura"},"content":{"rendered":"<p><img loading=\"lazy\" class=\"aligncenter  wp-image-173983\" src=\"https:\/\/www.blogdothame.blog.br\/v1\/wp-content\/uploads\/2025\/03\/PHOTO-2025-03-27-19-11-42.jpg\" alt=\"\" width=\"325\" height=\"472\" srcset=\"https:\/\/www.blogdothame.blog.br\/v1\/wp-content\/uploads\/2025\/03\/PHOTO-2025-03-27-19-11-42.jpg 379w, https:\/\/www.blogdothame.blog.br\/v1\/wp-content\/uploads\/2025\/03\/PHOTO-2025-03-27-19-11-42-207x300.jpg 207w\" sizes=\"(max-width: 325px) 100vw, 325px\" \/><\/p>\n<p style=\"text-align: right;\"><strong>Anna L\u00edvia Rosa Ribeiro<\/strong><\/p>\n<p>&nbsp;<\/p>\n<p>&nbsp;<\/p>\n<p><img loading=\"lazy\" class=\"alignleft size-medium wp-image-173982\" src=\"https:\/\/www.blogdothame.blog.br\/v1\/wp-content\/uploads\/2025\/03\/PHOTO-2025-03-27-19-11-55-250x300.jpg\" alt=\"\" width=\"250\" height=\"300\" srcset=\"https:\/\/www.blogdothame.blog.br\/v1\/wp-content\/uploads\/2025\/03\/PHOTO-2025-03-27-19-11-55-250x300.jpg 250w, https:\/\/www.blogdothame.blog.br\/v1\/wp-content\/uploads\/2025\/03\/PHOTO-2025-03-27-19-11-55.jpg 356w\" sizes=\"(max-width: 250px) 100vw, 250px\" \/>Algumas situa\u00e7\u00f5es na vida nos impulsionam ou paralisam e cada indiv\u00edduo vai responder de uma maneira diferente e bem peculiar.<\/p>\n<p>Algumas pessoas lidam melhor com a despedida do que outras. Eu estou na lista daquelas que est\u00e1 aprendendo a lidar com tudo isso.<\/p>\n<p>2017, 2019 e 2024, tr\u00eas pessoas importantes na minha vida fizeram a passagem: meu marido, meu pai e o meu irm\u00e3o mais velho, na ordem cronol\u00f3gica. Todos de forma r\u00e1pida. Tipo voc\u00ea fechou o olho, quando abriu n\u00e3o estavam mais aqui.<\/p>\n<p>As despedidas s\u00e3o sempre dolorosas, ainda que necess\u00e1rias para o seguimento da vida. Alguns ciclos nascem e terminam para que possamos come\u00e7ar tudo outra vez.<\/p>\n<p>A despedida do que j\u00e1 cumpriu seu papel faz parte da transforma\u00e7\u00e3o essencial nas nossas vidas. Quando aceitamos o que n\u00e3o podemos mudar, criamos in\u00fameras possibilidades de enxergarmos situa\u00e7\u00f5es dif\u00edceis sob outras perspectivas.<\/p>\n<p>Muitas altera\u00e7\u00f5es das fun\u00e7\u00f5es ps\u00edquicas s\u00e3o desencadeadas quando insistimos em mudar algo sobre o qual n\u00e3o temos poder, n\u00e3o temos controle. Ent\u00e3o, para n\u00e3o adoecer, eu mudei a maneira de olhar para esses tr\u00eas epis\u00f3dios especificamente. Afinal, sou eu que decido a forma de lidar com as situa\u00e7\u00f5es.<\/p>\n<p>Eu precisava ser proativa, manter minha mente ocupada com coisas que me faziam bem.<\/p>\n<p>E assim, em 2019, ressignificando minhas dores surge a empreendedora Anna L\u00edvia com a ViaDestino. \u00c9 quando eu encerro meu ciclo de 28 anos como servidora p\u00fablica no munic\u00edpio de Ilh\u00e9us.<\/p>\n<p>A vida \u00e9 assim, cheia de ciclos, in\u00edcios e fins. Chegadas e partidas. Tudo um dia finda, mesmo sem querer findar. O tempo vai correndo, escapando-nos da m\u00e3o. O mundo, sendo mut\u00e1vel, vai tomando outras formas, seguindo outro rumo, mudando de prumo \u2013 as pessoas, consequentemente, tamb\u00e9m.<\/p>\n<p><!--more--><\/p>\n<p>E eis que 2024 chega com mais mudan\u00e7a de prumo em minha vida com a passagem de meu irm\u00e3o, Andr\u00e9 Rosa.<\/p>\n<p>Voc\u00eas j\u00e1 ouviram falar que ler um livro \u00e9 como viajar sem sair do lugar e que viajar \u00e9 transformar hist\u00f3rias em experi\u00eancias?<\/p>\n<p>Pois bem, quando o turismo e a literatura se encontram, os destinos ganham alma, e as p\u00e1ginas se tornam mapas que nos guiam por culturas, mem\u00f3rias e emo\u00e7\u00f5es.<\/p>\n<p>Ilh\u00e9us \u00e9 uma cidade de cen\u00e1rios vibrantes e narrativas inesquec\u00edveis. Marcada por sua riqueza cultural e hist\u00f3rica, ganha um novo olhar atrav\u00e9s da literatura infantojuvenil.<\/p>\n<p>Agora, ressignificando mais uma dor, nasce uma hist\u00f3ria para encantar viajantes e leitores: \u201cMenino dos Ilh\u00e9us\u201d, escrita por mim, \u00e9 uma obra que nos convida a enxergar essa terra m\u00e1gica pelos olhos de um garoto em suas descobertas.<\/p>\n<p>Cada p\u00e1gina pulsa com o sentimento de pertencimento, os costumes e a cultura local, revelando uma Ilh\u00e9us repleta de hist\u00f3rias, afetos e identidade.<\/p>\n<p>Assim como um viajante que pisa pela primeira vez na cidade, o leitor \u00e9 conduzido por cen\u00e1rios e personagens que d\u00e3o vida \u00e0 ess\u00eancia do menino leitor, historiador, pesquisador, escritor, poeta e que gostava de desenhar.<\/p>\n<p>Compreender as chegadas e partidas na minha vida me ensinaram tamb\u00e9m sobre a import\u00e2ncia de encontrar um prop\u00f3sito. S\u00e3o as mudan\u00e7as, os recome\u00e7os, o adeus e o bem-vindo de volta, as idas e vindas que escrevem a nossa hist\u00f3ria.<\/p>\n<p>N\u00e3o me colocar no lugar de v\u00edtima da VIA que o DESTINO me apresentou foi fundamental para aprender com essas experi\u00eancias.<\/p>\n<p>Tudo nessa vida \u00e9 din\u00e2mico, tudo muda em quest\u00e3o de mil\u00e9simo de segundo. O universo n\u00e3o para de mudar, crescer e se expandir.<\/p>\n<p>Portanto, n\u00e3o fique se lamentando.<\/p>\n<p>Eu n\u00e3o fico!<\/p>\n<p>Com isso n\u00e3o estou dizendo que \u00e9 f\u00e1cil, apenas que \u00e9 poss\u00edvel!<\/p>\n<p>E se voc\u00ea ama literatura e sente que cada viagem \u00e9 uma hist\u00f3ria esperando para ser contada, venha fazer parte deste momento especial.<\/p>\n<p>\u201cMenino dos Ilh\u00e9us\u201d n\u00e3o \u00e9 apenas um lan\u00e7amento, a apresenta\u00e7\u00e3o de um livro, mas um convite para viajar atrav\u00e9s das palavras e se apaixonar, p\u00e1gina por p\u00e1gina, pelo amor que esse menino e a autora sentem por Ilh\u00e9us.<\/p>\n<p>Aguardo voc\u00eas para viverem essa felicidade comigo no dia 7 de abril de 2025, \u00e0s 18h30, na Academia de Letras de Ilh\u00e9us.<\/p>\n<p>&nbsp;<\/p>\n<p>&#8212;-<\/p>\n<p>Anna L\u00edvia Rosa Ribeiro \u00e9 M\u00e3e, Av\u00f3, Ilheense, Pedagoga, Professora, Especialista em Educa\u00e7\u00e3o Infantil, Mestre em Desenvolvimento Regional e Meio Ambiente, Graduada em Gest\u00e3o em Turismo, S\u00f3cia-diretora na empresa ViaDestino Viagens. Ama viajar, ir ao cinema, ir \u00e0 praia, ler. Desde pequena via seu irm\u00e3o \u00e0s voltas com livros e leituras, o que a motivou a presentear seus filhos com livros.<\/p>\n<p>\u201cEscrever um livro em homenagem a meu irm\u00e3o \u00e9 desafiar o esquecimento, transformando saudade em eternidade e mem\u00f3ria em legado. \u00c9 erguer um monumento de palavras onde a mem\u00f3ria jamais se apaga e a aus\u00eancia f\u00edsica d\u00e1 lugar ao amor que transcende.\u201d<\/p>\n","protected":false},"excerpt":{"rendered":"<p>Anna L\u00edvia Rosa Ribeiro &nbsp; &nbsp; Algumas situa\u00e7\u00f5es na vida nos impulsionam ou paralisam e cada indiv\u00edduo vai responder de uma maneira diferente e bem peculiar. Algumas pessoas lidam melhor com a despedida do que outras. Eu estou na lista daquelas que est\u00e1 aprendendo a lidar com tudo isso. 2017, 2019 e 2024, tr\u00eas pessoas [&hellip;]<\/p>\n","protected":false},"author":2,"featured_media":173983,"comment_status":"open","ping_status":"open","sticky":false,"template":"","format":"standard","meta":{"_links_to":"","_links_to_target":""},"categories":[1],"tags":[39543,39542,218],"_links":{"self":[{"href":"https:\/\/www.blogdothame.blog.br\/v1\/wp-json\/wp\/v2\/posts\/173981"}],"collection":[{"href":"https:\/\/www.blogdothame.blog.br\/v1\/wp-json\/wp\/v2\/posts"}],"about":[{"href":"https:\/\/www.blogdothame.blog.br\/v1\/wp-json\/wp\/v2\/types\/post"}],"author":[{"embeddable":true,"href":"https:\/\/www.blogdothame.blog.br\/v1\/wp-json\/wp\/v2\/users\/2"}],"replies":[{"embeddable":true,"href":"https:\/\/www.blogdothame.blog.br\/v1\/wp-json\/wp\/v2\/comments?post=173981"}],"version-history":[{"count":1,"href":"https:\/\/www.blogdothame.blog.br\/v1\/wp-json\/wp\/v2\/posts\/173981\/revisions"}],"predecessor-version":[{"id":173984,"href":"https:\/\/www.blogdothame.blog.br\/v1\/wp-json\/wp\/v2\/posts\/173981\/revisions\/173984"}],"wp:featuredmedia":[{"embeddable":true,"href":"https:\/\/www.blogdothame.blog.br\/v1\/wp-json\/wp\/v2\/media\/173983"}],"wp:attachment":[{"href":"https:\/\/www.blogdothame.blog.br\/v1\/wp-json\/wp\/v2\/media?parent=173981"}],"wp:term":[{"taxonomy":"category","embeddable":true,"href":"https:\/\/www.blogdothame.blog.br\/v1\/wp-json\/wp\/v2\/categories?post=173981"},{"taxonomy":"post_tag","embeddable":true,"href":"https:\/\/www.blogdothame.blog.br\/v1\/wp-json\/wp\/v2\/tags?post=173981"}],"curies":[{"name":"wp","href":"https:\/\/api.w.org\/{rel}","templated":true}]}}