{"id":173865,"date":"2025-03-26T09:13:24","date_gmt":"2025-03-26T12:13:24","guid":{"rendered":"https:\/\/www.blogdothame.blog.br\/v1\/?p=173865"},"modified":"2025-03-26T09:57:09","modified_gmt":"2025-03-26T12:57:09","slug":"bazar-beneficente-arrecada-recursos-para-o-gacc-sul-da-bahia","status":"publish","type":"post","link":"https:\/\/www.blogdothame.blog.br\/v1\/2025\/03\/26\/bazar-beneficente-arrecada-recursos-para-o-gacc-sul-da-bahia\/","title":{"rendered":"Bazar beneficente arrecada recursos para o GACC Sul da Bahia"},"content":{"rendered":"<p><img loading=\"lazy\" class=\"aligncenter wp-image-173866\" src=\"https:\/\/www.blogdothame.blog.br\/v1\/wp-content\/uploads\/2025\/03\/gacca-3.jpg\" alt=\"\" width=\"296\" height=\"394\" srcset=\"https:\/\/www.blogdothame.blog.br\/v1\/wp-content\/uploads\/2025\/03\/gacca-3.jpg 413w, https:\/\/www.blogdothame.blog.br\/v1\/wp-content\/uploads\/2025\/03\/gacca-3-225x300.jpg 225w\" sizes=\"(max-width: 296px) 100vw, 296px\" \/><\/p>\n<p>O Grupo de Apoio \u00e0 Crian\u00e7a com C\u00e2ncer- GACC Sul da Bahia, que atende menores em tratamento e seus familiares em Itabuna, promove semanalmente um Bazar para arrecadar recursos para que a institui\u00e7\u00e3o possa manter o acolhimento.<\/p>\n\n\t\t<style type=\"text\/css\">\n\t\t\t#gallery-1 {\n\t\t\t\tmargin: auto;\n\t\t\t}\n\t\t\t#gallery-1 .gallery-item {\n\t\t\t\tfloat: left;\n\t\t\t\tmargin-top: 10px;\n\t\t\t\ttext-align: center;\n\t\t\t\twidth: 33%;\n\t\t\t}\n\t\t\t#gallery-1 img {\n\t\t\t\tborder: 2px solid #cfcfcf;\n\t\t\t}\n\t\t\t#gallery-1 .gallery-caption {\n\t\t\t\tmargin-left: 0;\n\t\t\t}\n\t\t\t\/* see gallery_shortcode() in wp-includes\/media.php *\/\n\t\t<\/style>\n\t\t<div id='gallery-1' class='gallery galleryid-173865 gallery-columns-3 gallery-size-thumbnail'><dl class='gallery-item'>\n\t\t\t<dt class='gallery-icon portrait'>\n\t\t\t\t<a href='https:\/\/www.blogdothame.blog.br\/v1\/2025\/03\/26\/bazar-beneficente-arrecada-recursos-para-o-gacc-sul-da-bahia\/gacca-5-2\/'><img width=\"150\" height=\"150\" src=\"https:\/\/www.blogdothame.blog.br\/v1\/wp-content\/uploads\/2025\/03\/gacca-5-1-150x150.jpg\" class=\"attachment-thumbnail size-thumbnail\" alt=\"\" loading=\"lazy\" \/><\/a>\n\t\t\t<\/dt><\/dl><dl class='gallery-item'>\n\t\t\t<dt class='gallery-icon portrait'>\n\t\t\t\t<a href='https:\/\/www.blogdothame.blog.br\/v1\/2025\/03\/26\/bazar-beneficente-arrecada-recursos-para-o-gacc-sul-da-bahia\/gacca-8-2\/'><img width=\"150\" height=\"150\" src=\"https:\/\/www.blogdothame.blog.br\/v1\/wp-content\/uploads\/2025\/03\/gacca-8-1-150x150.jpg\" class=\"attachment-thumbnail size-thumbnail\" alt=\"\" loading=\"lazy\" \/><\/a>\n\t\t\t<\/dt><\/dl><dl class='gallery-item'>\n\t\t\t<dt class='gallery-icon portrait'>\n\t\t\t\t<a href='https:\/\/www.blogdothame.blog.br\/v1\/2025\/03\/26\/bazar-beneficente-arrecada-recursos-para-o-gacc-sul-da-bahia\/gacca-7\/'><img width=\"150\" height=\"150\" src=\"https:\/\/www.blogdothame.blog.br\/v1\/wp-content\/uploads\/2025\/03\/gacca-7-150x150.jpg\" class=\"attachment-thumbnail size-thumbnail\" alt=\"\" loading=\"lazy\" \/><\/a>\n\t\t\t<\/dt><\/dl><br style=\"clear: both\" \/>\n\t\t<\/div>\n\n<p>O bazar funciona de segunda a sexta-feira, das 9 \u00e0s 16 horas, sem intervalo de almo\u00e7o, na rua Mari\u00e1 Ferreira, n\u00famero 316, ao lado do antigo pr\u00e9dio da FICC, \u00a0e comercializa roupas, cal\u00e7ados, bijuterias e brinquedos, a pre\u00e7os promocionais. Toda a renda do bazar \u00e9 revertida para o GACC.<\/p>\n\n\t\t<style type=\"text\/css\">\n\t\t\t#gallery-2 {\n\t\t\t\tmargin: auto;\n\t\t\t}\n\t\t\t#gallery-2 .gallery-item {\n\t\t\t\tfloat: left;\n\t\t\t\tmargin-top: 10px;\n\t\t\t\ttext-align: center;\n\t\t\t\twidth: 33%;\n\t\t\t}\n\t\t\t#gallery-2 img {\n\t\t\t\tborder: 2px solid #cfcfcf;\n\t\t\t}\n\t\t\t#gallery-2 .gallery-caption {\n\t\t\t\tmargin-left: 0;\n\t\t\t}\n\t\t\t\/* see gallery_shortcode() in wp-includes\/media.php *\/\n\t\t<\/style>\n\t\t<div id='gallery-2' class='gallery galleryid-173865 gallery-columns-3 gallery-size-thumbnail'><dl class='gallery-item'>\n\t\t\t<dt class='gallery-icon portrait'>\n\t\t\t\t<a href='https:\/\/www.blogdothame.blog.br\/v1\/2025\/03\/26\/bazar-beneficente-arrecada-recursos-para-o-gacc-sul-da-bahia\/gacca-2\/'><img width=\"150\" height=\"150\" src=\"https:\/\/www.blogdothame.blog.br\/v1\/wp-content\/uploads\/2025\/03\/gacca-2-150x150.jpg\" class=\"attachment-thumbnail size-thumbnail\" alt=\"\" loading=\"lazy\" \/><\/a>\n\t\t\t<\/dt><\/dl><dl class='gallery-item'>\n\t\t\t<dt class='gallery-icon landscape'>\n\t\t\t\t<a href='https:\/\/www.blogdothame.blog.br\/v1\/2025\/03\/26\/bazar-beneficente-arrecada-recursos-para-o-gacc-sul-da-bahia\/gacca-4\/'><img width=\"150\" height=\"150\" src=\"https:\/\/www.blogdothame.blog.br\/v1\/wp-content\/uploads\/2025\/03\/gacca-4-150x150.jpg\" class=\"attachment-thumbnail size-thumbnail\" alt=\"\" loading=\"lazy\" \/><\/a>\n\t\t\t<\/dt><\/dl><dl class='gallery-item'>\n\t\t\t<dt class='gallery-icon landscape'>\n\t\t\t\t<a href='https:\/\/www.blogdothame.blog.br\/v1\/2025\/03\/26\/bazar-beneficente-arrecada-recursos-para-o-gacc-sul-da-bahia\/gacca-6\/'><img width=\"150\" height=\"150\" src=\"https:\/\/www.blogdothame.blog.br\/v1\/wp-content\/uploads\/2025\/03\/gacca-6-150x150.jpg\" class=\"attachment-thumbnail size-thumbnail\" alt=\"\" loading=\"lazy\" \/><\/a>\n\t\t\t<\/dt><\/dl><br style=\"clear: both\" \/>\n\t\t<\/div>\n\n<p>O GACC Sul Bahia atendede fam\u00edlias de baixa renda, com a finalidade de garantir o direito ao tratamento do c\u00e2ncer com melhor qualidade de vida, atendendo crian\u00e7as e adolescentes residentes do interior do estado da Bahia, abrangendo as \u00e1reas da regi\u00e3o sul, extremo sul, sudoeste e oeste baiano. Desde sua funda\u00e7\u00e3o em 1996 j\u00e1 foram atendidas cerca de 4 mil fam\u00edlias.<\/p>\n\n\t\t<style type=\"text\/css\">\n\t\t\t#gallery-3 {\n\t\t\t\tmargin: auto;\n\t\t\t}\n\t\t\t#gallery-3 .gallery-item {\n\t\t\t\tfloat: left;\n\t\t\t\tmargin-top: 10px;\n\t\t\t\ttext-align: center;\n\t\t\t\twidth: 33%;\n\t\t\t}\n\t\t\t#gallery-3 img {\n\t\t\t\tborder: 2px solid #cfcfcf;\n\t\t\t}\n\t\t\t#gallery-3 .gallery-caption {\n\t\t\t\tmargin-left: 0;\n\t\t\t}\n\t\t\t\/* see gallery_shortcode() in wp-includes\/media.php *\/\n\t\t<\/style>\n\t\t<div id='gallery-3' class='gallery galleryid-173865 gallery-columns-3 gallery-size-thumbnail'><dl class='gallery-item'>\n\t\t\t<dt class='gallery-icon landscape'>\n\t\t\t\t<a href='https:\/\/www.blogdothame.blog.br\/v1\/2025\/03\/26\/bazar-beneficente-arrecada-recursos-para-o-gacc-sul-da-bahia\/gaac-2\/'><img width=\"150\" height=\"150\" src=\"https:\/\/www.blogdothame.blog.br\/v1\/wp-content\/uploads\/2025\/03\/gaac-2-150x150.jpg\" class=\"attachment-thumbnail size-thumbnail\" alt=\"\" loading=\"lazy\" \/><\/a>\n\t\t\t<\/dt><\/dl><dl class='gallery-item'>\n\t\t\t<dt class='gallery-icon landscape'>\n\t\t\t\t<a href='https:\/\/www.blogdothame.blog.br\/v1\/2025\/03\/26\/bazar-beneficente-arrecada-recursos-para-o-gacc-sul-da-bahia\/gacca-1\/'><img width=\"150\" height=\"150\" src=\"https:\/\/www.blogdothame.blog.br\/v1\/wp-content\/uploads\/2025\/03\/gacca-1-150x150.jpg\" class=\"attachment-thumbnail size-thumbnail\" alt=\"\" loading=\"lazy\" \/><\/a>\n\t\t\t<\/dt><\/dl>\n\t\t\t<br style='clear: both' \/>\n\t\t<\/div>\n\n<p>Entre as campanhas realizadas anualmente est\u00e3o o McDia Feliz, Programa Diagn\u00f3stico Precoce e Pare pra mim e conta com dezenas de volunt\u00e1rios.<\/p>\n<p>&nbsp;<\/p>\n<p>Contatos para doa\u00e7\u00f5es:<\/p>\n<p>&nbsp;<\/p>\n<p>(73) 99114 0632<\/p>\n<p>(73) 3613-2273<\/p>\n<p>&nbsp;<\/p>\n","protected":false},"excerpt":{"rendered":"<p>O Grupo de Apoio \u00e0 Crian\u00e7a com C\u00e2ncer- GACC Sul da Bahia, que atende menores em tratamento e seus familiares em Itabuna, promove semanalmente um Bazar para arrecadar recursos para que a institui\u00e7\u00e3o possa manter o acolhimento. O bazar funciona de segunda a sexta-feira, das 9 \u00e0s 16 horas, sem intervalo de almo\u00e7o, na rua [&hellip;]<\/p>\n","protected":false},"author":2,"featured_media":173870,"comment_status":"open","ping_status":"open","sticky":false,"template":"","format":"standard","meta":{"_links_to":"","_links_to_target":""},"categories":[33433],"tags":[20053,20834],"_links":{"self":[{"href":"https:\/\/www.blogdothame.blog.br\/v1\/wp-json\/wp\/v2\/posts\/173865"}],"collection":[{"href":"https:\/\/www.blogdothame.blog.br\/v1\/wp-json\/wp\/v2\/posts"}],"about":[{"href":"https:\/\/www.blogdothame.blog.br\/v1\/wp-json\/wp\/v2\/types\/post"}],"author":[{"embeddable":true,"href":"https:\/\/www.blogdothame.blog.br\/v1\/wp-json\/wp\/v2\/users\/2"}],"replies":[{"embeddable":true,"href":"https:\/\/www.blogdothame.blog.br\/v1\/wp-json\/wp\/v2\/comments?post=173865"}],"version-history":[{"count":6,"href":"https:\/\/www.blogdothame.blog.br\/v1\/wp-json\/wp\/v2\/posts\/173865\/revisions"}],"predecessor-version":[{"id":173888,"href":"https:\/\/www.blogdothame.blog.br\/v1\/wp-json\/wp\/v2\/posts\/173865\/revisions\/173888"}],"wp:featuredmedia":[{"embeddable":true,"href":"https:\/\/www.blogdothame.blog.br\/v1\/wp-json\/wp\/v2\/media\/173870"}],"wp:attachment":[{"href":"https:\/\/www.blogdothame.blog.br\/v1\/wp-json\/wp\/v2\/media?parent=173865"}],"wp:term":[{"taxonomy":"category","embeddable":true,"href":"https:\/\/www.blogdothame.blog.br\/v1\/wp-json\/wp\/v2\/categories?post=173865"},{"taxonomy":"post_tag","embeddable":true,"href":"https:\/\/www.blogdothame.blog.br\/v1\/wp-json\/wp\/v2\/tags?post=173865"}],"curies":[{"name":"wp","href":"https:\/\/api.w.org\/{rel}","templated":true}]}}