{"id":173687,"date":"2025-03-20T10:30:41","date_gmt":"2025-03-20T13:30:41","guid":{"rendered":"https:\/\/www.blogdothame.blog.br\/v1\/?p=173687"},"modified":"2025-03-19T18:57:10","modified_gmt":"2025-03-19T21:57:10","slug":"governo-do-estado-anuncia-grupo-de-trabalho-para-tratar-dos-conflitos-agrarios-em-teixeira-de-freitas-e-regiao","status":"publish","type":"post","link":"https:\/\/www.blogdothame.blog.br\/v1\/2025\/03\/20\/governo-do-estado-anuncia-grupo-de-trabalho-para-tratar-dos-conflitos-agrarios-em-teixeira-de-freitas-e-regiao\/","title":{"rendered":"Governo do Estado anuncia grupo de trabalho para tratar dos conflitos agr\u00e1rios em Teixeira de Freitas e regi\u00e3o"},"content":{"rendered":"<p>&nbsp;<\/p>\n<p><img loading=\"lazy\" class=\"aligncenter  wp-image-173688\" src=\"https:\/\/www.blogdothame.blog.br\/v1\/wp-content\/uploads\/2025\/03\/2.jpeg\" alt=\"\" width=\"355\" height=\"236\" srcset=\"https:\/\/www.blogdothame.blog.br\/v1\/wp-content\/uploads\/2025\/03\/2.jpeg 550w, https:\/\/www.blogdothame.blog.br\/v1\/wp-content\/uploads\/2025\/03\/2-300x200.jpeg 300w\" sizes=\"(max-width: 355px) 100vw, 355px\" \/><\/p>\n<p>O Governo do Estado anunciou nesta quarta-feira (19) a cria\u00e7\u00e3o de um grupo de trabalho para tratar dos conflitos agr\u00e1rios na regi\u00e3o do extremo sul da Bahia. O an\u00fancio foi realizado pelos secret\u00e1rios de Rela\u00e7\u00f5es Institucionais (Serin) Adolpho Loyola e da Seguran\u00e7a P\u00fablica (SSP) Marcelo Werner durante agenda em Teixeira de Freitas. A cria\u00e7\u00e3o de opera\u00e7\u00e3o nos moldes da Opera\u00e7\u00e3o Safra, que j\u00e1 \u00e9 realizada na regi\u00e3o oeste h\u00e1 mais de 10 anos, tamb\u00e9m foi discutida durante a ida dos secret\u00e1rios ao munic\u00edpio.<\/p>\n<p><img loading=\"lazy\" class=\"aligncenter  wp-image-173689\" src=\"https:\/\/www.blogdothame.blog.br\/v1\/wp-content\/uploads\/2025\/03\/1.jpeg\" alt=\"\" width=\"366\" height=\"244\" srcset=\"https:\/\/www.blogdothame.blog.br\/v1\/wp-content\/uploads\/2025\/03\/1.jpeg 600w, https:\/\/www.blogdothame.blog.br\/v1\/wp-content\/uploads\/2025\/03\/1-300x200.jpeg 300w\" sizes=\"(max-width: 366px) 100vw, 366px\" \/><\/p>\n<p>Al\u00e9m da representa\u00e7\u00e3o do pr\u00f3prio governo estadual, o grupo contar\u00e1 com representantes da Federa\u00e7\u00e3o da Agricultura da Bahia (FAEB) e dos povos origin\u00e1rios. A primeira reuni\u00e3o de trabalho j\u00e1 ficou definida para a segunda-feira (24), \u00e0s 15h, na Serin, no Centro Administrativo da Bahia (CAB).<\/p>\n<p>&nbsp;<\/p>\n<p>\u201cCom o compromisso do governador Jer\u00f4nimo, que determinou a nossa vinda para Teixeira de Freitas, vamos construir esse grupo, com a participa\u00e7\u00e3o das partes envolvidas, para, a v\u00e1rias m\u00e3os estabelecer esse di\u00e1logo, gerando assim mais seguran\u00e7a para a regi\u00e3o. E o papel da Serin \u00e9 esse, a interlocu\u00e7\u00e3o com os movimentos sociais, as representa\u00e7\u00f5es de classe e os outros entes do governo\u201d, afirmou Loyola.<\/p>\n<p>&nbsp;<\/p>\n<p>&nbsp;<\/p>\n<p>Media\u00e7\u00e3o, repress\u00e3o qualificada e investiga\u00e7\u00e3o<\/p>\n<p>&nbsp;<\/p>\n<p>&nbsp;<\/p>\n<p>De acordo com Marcelo Werner, uma a\u00e7\u00e3o nos moldes da Opera\u00e7\u00e3o Safra da regi\u00e3o Oeste est\u00e1 sendo planejada para o Extremo Sul. \u201cAl\u00e9m do aumento do nosso efetivo da Pol\u00edcia Militar na regi\u00e3o, vamos destacar nossas equipes da Pol\u00edcia Civil, da coordena\u00e7\u00e3o de conflitos agr\u00e1rios, para a media\u00e7\u00e3o da situa\u00e7\u00e3o, e, tamb\u00e9m faremos com rigor a investiga\u00e7\u00e3o de crimes que possam ter sido cometidos. Ent\u00e3o trabalharemos na media\u00e7\u00e3o, na repress\u00e3o qualificada e na investiga\u00e7\u00e3o, de forma integrada, garantindo assim mais seguran\u00e7a para todos\u201d, explicou Werner.<\/p>\n<p>Fotos: Alberto Maraux \/ Ascom SSP<\/p>\n","protected":false},"excerpt":{"rendered":"<p>&nbsp; O Governo do Estado anunciou nesta quarta-feira (19) a cria\u00e7\u00e3o de um grupo de trabalho para tratar dos conflitos agr\u00e1rios na regi\u00e3o do extremo sul da Bahia. O an\u00fancio foi realizado pelos secret\u00e1rios de Rela\u00e7\u00f5es Institucionais (Serin) Adolpho Loyola e da Seguran\u00e7a P\u00fablica (SSP) Marcelo Werner durante agenda em Teixeira de Freitas. A cria\u00e7\u00e3o [&hellip;]<\/p>\n","protected":false},"author":2,"featured_media":173688,"comment_status":"open","ping_status":"open","sticky":false,"template":"","format":"standard","meta":{"_links_to":"","_links_to_target":""},"categories":[33434],"tags":[39483,16,1570],"_links":{"self":[{"href":"https:\/\/www.blogdothame.blog.br\/v1\/wp-json\/wp\/v2\/posts\/173687"}],"collection":[{"href":"https:\/\/www.blogdothame.blog.br\/v1\/wp-json\/wp\/v2\/posts"}],"about":[{"href":"https:\/\/www.blogdothame.blog.br\/v1\/wp-json\/wp\/v2\/types\/post"}],"author":[{"embeddable":true,"href":"https:\/\/www.blogdothame.blog.br\/v1\/wp-json\/wp\/v2\/users\/2"}],"replies":[{"embeddable":true,"href":"https:\/\/www.blogdothame.blog.br\/v1\/wp-json\/wp\/v2\/comments?post=173687"}],"version-history":[{"count":1,"href":"https:\/\/www.blogdothame.blog.br\/v1\/wp-json\/wp\/v2\/posts\/173687\/revisions"}],"predecessor-version":[{"id":173690,"href":"https:\/\/www.blogdothame.blog.br\/v1\/wp-json\/wp\/v2\/posts\/173687\/revisions\/173690"}],"wp:featuredmedia":[{"embeddable":true,"href":"https:\/\/www.blogdothame.blog.br\/v1\/wp-json\/wp\/v2\/media\/173688"}],"wp:attachment":[{"href":"https:\/\/www.blogdothame.blog.br\/v1\/wp-json\/wp\/v2\/media?parent=173687"}],"wp:term":[{"taxonomy":"category","embeddable":true,"href":"https:\/\/www.blogdothame.blog.br\/v1\/wp-json\/wp\/v2\/categories?post=173687"},{"taxonomy":"post_tag","embeddable":true,"href":"https:\/\/www.blogdothame.blog.br\/v1\/wp-json\/wp\/v2\/tags?post=173687"}],"curies":[{"name":"wp","href":"https:\/\/api.w.org\/{rel}","templated":true}]}}