{"id":173380,"date":"2025-03-10T20:30:46","date_gmt":"2025-03-10T23:30:46","guid":{"rendered":"https:\/\/www.blogdothame.blog.br\/v1\/?p=173380"},"modified":"2025-03-10T15:17:56","modified_gmt":"2025-03-10T18:17:56","slug":"uesc-promove-evento-de-acolhimento-para-estudantes-estrangeiros","status":"publish","type":"post","link":"https:\/\/www.blogdothame.blog.br\/v1\/2025\/03\/10\/uesc-promove-evento-de-acolhimento-para-estudantes-estrangeiros\/","title":{"rendered":"Uesc promove evento de acolhimento para estudantes estrangeiros"},"content":{"rendered":"<p><img loading=\"lazy\" class=\"aligncenter  wp-image-173381\" src=\"https:\/\/www.blogdothame.blog.br\/v1\/wp-content\/uploads\/2025\/03\/uesc-1.jpg\" alt=\"\" width=\"425\" height=\"263\" srcset=\"https:\/\/www.blogdothame.blog.br\/v1\/wp-content\/uploads\/2025\/03\/uesc-1.jpg 516w, https:\/\/www.blogdothame.blog.br\/v1\/wp-content\/uploads\/2025\/03\/uesc-1-300x185.jpg 300w\" sizes=\"(max-width: 425px) 100vw, 425px\" \/>A Universidade Estadual de Santa Cruz (Uesc) promover\u00e1, quarta-feira, 12 de mar\u00e7o de 2025, a solenidade &#8220;Arint Conectando Culturas&#8221; para recepcionar estudantes estrangeiros ingressantes no primeiro semestre letivo. O evento ser\u00e1 realizado no Audit\u00f3rio da Torre Jos\u00e9 Haroldo Castro Vieira (Torre Administrativa), \u00e0s 10 horas, sob a organiza\u00e7\u00e3o da Assessoria de Rela\u00e7\u00f5es Internacionais (Arint).<\/p>\n<p>A iniciativa tem como objetivo proporcionar a integra\u00e7\u00e3o entre os novos estudantes e aqueles que j\u00e1 se encontram na Uesc, promovendo o interc\u00e2mbio cultural e a ambienta\u00e7\u00e3o dos rec\u00e9m-chegados. Esta a\u00e7\u00e3o j\u00e1 foi realizada em edi\u00e7\u00f5es anteriores e refor\u00e7a o compromisso da universidade com a internacionaliza\u00e7\u00e3o e a inclus\u00e3o acad\u00eamica.<\/p>\n<p>A mesa de abertura contar\u00e1 com a presen\u00e7a do Magn\u00edfico Reitor, Prof. Dr. Alessandro Fernandes, do Ilustr\u00edssimo Vice-Reitor, Prof. Dr. Maur\u00edcio Moreau, do Assessor de Rela\u00e7\u00f5es Internacionais, Prof. Me. Samuel Mattos, al\u00e9m de pr\u00f3-reitores e do Diretor do Diret\u00f3rio Central dos Estudantes (DCE), Jhonata Mendes Ramos. Durante a solenidade, os dirigentes da Universidade ir\u00e3o proferir palavras de acolhimento e incentivo aos novos discentes.<\/p>\n<p>Nesta edi\u00e7\u00e3o, s\u00e3o esperados 38 estudantes estrangeiros ingressantes, oriundos de 13 pa\u00edses: Angola, Argentina, Col\u00f4mbia, Eti\u00f3pia, Guatemala, Haiti, M\u00e9xico, Mo\u00e7ambique, Nig\u00e9ria, Paquist\u00e3o, Paraguai, Peru e Venezuela. Al\u00e9m disso, cerca de 20 estudantes estrangeiros que j\u00e1 est\u00e3o na institui\u00e7\u00e3o participar\u00e3o da recep\u00e7\u00e3o, contribuindo para o processo de adapta\u00e7\u00e3o e troca de experi\u00eancias.<\/p>\n<p>O evento &#8220;Arint Conectando Culturas&#8221; reafirma a posi\u00e7\u00e3o da Uesc como uma universidade acolhedora e comprometida com a diversidade, proporcionando um ambiente acad\u00eamico rico em aprendizado e conviv\u00eancia multicultural.<\/p>\n<p>&nbsp;<\/p>\n","protected":false},"excerpt":{"rendered":"<p>A Universidade Estadual de Santa Cruz (Uesc) promover\u00e1, quarta-feira, 12 de mar\u00e7o de 2025, a solenidade &#8220;Arint Conectando Culturas&#8221; para recepcionar estudantes estrangeiros ingressantes no primeiro semestre letivo. O evento ser\u00e1 realizado no Audit\u00f3rio da Torre Jos\u00e9 Haroldo Castro Vieira (Torre Administrativa), \u00e0s 10 horas, sob a organiza\u00e7\u00e3o da Assessoria de Rela\u00e7\u00f5es Internacionais (Arint). A [&hellip;]<\/p>\n","protected":false},"author":2,"featured_media":173381,"comment_status":"open","ping_status":"open","sticky":false,"template":"","format":"standard","meta":{"_links_to":"","_links_to_target":""},"categories":[1],"tags":[39445,35191,3371],"_links":{"self":[{"href":"https:\/\/www.blogdothame.blog.br\/v1\/wp-json\/wp\/v2\/posts\/173380"}],"collection":[{"href":"https:\/\/www.blogdothame.blog.br\/v1\/wp-json\/wp\/v2\/posts"}],"about":[{"href":"https:\/\/www.blogdothame.blog.br\/v1\/wp-json\/wp\/v2\/types\/post"}],"author":[{"embeddable":true,"href":"https:\/\/www.blogdothame.blog.br\/v1\/wp-json\/wp\/v2\/users\/2"}],"replies":[{"embeddable":true,"href":"https:\/\/www.blogdothame.blog.br\/v1\/wp-json\/wp\/v2\/comments?post=173380"}],"version-history":[{"count":1,"href":"https:\/\/www.blogdothame.blog.br\/v1\/wp-json\/wp\/v2\/posts\/173380\/revisions"}],"predecessor-version":[{"id":173382,"href":"https:\/\/www.blogdothame.blog.br\/v1\/wp-json\/wp\/v2\/posts\/173380\/revisions\/173382"}],"wp:featuredmedia":[{"embeddable":true,"href":"https:\/\/www.blogdothame.blog.br\/v1\/wp-json\/wp\/v2\/media\/173381"}],"wp:attachment":[{"href":"https:\/\/www.blogdothame.blog.br\/v1\/wp-json\/wp\/v2\/media?parent=173380"}],"wp:term":[{"taxonomy":"category","embeddable":true,"href":"https:\/\/www.blogdothame.blog.br\/v1\/wp-json\/wp\/v2\/categories?post=173380"},{"taxonomy":"post_tag","embeddable":true,"href":"https:\/\/www.blogdothame.blog.br\/v1\/wp-json\/wp\/v2\/tags?post=173380"}],"curies":[{"name":"wp","href":"https:\/\/api.w.org\/{rel}","templated":true}]}}