{"id":17313,"date":"2013-03-01T10:32:12","date_gmt":"2013-03-01T13:32:12","guid":{"rendered":"http:\/\/www.blogdothame.blog.br\/v1\/?p=17313"},"modified":"2013-03-01T10:32:54","modified_gmt":"2013-03-01T13:32:54","slug":"terminais-pesqueiros-de-ilheus-e-salvador-entram-em-operacao","status":"publish","type":"post","link":"https:\/\/www.blogdothame.blog.br\/v1\/2013\/03\/01\/terminais-pesqueiros-de-ilheus-e-salvador-entram-em-operacao\/","title":{"rendered":"Terminais pesqueiros de Ilh\u00e9us e Salvador entram em opera\u00e7\u00e3o"},"content":{"rendered":"<div id=\"attachment_17314\" style=\"width: 310px\" class=\"wp-caption aligncenter\"><a href=\"http:\/\/www.blogdothame.blog.br\/v1\/wp-content\/uploads\/2013\/03\/tp-ios.jpg\"><img aria-describedby=\"caption-attachment-17314\" loading=\"lazy\" class=\"size-medium wp-image-17314\" title=\"tp ios\" src=\"http:\/\/www.blogdothame.blog.br\/v1\/wp-content\/uploads\/2013\/03\/tp-ios-300x200.jpg\" alt=\"\" width=\"300\" height=\"200\" srcset=\"https:\/\/www.blogdothame.blog.br\/v1\/wp-content\/uploads\/2013\/03\/tp-ios-300x200.jpg 300w, https:\/\/www.blogdothame.blog.br\/v1\/wp-content\/uploads\/2013\/03\/tp-ios.jpg 640w\" sizes=\"(max-width: 300px) 100vw, 300px\" \/><\/a><p id=\"caption-attachment-17314\" class=\"wp-caption-text\">Terminal Pesqueiro de Ilheus<\/p><\/div>\n<p>Os terminais pesqueiros de Salvador e Ilh\u00e9us estar\u00e3o aptos para pleno funcionamento at\u00e9 julho deste ano, mas os pescadores j\u00e1 podem contar com os servi\u00e7os da f\u00e1brica de gelo e comercializa\u00e7\u00e3o de \u00f3leo diesel. A operacionaliza\u00e7\u00e3o foi anunciada nesta quinta-feira (28) pelo presidente da Bahia Pesca, C\u00e1ssio Peixoto, ap\u00f3s visita aos dois equipamentos.<\/p>\n<p>Nos \u00faltimos dois dias, t\u00e9cnicos e diretores da empresa, vinculada \u00e0 Secretaria da Agricultura (Seagri), estiveram nos locais verificando as instala\u00e7\u00f5es e avaliando detalhes para determinar as condi\u00e7\u00f5es necess\u00e1rias ao funcionamento total dos terminais.<\/p>\n<p>Durante a visita em Ilh\u00e9us, Peixoto autorizou a instala\u00e7\u00e3o de um escrit\u00f3rio da empresa dentro do terminal, marcando o in\u00edcio da gest\u00e3o administrativa da Bahia Pesca no local. Entre as pr\u00f3ximas estrat\u00e9gias, previstas para acontecer a partir de mar\u00e7o, est\u00e1 a realiza\u00e7\u00e3o de \u2018benchmarking\u2019 [processo cont\u00ednuo de compara\u00e7\u00e3o dos produtos, servi\u00e7os e pr\u00e1ticas empresarias] para conhecer as experi\u00eancias exitosas em outros estados no pa\u00eds.<\/p>\n<p>Equipes da Bahia Pesca ir\u00e3o visitar os terminais pesqueiros p\u00fablicos de Santa Catarina, Rio de Janeiro e Cear\u00e1, trazendo para a Bahia os conceitos de trabalho mais modernos voltados \u00e0 plena operacionaliza\u00e7\u00e3o dos equipamentos baianos.<\/p>\n<p>\u201cMudar perfil \u00e9 sin\u00f4nimo de quebrar paradigmas\u201d, afirmou o secret\u00e1rio da Agricultura, Eduardo Salles, sobre a administra\u00e7\u00e3o dos terminais baianos. \u201cQueremos oferecer aos pescadores, associa\u00e7\u00f5es e cooperativas o melhor modelo de gest\u00e3o para administrar os terminais, garantindo emprego, renda, pre\u00e7o, condi\u00e7\u00f5es de comercializa\u00e7\u00e3o e qualidade para a atividade pesqueira na Bahia\u201d.<\/p>\n<p><!--more--><\/p>\n<p><strong>Infraestrutura\u00a0\u00a0\u00a0\u00a0\u00a0\u00a0\u00a0 <\/strong><\/p>\n<p>Inaugurados no final de 2012, os dois terminais foram idealizados para estimular a economia local, oferecendo aos pescadores da regi\u00e3o e visitantes uma \u00e1rea pr\u00f3pria para trabalharem adequadamente. Eles s\u00e3o dotados de c\u00e2maras e t\u00faneis de espera, congelamento e estocagem de iscas e refrigerados, sala de higieniza\u00e7\u00e3o, p\u00e1tio de caminh\u00f5es, vesti\u00e1rios, sanit\u00e1rios e casa de m\u00e1quinas. Al\u00e9m disso, f\u00e1brica de gelo, central de fornecimento de energia, boxes de vendas, oficina de manuten\u00e7\u00e3o de embarca\u00e7\u00f5es, central de higieniza\u00e7\u00e3o de caixas, lanchonete e estacionamento tamb\u00e9m comp\u00f5em a estrutura dos terminais.<\/p>\n<p>Para que toda essa estrutura funcione adequadamente, a expectativa da Bahia Pesca \u00e9 promover um esfor\u00e7o em conjunto entre governo, cooperativas, associa\u00e7\u00f5es, federa\u00e7\u00e3o dos pescadores, empres\u00e1rio do ramo e demais entidades setoriais, para utilizar a capacidade estimada e planejada para os equipamentos. \u201cDessa forma conseguiremos impulsionar a cadeia produtiva da pesca, aprimorar as condi\u00e7\u00f5es de trabalho, melhorando a qualidade de vida do pescador e de suas fam\u00edlias\u201d.<\/p>\n<p><strong>\u00a0<\/strong><\/p>\n","protected":false},"excerpt":{"rendered":"<p>Os terminais pesqueiros de Salvador e Ilh\u00e9us estar\u00e3o aptos para pleno funcionamento at\u00e9 julho deste ano, mas os pescadores j\u00e1 podem contar com os servi\u00e7os da f\u00e1brica de gelo e comercializa\u00e7\u00e3o de \u00f3leo diesel. A operacionaliza\u00e7\u00e3o foi anunciada nesta quinta-feira (28) pelo presidente da Bahia Pesca, C\u00e1ssio Peixoto, ap\u00f3s visita aos dois equipamentos. Nos \u00faltimos [&hellip;]<\/p>\n","protected":false},"author":2,"featured_media":0,"comment_status":"open","ping_status":"open","sticky":false,"template":"","format":"standard","meta":{"_links_to":"","_links_to_target":""},"categories":[1],"tags":[2370,6153,138,6152],"_links":{"self":[{"href":"https:\/\/www.blogdothame.blog.br\/v1\/wp-json\/wp\/v2\/posts\/17313"}],"collection":[{"href":"https:\/\/www.blogdothame.blog.br\/v1\/wp-json\/wp\/v2\/posts"}],"about":[{"href":"https:\/\/www.blogdothame.blog.br\/v1\/wp-json\/wp\/v2\/types\/post"}],"author":[{"embeddable":true,"href":"https:\/\/www.blogdothame.blog.br\/v1\/wp-json\/wp\/v2\/users\/2"}],"replies":[{"embeddable":true,"href":"https:\/\/www.blogdothame.blog.br\/v1\/wp-json\/wp\/v2\/comments?post=17313"}],"version-history":[{"count":2,"href":"https:\/\/www.blogdothame.blog.br\/v1\/wp-json\/wp\/v2\/posts\/17313\/revisions"}],"predecessor-version":[{"id":17316,"href":"https:\/\/www.blogdothame.blog.br\/v1\/wp-json\/wp\/v2\/posts\/17313\/revisions\/17316"}],"wp:attachment":[{"href":"https:\/\/www.blogdothame.blog.br\/v1\/wp-json\/wp\/v2\/media?parent=17313"}],"wp:term":[{"taxonomy":"category","embeddable":true,"href":"https:\/\/www.blogdothame.blog.br\/v1\/wp-json\/wp\/v2\/categories?post=17313"},{"taxonomy":"post_tag","embeddable":true,"href":"https:\/\/www.blogdothame.blog.br\/v1\/wp-json\/wp\/v2\/tags?post=17313"}],"curies":[{"name":"wp","href":"https:\/\/api.w.org\/{rel}","templated":true}]}}