{"id":173121,"date":"2025-03-01T10:02:13","date_gmt":"2025-03-01T13:02:13","guid":{"rendered":"https:\/\/www.blogdothame.blog.br\/v1\/?p=173121"},"modified":"2025-02-28T16:57:56","modified_gmt":"2025-02-28T19:57:56","slug":"maze-torquato-entrevista-altina-ribeiro","status":"publish","type":"post","link":"https:\/\/www.blogdothame.blog.br\/v1\/2025\/03\/01\/maze-torquato-entrevista-altina-ribeiro\/","title":{"rendered":"Maz\u00e9 Torquato entrevista Altina Ribeiro"},"content":{"rendered":"<p><img loading=\"lazy\" class=\"aligncenter wp-image-173123\" src=\"https:\/\/www.blogdothame.blog.br\/v1\/wp-content\/uploads\/2025\/02\/PHOTO-2025-02-28-12-26-09-1.jpg\" alt=\"\" width=\"247\" height=\"322\" \/>A franco-portuguesa Altina Ribeiro est\u00e1 lan\u00e7ando \u00ab (IL)L\u00e9gitime \u00bb, &#8220;(I)leg\u00edtima&#8221; em portugu\u00eas, um novo romance inspirado em fatos reais. A obra tra\u00e7a o retrato de uma mulher ao mesmo tempo comum e singular, denunciando a viol\u00eancia contra crian\u00e7as e mulheres.<\/p>\n<p>O livro est\u00e1 dispon\u00edvel em Portugal na Editora Alma Letra:\u00a0<a href=\"https:\/\/www.almaletra.pt\/produtos?sea.\">https:\/\/www.almaletra.pt\/produtos?sea.<\/a>.. e em Paris:\u00a0<a href=\"https:\/\/librairie-portugaise.com\/?s=a.\">https:\/\/librairie-portugaise.com\/?s=a.<\/a>..<\/p>\n<p><img loading=\"lazy\" class=\"aligncenter wp-image-173122\" src=\"https:\/\/www.blogdothame.blog.br\/v1\/wp-content\/uploads\/2025\/02\/PHOTO-2025-02-28-12-26-09.jpg\" alt=\"\" width=\"431\" height=\"204\" srcset=\"https:\/\/www.blogdothame.blog.br\/v1\/wp-content\/uploads\/2025\/02\/PHOTO-2025-02-28-12-26-09.jpg 600w, https:\/\/www.blogdothame.blog.br\/v1\/wp-content\/uploads\/2025\/02\/PHOTO-2025-02-28-12-26-09-300x142.jpg 300w\" sizes=\"(max-width: 431px) 100vw, 431px\" \/><\/p>\n<p>Veja a entrevista concedida a Maz\u00e9 Torquato, em Paris.<\/p>\n<p>&nbsp;<\/p>\n<p>&nbsp;<\/p>\n<p><iframe loading=\"lazy\" title=\"\u00ab (IL)L\u00e9gitime \u00bb, &quot;(I)leg\u00edtima&quot; novo livro da franco portuguesa Altina Ribeiro\" src=\"https:\/\/www.youtube.com\/embed\/C-Hgm_Cjmlo\" width=\"560\" height=\"315\" frameborder=\"0\" allowfullscreen=\"allowfullscreen\"><\/iframe><\/p>\n","protected":false},"excerpt":{"rendered":"<p>A franco-portuguesa Altina Ribeiro est\u00e1 lan\u00e7ando \u00ab (IL)L\u00e9gitime \u00bb, &#8220;(I)leg\u00edtima&#8221; em portugu\u00eas, um novo romance inspirado em fatos reais. A obra tra\u00e7a o retrato de uma mulher ao mesmo tempo comum e singular, denunciando a viol\u00eancia contra crian\u00e7as e mulheres. O livro est\u00e1 dispon\u00edvel em Portugal na Editora Alma Letra:\u00a0https:\/\/www.almaletra.pt\/produtos?sea&#8230; e em Paris:\u00a0https:\/\/librairie-portugaise.com\/?s=a&#8230; Veja a [&hellip;]<\/p>\n","protected":false},"author":2,"featured_media":173123,"comment_status":"open","ping_status":"open","sticky":false,"template":"","format":"standard","meta":{"_links_to":"","_links_to_target":""},"categories":[33435],"tags":[39401,1487,21397,649],"_links":{"self":[{"href":"https:\/\/www.blogdothame.blog.br\/v1\/wp-json\/wp\/v2\/posts\/173121"}],"collection":[{"href":"https:\/\/www.blogdothame.blog.br\/v1\/wp-json\/wp\/v2\/posts"}],"about":[{"href":"https:\/\/www.blogdothame.blog.br\/v1\/wp-json\/wp\/v2\/types\/post"}],"author":[{"embeddable":true,"href":"https:\/\/www.blogdothame.blog.br\/v1\/wp-json\/wp\/v2\/users\/2"}],"replies":[{"embeddable":true,"href":"https:\/\/www.blogdothame.blog.br\/v1\/wp-json\/wp\/v2\/comments?post=173121"}],"version-history":[{"count":2,"href":"https:\/\/www.blogdothame.blog.br\/v1\/wp-json\/wp\/v2\/posts\/173121\/revisions"}],"predecessor-version":[{"id":173137,"href":"https:\/\/www.blogdothame.blog.br\/v1\/wp-json\/wp\/v2\/posts\/173121\/revisions\/173137"}],"wp:featuredmedia":[{"embeddable":true,"href":"https:\/\/www.blogdothame.blog.br\/v1\/wp-json\/wp\/v2\/media\/173123"}],"wp:attachment":[{"href":"https:\/\/www.blogdothame.blog.br\/v1\/wp-json\/wp\/v2\/media?parent=173121"}],"wp:term":[{"taxonomy":"category","embeddable":true,"href":"https:\/\/www.blogdothame.blog.br\/v1\/wp-json\/wp\/v2\/categories?post=173121"},{"taxonomy":"post_tag","embeddable":true,"href":"https:\/\/www.blogdothame.blog.br\/v1\/wp-json\/wp\/v2\/tags?post=173121"}],"curies":[{"name":"wp","href":"https:\/\/api.w.org\/{rel}","templated":true}]}}