{"id":172777,"date":"2025-02-19T18:00:00","date_gmt":"2025-02-19T21:00:00","guid":{"rendered":"https:\/\/www.blogdothame.blog.br\/v1\/?p=172777"},"modified":"2025-02-19T16:17:08","modified_gmt":"2025-02-19T19:17:08","slug":"cvr-costa-do-cacau-apresenta-agenda-socioambiental-e-reforca-parcerias","status":"publish","type":"post","link":"https:\/\/www.blogdothame.blog.br\/v1\/2025\/02\/19\/cvr-costa-do-cacau-apresenta-agenda-socioambiental-e-reforca-parcerias\/","title":{"rendered":"CVR Costa do Cacau apresenta Agenda Socioambiental e refor\u00e7a parcerias"},"content":{"rendered":"<p><img loading=\"lazy\" class=\"aligncenter wp-image-172778\" src=\"https:\/\/www.blogdothame.blog.br\/v1\/wp-content\/uploads\/2025\/02\/cvr-cca-1.jpg\" alt=\"\" width=\"404\" height=\"222\" srcset=\"https:\/\/www.blogdothame.blog.br\/v1\/wp-content\/uploads\/2025\/02\/cvr-cca-1.jpg 384w, https:\/\/www.blogdothame.blog.br\/v1\/wp-content\/uploads\/2025\/02\/cvr-cca-1-300x165.jpg 300w\" sizes=\"(max-width: 404px) 100vw, 404px\" \/><\/p>\n<p>A CVR Costa do Cacau\u00a0 realizou nesta quarta-feira (19) um encontro\u00a0 no Centro de Educa\u00e7\u00e3o Ambiental para apresentar o cumprimento das Condicionantes, destacando a Agenda Socioambiental, que \u00a0passa por a\u00e7\u00f5es junto \u00e0 comunidade, como\u00a0 apoio a associa\u00e7\u00f5es de catadores, visitas de estudantes e organiza\u00e7\u00f5es n\u00e3o governamentais, participa\u00e7\u00e3o em eventos e\u00a0 distribui\u00e7\u00e3o de mudas.<\/p>\n<p>&nbsp;<\/p>\n<p>\u00danica empresa do Sul da Bahia credenciada pelo Inema e Ibama para o armazenamento de res\u00edduos s\u00f3lidos numa \u00e1rea \u00e0s margens da Rodovia Jorge Amado, a CVR Costa do Cacau atende atualmente 8 prefeituras, entre elas Itabuna e Ilh\u00e9us, as duas principais cidades do Sul da Bahia, 85 empresas privadas.<\/p>\n<div id=\"attachment_172780\" style=\"width: 378px\" class=\"wp-caption aligncenter\"><img aria-describedby=\"caption-attachment-172780\" loading=\"lazy\" class=\" wp-image-172780\" src=\"https:\/\/www.blogdothame.blog.br\/v1\/wp-content\/uploads\/2025\/02\/Angelica-Tomassini.jpg\" alt=\"\" width=\"368\" height=\"226\" srcset=\"https:\/\/www.blogdothame.blog.br\/v1\/wp-content\/uploads\/2025\/02\/Angelica-Tomassini.jpg 412w, https:\/\/www.blogdothame.blog.br\/v1\/wp-content\/uploads\/2025\/02\/Angelica-Tomassini-300x184.jpg 300w\" sizes=\"(max-width: 368px) 100vw, 368px\" \/><p id=\"caption-attachment-172780\" class=\"wp-caption-text\">Angelica Tomassini<\/p><\/div>\n<p>\u201cEsse \u00e9 um momento em que reunimos todos os parceiros, \u00f3rg\u00e3os p\u00fablicos, sociedade civil, empresas privadas para prestar contas sobre nossa atua\u00e7\u00e3o em 2024 e dialogar sobre as a\u00e7\u00f5es que ser\u00e3o desenvolvidas em 2025 em prol de uma sociedade mais saud\u00e1vel e com respeito ao meio ambiente\u201d, afirma Angelica Tomassini, coordenadora socioambiental \u00a0da CVR.<\/p>\n<p>&nbsp;<\/p>\n<p>APOIO A COLETA SELETIVA<\/p>\n<div id=\"attachment_172781\" style=\"width: 416px\" class=\"wp-caption aligncenter\"><img aria-describedby=\"caption-attachment-172781\" loading=\"lazy\" class=\" wp-image-172781\" src=\"https:\/\/www.blogdothame.blog.br\/v1\/wp-content\/uploads\/2025\/02\/Aline-Muller.jpg\" alt=\"\" width=\"406\" height=\"288\" srcset=\"https:\/\/www.blogdothame.blog.br\/v1\/wp-content\/uploads\/2025\/02\/Aline-Muller.jpg 515w, https:\/\/www.blogdothame.blog.br\/v1\/wp-content\/uploads\/2025\/02\/Aline-Muller-300x213.jpg 300w\" sizes=\"(max-width: 406px) 100vw, 406px\" \/><p id=\"caption-attachment-172781\" class=\"wp-caption-text\">Dra. Aline Muller<\/p><\/div>\n<p>O encontro contou com as presen\u00e7as de \u00f3rg\u00e3os p\u00fablicos e empresas privadas como a Prefeitura de Ilh\u00e9us, Defensoria P\u00fablica do Estado, Biosanear, Shopping Jequitib\u00e1 e AACRR. A Dra. Aline Muller, coordenadora do Defensoria P\u00fablica do Estado em Itabuna, ressalta que \u201c\u00e9 uni\u00e3o entre os diferentes setores \u00e9 muito importante, porque a coleta seletiva depende de quem gera os res\u00edduos, de quem armazena corretamente os rejeitos e de quem realiza a coleta. Em Itabuna, estamos realizando um trabalho que impacta positivamente o meio ambiente e tamb\u00e9m gera renda para fam\u00edlias de catadores\u201d.<\/p>\n<p><img loading=\"lazy\" class=\"aligncenter size-full wp-image-172779\" src=\"https:\/\/www.blogdothame.blog.br\/v1\/wp-content\/uploads\/2025\/02\/cvr-cca22.jpg\" alt=\"\" width=\"417\" height=\"231\" srcset=\"https:\/\/www.blogdothame.blog.br\/v1\/wp-content\/uploads\/2025\/02\/cvr-cca22.jpg 417w, https:\/\/www.blogdothame.blog.br\/v1\/wp-content\/uploads\/2025\/02\/cvr-cca22-300x166.jpg 300w\" sizes=\"(max-width: 417px) 100vw, 417px\" \/><\/p>\n<p>Em 2024, a CVR realizou a\u00e7\u00f5es de educa\u00e7\u00e3o ambiental no CEA que atenderam cerca de mil pessoas. O apoio \u00e0 AACRRI e Coolimpa envolveu festas populares \u00a0como Lavagem do Beco do Fuxico, Itapedro e Carnaval, al\u00e9m de mutir\u00f5es de limpeza.\u00a0 Tamb\u00e9m foram distribu\u00eddas cerca de 1.200 mudas de plantas nativas e frut\u00edferas, cultivadas no viveiro da empresa.<\/p>\n<div id=\"attachment_172782\" style=\"width: 394px\" class=\"wp-caption aligncenter\"><img aria-describedby=\"caption-attachment-172782\" loading=\"lazy\" class=\"size-full wp-image-172782\" src=\"https:\/\/www.blogdothame.blog.br\/v1\/wp-content\/uploads\/2025\/02\/Carissa-Araujo.jpg\" alt=\"\" width=\"384\" height=\"288\" srcset=\"https:\/\/www.blogdothame.blog.br\/v1\/wp-content\/uploads\/2025\/02\/Carissa-Araujo.jpg 384w, https:\/\/www.blogdothame.blog.br\/v1\/wp-content\/uploads\/2025\/02\/Carissa-Araujo-300x225.jpg 300w\" sizes=\"(max-width: 384px) 100vw, 384px\" \/><p id=\"caption-attachment-172782\" class=\"wp-caption-text\">Carissa Araujo<\/p><\/div>\n<p>A presidente da Associa\u00e7\u00e3o dos Agentes Ambientais e Catadores de Recicl\u00e1veis (AACRRI), Carissa Araujo, diz que \u201ca CVR vem nos apoiando desde o in\u00edcio e contribuindo para que a gente possa ampliar as atividades e gerar renda para cerca de 50 fam\u00edlias. Hoje temos o respeito da comunidade, que a cada dia vem se conscientizando sobre\u00a0 a import\u00e2ncia\u00a0 da coleta seletiva\u201d.<\/p>\n<p>&nbsp;<\/p>\n<p><!--more--><\/p>\n<p>&nbsp;<\/p>\n<p>Para 2025 a meta \u00e9 chegar a 24 prefeituras, com a implanta\u00e7\u00e3o de esta\u00e7\u00f5es de trasbordo nas cidade mais distantes.<\/p>\n<p>&nbsp;<\/p>\n<div id=\"attachment_172783\" style=\"width: 356px\" class=\"wp-caption aligncenter\"><img aria-describedby=\"caption-attachment-172783\" loading=\"lazy\" class=\" wp-image-172783\" src=\"https:\/\/www.blogdothame.blog.br\/v1\/wp-content\/uploads\/2025\/02\/Carlos-Machado.jpg\" alt=\"\" width=\"346\" height=\"260\" srcset=\"https:\/\/www.blogdothame.blog.br\/v1\/wp-content\/uploads\/2025\/02\/Carlos-Machado.jpg 600w, https:\/\/www.blogdothame.blog.br\/v1\/wp-content\/uploads\/2025\/02\/Carlos-Machado-300x225.jpg 300w\" sizes=\"(max-width: 346px) 100vw, 346px\" \/><p id=\"caption-attachment-172783\" class=\"wp-caption-text\">Carlos Machado<\/p><\/div>\n<p>O secret\u00e1rio de Servi\u00e7os Urbanos de Ilh\u00e9us, Carlos Machado, afirma que \u201ca administra\u00e7\u00e3o municipal reconhece a import\u00e2ncia do armazenamento correto de res\u00edduos e vamos ampliar as parcerias com empresas e o Minist\u00e9rio P\u00fablico, instalando ecopontos\u00a0 e desenvolver projetos de educa\u00e7\u00e3o ambiental. Vamos valorizar a Coolimpa e a Associa\u00e7\u00e3o do Cariri, que realizam a coleta seletiva na cidade\u201d. O secret\u00e1rio de Meio Ambiente de Ilh\u00e9us, F\u00e1bio Mendon\u00e7a tamb\u00e9m participou do encontro e refor\u00e7ou a import\u00e2ncia de apoiar e incentivar a coleta seletiva.<\/p>\n<div id=\"attachment_172784\" style=\"width: 381px\" class=\"wp-caption aligncenter\"><img aria-describedby=\"caption-attachment-172784\" loading=\"lazy\" class=\" wp-image-172784\" src=\"https:\/\/www.blogdothame.blog.br\/v1\/wp-content\/uploads\/2025\/02\/Socorro-Mendonca.jpg\" alt=\"\" width=\"371\" height=\"278\" srcset=\"https:\/\/www.blogdothame.blog.br\/v1\/wp-content\/uploads\/2025\/02\/Socorro-Mendonca.jpg 384w, https:\/\/www.blogdothame.blog.br\/v1\/wp-content\/uploads\/2025\/02\/Socorro-Mendonca-300x225.jpg 300w\" sizes=\"(max-width: 371px) 100vw, 371px\" \/><p id=\"caption-attachment-172784\" class=\"wp-caption-text\">Socorro Mendon\u00e7a<\/p><\/div>\n<p>Maria do Socorro Mendon\u00e7a, do Instituto Nossa Ilh\u00e9us, afirma que \u201ca sociedade exercer a cidadania em causas como o meio ambiente e contribuir com o poder p\u00fablico em pautas como a conserva\u00e7\u00e3o ambiental. Nesse contexto a CVR, atuando de forma profissional e respeitosa com a comunidade, vem contribuindo atrav\u00e9s da gest\u00e3o correta de res\u00edduos e apoio \u00e0 coleta seletiva\u201d.<\/p>\n<p><img loading=\"lazy\" class=\"aligncenter size-full wp-image-172785\" src=\"https:\/\/www.blogdothame.blog.br\/v1\/wp-content\/uploads\/2025\/02\/cvr-cc-2.jpg\" alt=\"\" width=\"384\" height=\"288\" srcset=\"https:\/\/www.blogdothame.blog.br\/v1\/wp-content\/uploads\/2025\/02\/cvr-cc-2.jpg 384w, https:\/\/www.blogdothame.blog.br\/v1\/wp-content\/uploads\/2025\/02\/cvr-cc-2-300x225.jpg 300w\" sizes=\"(max-width: 384px) 100vw, 384px\" \/><\/p>\n<p>Na sauda\u00e7\u00e3o aos participantes do encontro, o gestor da CVR Costa do Cacau, Maur\u00edcio Ramos Sena,\u00a0 afirmou que \u201cal\u00e9m de ser a empresa respons\u00e1vel pela gest\u00e3o dos res\u00edduos na regi\u00e3o da Costa do Cacau, visamos ser refer\u00eancia na atua\u00e7\u00e3o de atividades em prol do meio ambiente e da sociedade. Pretendemos dialogar e engajar nossos parceiros, a fim de unir esfor\u00e7os e lutar por um objetivo comum\u201d.<\/p>\n","protected":false},"excerpt":{"rendered":"<p>A CVR Costa do Cacau\u00a0 realizou nesta quarta-feira (19) um encontro\u00a0 no Centro de Educa\u00e7\u00e3o Ambiental para apresentar o cumprimento das Condicionantes, destacando a Agenda Socioambiental, que \u00a0passa por a\u00e7\u00f5es junto \u00e0 comunidade, como\u00a0 apoio a associa\u00e7\u00f5es de catadores, visitas de estudantes e organiza\u00e7\u00f5es n\u00e3o governamentais, participa\u00e7\u00e3o em eventos e\u00a0 distribui\u00e7\u00e3o de mudas. &nbsp; \u00danica [&hellip;]<\/p>\n","protected":false},"author":2,"featured_media":172778,"comment_status":"open","ping_status":"open","sticky":false,"template":"","format":"standard","meta":{"_links_to":"","_links_to_target":""},"categories":[33433],"tags":[36944,27775,185],"_links":{"self":[{"href":"https:\/\/www.blogdothame.blog.br\/v1\/wp-json\/wp\/v2\/posts\/172777"}],"collection":[{"href":"https:\/\/www.blogdothame.blog.br\/v1\/wp-json\/wp\/v2\/posts"}],"about":[{"href":"https:\/\/www.blogdothame.blog.br\/v1\/wp-json\/wp\/v2\/types\/post"}],"author":[{"embeddable":true,"href":"https:\/\/www.blogdothame.blog.br\/v1\/wp-json\/wp\/v2\/users\/2"}],"replies":[{"embeddable":true,"href":"https:\/\/www.blogdothame.blog.br\/v1\/wp-json\/wp\/v2\/comments?post=172777"}],"version-history":[{"count":3,"href":"https:\/\/www.blogdothame.blog.br\/v1\/wp-json\/wp\/v2\/posts\/172777\/revisions"}],"predecessor-version":[{"id":172799,"href":"https:\/\/www.blogdothame.blog.br\/v1\/wp-json\/wp\/v2\/posts\/172777\/revisions\/172799"}],"wp:featuredmedia":[{"embeddable":true,"href":"https:\/\/www.blogdothame.blog.br\/v1\/wp-json\/wp\/v2\/media\/172778"}],"wp:attachment":[{"href":"https:\/\/www.blogdothame.blog.br\/v1\/wp-json\/wp\/v2\/media?parent=172777"}],"wp:term":[{"taxonomy":"category","embeddable":true,"href":"https:\/\/www.blogdothame.blog.br\/v1\/wp-json\/wp\/v2\/categories?post=172777"},{"taxonomy":"post_tag","embeddable":true,"href":"https:\/\/www.blogdothame.blog.br\/v1\/wp-json\/wp\/v2\/tags?post=172777"}],"curies":[{"name":"wp","href":"https:\/\/api.w.org\/{rel}","templated":true}]}}