{"id":172766,"date":"2025-02-19T12:30:48","date_gmt":"2025-02-19T15:30:48","guid":{"rendered":"https:\/\/www.blogdothame.blog.br\/v1\/?p=172766"},"modified":"2025-02-19T12:12:07","modified_gmt":"2025-02-19T15:12:07","slug":"itabuna-novo-calcadao-da-paulino-vieira-recebe-ornamentacao-fixa-com-teto-de-guarda-chuvas","status":"publish","type":"post","link":"https:\/\/www.blogdothame.blog.br\/v1\/2025\/02\/19\/itabuna-novo-calcadao-da-paulino-vieira-recebe-ornamentacao-fixa-com-teto-de-guarda-chuvas\/","title":{"rendered":"Itabuna:  novo cal\u00e7ad\u00e3o da Paulino Vieira recebe ornamenta\u00e7\u00e3o fixa com teto de guarda-chuvas"},"content":{"rendered":"<p>&nbsp;<\/p>\n<p><img loading=\"lazy\" class=\"aligncenter wp-image-172767\" src=\"https:\/\/www.blogdothame.blog.br\/v1\/wp-content\/uploads\/2025\/02\/calcadao.jpeg\" alt=\"\" width=\"329\" height=\"339\" srcset=\"https:\/\/www.blogdothame.blog.br\/v1\/wp-content\/uploads\/2025\/02\/calcadao.jpeg 397w, https:\/\/www.blogdothame.blog.br\/v1\/wp-content\/uploads\/2025\/02\/calcadao-291x300.jpeg 291w\" sizes=\"(max-width: 329px) 100vw, 329px\" \/>A Rua Paulino Vieira, um dos principais p\u00f3los comerciais de Itabuna, ganhou um novo visual que promete encantar moradores e turistas. A partir deste m\u00eas, a via conta com uma ornamenta\u00e7\u00e3o fixa composta por 450 guarda-chuvas coloridos, instalados para transformar o espa\u00e7o em um ambiente ainda mais atrativo, acolhedor e instagram\u00e1vel.<\/p>\n<p>A iniciativa partiu da Funda\u00e7\u00e3o Itabunense de Cultura e Cidadania (FICC), que buscava uma oportunidade ideal para implantar a proposta inspirada em refer\u00eancias nacionais e internacionais. O momento escolhido n\u00e3o poderia ser mais simb\u00f3lico: a 44\u00aa Lavagem do Beco do Fuxico, um dos eventos culturais mais tradicionais da cidade.<\/p>\n<p>Al\u00e9m de embelezar a via e oferecer um cen\u00e1rio vibrante para registros fotogr\u00e1ficos, a nova ornamenta\u00e7\u00e3o tamb\u00e9m desempenha um papel fundamental na valoriza\u00e7\u00e3o do com\u00e9rcio local. A instala\u00e7\u00e3o art\u00edstica conecta as lojas e instiga a circula\u00e7\u00e3o de pessoas, fortalecendo a economia e impulsionando o turismo no centro da cidade.<\/p>\n<p><!--more--><\/p>\n<p>A disposi\u00e7\u00e3o estrat\u00e9gica dos elementos coloridos cria uma atmosfera de leveza e criatividade, estimulando o imagin\u00e1rio de quem passa pelo cal\u00e7ad\u00e3o. \u201cQuer\u00edamos algo que trouxesse mais cor e alegria para a Paulino Vieira, tornando-a um espa\u00e7o convidativo tanto para os moradores quanto para os visitantes\u201d, destaca a equipe respons\u00e1vel pelo projeto.<\/p>\n<p>Com essa transforma\u00e7\u00e3o, a Rua Paulino Vieira reafirma sua import\u00e2ncia como um centro comercial din\u00e2mico e culturalmente vivo, oferecendo n\u00e3o apenas uma experi\u00eancia de compras, mas tamb\u00e9m um espa\u00e7o de conviv\u00eancia e valoriza\u00e7\u00e3o da arte urbana.<\/p>\n<p>Agora, quem passa pelo local tem um motivo a mais para fazer uma pausa, tirar uma foto e apreciar a nova identidade visual do cora\u00e7\u00e3o de Itabuna.<\/p>\n","protected":false},"excerpt":{"rendered":"<p>&nbsp; A Rua Paulino Vieira, um dos principais p\u00f3los comerciais de Itabuna, ganhou um novo visual que promete encantar moradores e turistas. A partir deste m\u00eas, a via conta com uma ornamenta\u00e7\u00e3o fixa composta por 450 guarda-chuvas coloridos, instalados para transformar o espa\u00e7o em um ambiente ainda mais atrativo, acolhedor e instagram\u00e1vel. A iniciativa partiu [&hellip;]<\/p>\n","protected":false},"author":2,"featured_media":172767,"comment_status":"open","ping_status":"open","sticky":false,"template":"","format":"standard","meta":{"_links_to":"","_links_to_target":""},"categories":[33434],"tags":[33833,39343],"_links":{"self":[{"href":"https:\/\/www.blogdothame.blog.br\/v1\/wp-json\/wp\/v2\/posts\/172766"}],"collection":[{"href":"https:\/\/www.blogdothame.blog.br\/v1\/wp-json\/wp\/v2\/posts"}],"about":[{"href":"https:\/\/www.blogdothame.blog.br\/v1\/wp-json\/wp\/v2\/types\/post"}],"author":[{"embeddable":true,"href":"https:\/\/www.blogdothame.blog.br\/v1\/wp-json\/wp\/v2\/users\/2"}],"replies":[{"embeddable":true,"href":"https:\/\/www.blogdothame.blog.br\/v1\/wp-json\/wp\/v2\/comments?post=172766"}],"version-history":[{"count":2,"href":"https:\/\/www.blogdothame.blog.br\/v1\/wp-json\/wp\/v2\/posts\/172766\/revisions"}],"predecessor-version":[{"id":172769,"href":"https:\/\/www.blogdothame.blog.br\/v1\/wp-json\/wp\/v2\/posts\/172766\/revisions\/172769"}],"wp:featuredmedia":[{"embeddable":true,"href":"https:\/\/www.blogdothame.blog.br\/v1\/wp-json\/wp\/v2\/media\/172767"}],"wp:attachment":[{"href":"https:\/\/www.blogdothame.blog.br\/v1\/wp-json\/wp\/v2\/media?parent=172766"}],"wp:term":[{"taxonomy":"category","embeddable":true,"href":"https:\/\/www.blogdothame.blog.br\/v1\/wp-json\/wp\/v2\/categories?post=172766"},{"taxonomy":"post_tag","embeddable":true,"href":"https:\/\/www.blogdothame.blog.br\/v1\/wp-json\/wp\/v2\/tags?post=172766"}],"curies":[{"name":"wp","href":"https:\/\/api.w.org\/{rel}","templated":true}]}}