{"id":172754,"date":"2025-02-19T15:30:45","date_gmt":"2025-02-19T18:30:45","guid":{"rendered":"https:\/\/www.blogdothame.blog.br\/v1\/?p=172754"},"modified":"2025-02-19T12:00:29","modified_gmt":"2025-02-19T15:00:29","slug":"ex-conselheiro-do-cremeb-silvio-porto-recebe-titulo-de-doutor-honoris-causa-pela-uesc","status":"publish","type":"post","link":"https:\/\/www.blogdothame.blog.br\/v1\/2025\/02\/19\/ex-conselheiro-do-cremeb-silvio-porto-recebe-titulo-de-doutor-honoris-causa-pela-uesc\/","title":{"rendered":"Ex-conselheiro do Cremeb, S\u00edlvio Porto recebe t\u00edtulo de Doutor Honoris Causa pela UESC"},"content":{"rendered":"<p><img loading=\"lazy\" class=\"alignleft size-full wp-image-172755\" src=\"https:\/\/www.blogdothame.blog.br\/v1\/wp-content\/uploads\/2025\/02\/silvio-p.jpg\" alt=\"\" width=\"257\" height=\"289\" \/>Pelo seu legado de dedica\u00e7\u00e3o ao cuidado com a vida humana e promo\u00e7\u00e3o da sa\u00fade p\u00fablica, o m\u00e9dico e ex-conselheiro do Conselho Regional de Medicina do Estado da Bahia (Cremeb), Dr. S\u00edlvio Porto, ser\u00e1 agraciado com o t\u00edtulo de Doutor Honoris Causa da Universidade Estadual de Santa Cruz (UESC), em Itabuna, no sul do estado. De acordo com a publica\u00e7\u00e3o da pr\u00f3pria institui\u00e7\u00e3o de ensino, a trajet\u00f3ria do homenageado reflete um compromisso com a medicina, educa\u00e7\u00e3o e desenvolvimento humanit\u00e1rio, proporcionando significativo legado para a Bahia e para o Brasil.<\/p>\n<p>Para Dr. S\u00edlvio Porto, que nasceu e cresceu na mesma cidade onde a universidade est\u00e1 localizada, a titula\u00e7\u00e3o recebida ganha ainda mais relev\u00e2ncia justamente pela sua rela\u00e7\u00e3o com a comunidade acerca da institui\u00e7\u00e3o. \u201cEssa \u00e9 a terra onde plantei sonhos, enfrentei desafios e constru\u00ed minha hist\u00f3ria. Receber essa honraria aqui \u00e9 como um abra\u00e7o simb\u00f3lico de minha pr\u00f3pria hist\u00f3ria e das pessoas que fizeram parte dela\u201d, comentou o ex-conselheiro, que atualmente preside a Academia de Medicina de Itabuna (Amei).<\/p>\n<p>Sobre a sua trajet\u00f3ria mencionada na publica\u00e7\u00e3o da UESC, o m\u00e9dico relembra dos anseios e objetivos que foram alimentados ainda na juventude e que serviram de sustenta\u00e7\u00e3o para que hoje ele colhesse frutos valorosos, como o t\u00edtulo em quest\u00e3o. Ao Cremeb, Porto conta que quando ainda era acad\u00eamico de Medicina, talvez n\u00e3o imaginasse se tornar refer\u00eancia na \u00e1rea da sa\u00fade e que ajudaria a transformar vidas, mas lembra tamb\u00e9m que sempre foi um rapaz movido pela determina\u00e7\u00e3o e pela esperan\u00e7a de construir um futuro melhor.<\/p>\n<p><!--more--><\/p>\n<p>\u201cSe pudesse conversar com aquele jovem, diria a ele para confiar mais em si, para seguir firme nos seus prop\u00f3sitos, porque cada passo, cada sacrif\u00edcio, cada noite em claro valeriam a pena\u201d, imagina o di\u00e1logo consigo. Em demonstra\u00e7\u00e3o da humildade que lhe \u00e9 caracter\u00edstica, Porto dedica o agraciamento \u00e0s institui\u00e7\u00f5es, colegas, familiares, amigos e \u00e0s oportunidades abra\u00e7adas durante a sua carreira. \u201cEsse t\u00edtulo n\u00e3o \u00e9 apenas meu, mas de todos que me ajudaram a chegar at\u00e9 aqui (\u2026). Ao Conselho Regional de Medicina da Bahia, a casa da \u00c9tica M\u00e9dica, onde aprendi muito e a valorizar mais ainda a minha profiss\u00e3o\u201d, menciona, dentre outras entidades, o ex-conselheiro.<\/p>\n<p>A indica\u00e7\u00e3o do nome de Dr. S\u00edlvio Porto partiu do Reitor da UESC, Prof. Alessandro Fernandes, que fez contato direto com o homenageado para informar sobre a rever\u00eancia, encaminhando assim a proposta para aprecia\u00e7\u00e3o da comunidade acad\u00eamica. Ap\u00f3s a indica\u00e7\u00e3o, a proposta passou por diferentes inst\u00e2ncias internas da universidade, incluindo conselhos e comiss\u00f5es acad\u00eamicas, onde foram analisados os m\u00e9ritos e as contribui\u00e7\u00f5es do indicado para sua \u00e1rea de atua\u00e7\u00e3o e para a sociedade. Como indicativo de respaldo e legitimidade da homenagem, o reconhecimento foi aprovado por unanimidade.<\/p>\n","protected":false},"excerpt":{"rendered":"<p>Pelo seu legado de dedica\u00e7\u00e3o ao cuidado com a vida humana e promo\u00e7\u00e3o da sa\u00fade p\u00fablica, o m\u00e9dico e ex-conselheiro do Conselho Regional de Medicina do Estado da Bahia (Cremeb), Dr. S\u00edlvio Porto, ser\u00e1 agraciado com o t\u00edtulo de Doutor Honoris Causa da Universidade Estadual de Santa Cruz (UESC), em Itabuna, no sul do estado. [&hellip;]<\/p>\n","protected":false},"author":2,"featured_media":172755,"comment_status":"open","ping_status":"open","sticky":false,"template":"","format":"standard","meta":{"_links_to":"","_links_to_target":""},"categories":[33435],"tags":[33336,16643,39342,25],"_links":{"self":[{"href":"https:\/\/www.blogdothame.blog.br\/v1\/wp-json\/wp\/v2\/posts\/172754"}],"collection":[{"href":"https:\/\/www.blogdothame.blog.br\/v1\/wp-json\/wp\/v2\/posts"}],"about":[{"href":"https:\/\/www.blogdothame.blog.br\/v1\/wp-json\/wp\/v2\/types\/post"}],"author":[{"embeddable":true,"href":"https:\/\/www.blogdothame.blog.br\/v1\/wp-json\/wp\/v2\/users\/2"}],"replies":[{"embeddable":true,"href":"https:\/\/www.blogdothame.blog.br\/v1\/wp-json\/wp\/v2\/comments?post=172754"}],"version-history":[{"count":1,"href":"https:\/\/www.blogdothame.blog.br\/v1\/wp-json\/wp\/v2\/posts\/172754\/revisions"}],"predecessor-version":[{"id":172756,"href":"https:\/\/www.blogdothame.blog.br\/v1\/wp-json\/wp\/v2\/posts\/172754\/revisions\/172756"}],"wp:featuredmedia":[{"embeddable":true,"href":"https:\/\/www.blogdothame.blog.br\/v1\/wp-json\/wp\/v2\/media\/172755"}],"wp:attachment":[{"href":"https:\/\/www.blogdothame.blog.br\/v1\/wp-json\/wp\/v2\/media?parent=172754"}],"wp:term":[{"taxonomy":"category","embeddable":true,"href":"https:\/\/www.blogdothame.blog.br\/v1\/wp-json\/wp\/v2\/categories?post=172754"},{"taxonomy":"post_tag","embeddable":true,"href":"https:\/\/www.blogdothame.blog.br\/v1\/wp-json\/wp\/v2\/tags?post=172754"}],"curies":[{"name":"wp","href":"https:\/\/api.w.org\/{rel}","templated":true}]}}