{"id":172743,"date":"2025-02-19T10:36:16","date_gmt":"2025-02-19T13:36:16","guid":{"rendered":"https:\/\/www.blogdothame.blog.br\/v1\/?p=172743"},"modified":"2025-02-18T18:09:55","modified_gmt":"2025-02-18T21:09:55","slug":"rede-estadual-promove-avaliacao-diagnostica-para-fortalecer-aprendizagem","status":"publish","type":"post","link":"https:\/\/www.blogdothame.blog.br\/v1\/2025\/02\/19\/rede-estadual-promove-avaliacao-diagnostica-para-fortalecer-aprendizagem\/","title":{"rendered":"Rede estadual promove avalia\u00e7\u00e3o diagn\u00f3stica para fortalecer aprendizagem"},"content":{"rendered":"<p><img loading=\"lazy\" class=\"aligncenter wp-image-172744\" src=\"https:\/\/www.blogdothame.blog.br\/v1\/wp-content\/uploads\/2025\/02\/Foto-Valdeci-Santana.jpeg\" alt=\"\" width=\"383\" height=\"287\" srcset=\"https:\/\/www.blogdothame.blog.br\/v1\/wp-content\/uploads\/2025\/02\/Foto-Valdeci-Santana.jpeg 479w, https:\/\/www.blogdothame.blog.br\/v1\/wp-content\/uploads\/2025\/02\/Foto-Valdeci-Santana-300x225.jpeg 300w\" sizes=\"(max-width: 383px) 100vw, 383px\" \/>A Secretaria da Educa\u00e7\u00e3o do Estado da Bahia (SEC) iniciou, nessa segunda-feira (17), a aplica\u00e7\u00e3o da Avalia\u00e7\u00e3o Diagn\u00f3stica em todas as unidades escolares da rede estadual de ensino. A a\u00e7\u00e3o segue at\u00e9 26 de fevereiro, com o objetivo de avaliar a aprendizagem dos estudantes, subsidiando o planejamento pedag\u00f3gico das escolas para a melhoria do desempenho escolar.<\/p>\n<p><img loading=\"lazy\" class=\"alignleft size-medium wp-image-172745\" src=\"https:\/\/www.blogdothame.blog.br\/v1\/wp-content\/uploads\/2025\/02\/Foto-Valdeci-Santana-2-225x300.jpeg\" alt=\"\" width=\"225\" height=\"300\" srcset=\"https:\/\/www.blogdothame.blog.br\/v1\/wp-content\/uploads\/2025\/02\/Foto-Valdeci-Santana-2-225x300.jpeg 225w, https:\/\/www.blogdothame.blog.br\/v1\/wp-content\/uploads\/2025\/02\/Foto-Valdeci-Santana-2.jpeg 413w\" sizes=\"(max-width: 225px) 100vw, 225px\" \/>A superintendente de Pol\u00edticas para a Educa\u00e7\u00e3o B\u00e1sica da SEC, Helaine Souza, destacou a import\u00e2ncia dessa etapa avaliativa para a organiza\u00e7\u00e3o das atividades do ano letivo. \u201cIniciamos as aulas no dia 10 de fevereiro. Passado o momento de recep\u00e7\u00e3o dos nossos estudantes, vamos agora para um momento de avalia\u00e7\u00e3o diagn\u00f3stica. \u00c9 imprescind\u00edvel que possamos olhar para esses estudantes e identificar quais conhecimentos e habilidades eles j\u00e1 consolidaram na s\u00e9rie anterior e como eles est\u00e3o vindo para este novo ano, para estes novos desafios. Por isso, a avalia\u00e7\u00e3o diagn\u00f3stica nos ajuda a ter esse panorama de como est\u00e1 cada sala de aula, cada estudante, para que possamos fazer um planejamento muito mais real, focado, de fato, nas aprendizagens que precisamos consolidar e avan\u00e7ar\u201d, afirmou.<\/p>\n<p>At\u00e9 esta sexta-feira (21), os estudantes do 9\u00ba ano do Ensino Fundamental e da 2\u00aa e da 3\u00aa s\u00e9rie do Ensino M\u00e9dio realizam as provas. J\u00e1 os estudantes da 1\u00aa s\u00e9rie do Ensino M\u00e9dio far\u00e3o a avalia\u00e7\u00e3o entre os dias 24 e 26 de fevereiro. Aplicadas de forma on-line, as provas possibilitam o acompanhamento individual e cont\u00ednuo do desempenho de cada estudante. A partir dos resultados, professores e gestores poder\u00e3o identificar dificuldades e potencialidades dos alunos, adotando estrat\u00e9gias pedag\u00f3gicas adequadas ao longo do ano letivo.<\/p>\n<p><!--more--><\/p>\n<p>Em Bom Jesus da Lapa, por exemplo, a avalia\u00e7\u00e3o j\u00e1 mobilizou as escolas. No Col\u00e9gio Estadual S\u00e3o Vicente de Paulo, 143 alunos participaram das provas. A vice-diretora Marleuza Fernandes de Oliveira ressaltou que o processo \u00e9 fundamental tanto para os estudantes quanto para os professores. \u201cEsta avalia\u00e7\u00e3o serve para que os estudantes possam conhecer seu n\u00edvel de aprendizagem e, para a escola, ela possibilita fazer o planejamento junto aos professores a partir do resultado\u201d, afirmou.<\/p>\n<p>J\u00e1 no Col\u00e9gio Estadual do Campo Projeto Formoso, tamb\u00e9m no munic\u00edpio, mais de 80 estudantes ir\u00e3o realizar as provas. A diretora da unidade, Maria das Gra\u00e7as, explicou que os alunos receberam orienta\u00e7\u00f5es pr\u00e9vias. \u201cDurante a semana de intera\u00e7\u00e3o da escola, os professores forneceram orienta\u00e7\u00f5es espec\u00edficas sobre como seria a realiza\u00e7\u00e3o das provas, com um foco especial na turma da primeira s\u00e9rie, que participar\u00e1 dessas avalia\u00e7\u00f5es pela primeira vez. Essas orienta\u00e7\u00f5es visaram garantir que todos os estudantes se sentissem preparados e confiantes para o processo\u201d, disse.<\/p>\n<p>Fotos: Valdeci Santana<\/p>\n","protected":false},"excerpt":{"rendered":"<p>A Secretaria da Educa\u00e7\u00e3o do Estado da Bahia (SEC) iniciou, nessa segunda-feira (17), a aplica\u00e7\u00e3o da Avalia\u00e7\u00e3o Diagn\u00f3stica em todas as unidades escolares da rede estadual de ensino. A a\u00e7\u00e3o segue at\u00e9 26 de fevereiro, com o objetivo de avaliar a aprendizagem dos estudantes, subsidiando o planejamento pedag\u00f3gico das escolas para a melhoria do desempenho [&hellip;]<\/p>\n","protected":false},"author":2,"featured_media":172744,"comment_status":"open","ping_status":"open","sticky":false,"template":"","format":"standard","meta":{"_links_to":"","_links_to_target":""},"categories":[33436],"tags":[39339,51,3482],"_links":{"self":[{"href":"https:\/\/www.blogdothame.blog.br\/v1\/wp-json\/wp\/v2\/posts\/172743"}],"collection":[{"href":"https:\/\/www.blogdothame.blog.br\/v1\/wp-json\/wp\/v2\/posts"}],"about":[{"href":"https:\/\/www.blogdothame.blog.br\/v1\/wp-json\/wp\/v2\/types\/post"}],"author":[{"embeddable":true,"href":"https:\/\/www.blogdothame.blog.br\/v1\/wp-json\/wp\/v2\/users\/2"}],"replies":[{"embeddable":true,"href":"https:\/\/www.blogdothame.blog.br\/v1\/wp-json\/wp\/v2\/comments?post=172743"}],"version-history":[{"count":1,"href":"https:\/\/www.blogdothame.blog.br\/v1\/wp-json\/wp\/v2\/posts\/172743\/revisions"}],"predecessor-version":[{"id":172746,"href":"https:\/\/www.blogdothame.blog.br\/v1\/wp-json\/wp\/v2\/posts\/172743\/revisions\/172746"}],"wp:featuredmedia":[{"embeddable":true,"href":"https:\/\/www.blogdothame.blog.br\/v1\/wp-json\/wp\/v2\/media\/172744"}],"wp:attachment":[{"href":"https:\/\/www.blogdothame.blog.br\/v1\/wp-json\/wp\/v2\/media?parent=172743"}],"wp:term":[{"taxonomy":"category","embeddable":true,"href":"https:\/\/www.blogdothame.blog.br\/v1\/wp-json\/wp\/v2\/categories?post=172743"},{"taxonomy":"post_tag","embeddable":true,"href":"https:\/\/www.blogdothame.blog.br\/v1\/wp-json\/wp\/v2\/tags?post=172743"}],"curies":[{"name":"wp","href":"https:\/\/api.w.org\/{rel}","templated":true}]}}