{"id":172604,"date":"2025-02-13T16:29:42","date_gmt":"2025-02-13T19:29:42","guid":{"rendered":"https:\/\/www.blogdothame.blog.br\/v1\/?p=172604"},"modified":"2025-02-13T14:37:45","modified_gmt":"2025-02-13T17:37:45","slug":"professor-e-estudante-baianos-conquistam-premio-nacional-de-cidadania-digital","status":"publish","type":"post","link":"https:\/\/www.blogdothame.blog.br\/v1\/2025\/02\/13\/professor-e-estudante-baianos-conquistam-premio-nacional-de-cidadania-digital\/","title":{"rendered":"Professor e estudante baianos conquistam Pr\u00eamio Nacional de Cidadania Digital"},"content":{"rendered":"<p><img loading=\"lazy\" class=\"aligncenter wp-image-172605\" src=\"https:\/\/www.blogdothame.blog.br\/v1\/wp-content\/uploads\/2025\/02\/Fotos-Ascom-Safernet-Brasil-2.jpeg\" alt=\"\" width=\"375\" height=\"281\" srcset=\"https:\/\/www.blogdothame.blog.br\/v1\/wp-content\/uploads\/2025\/02\/Fotos-Ascom-Safernet-Brasil-2.jpeg 512w, https:\/\/www.blogdothame.blog.br\/v1\/wp-content\/uploads\/2025\/02\/Fotos-Ascom-Safernet-Brasil-2-300x225.jpeg 300w\" sizes=\"(max-width: 375px) 100vw, 375px\" \/>O professor Reginaldo Silva Ara\u00fajo e a estudante Poliana Fraga, do Col\u00e9gio Estadual do Campo Filinto Justiniano Bastos, localizado no munic\u00edpio de Seabra, na Chapada Diamantina, conquistaram o primeiro lugar no Pr\u00eamio Cidadania Digital em A\u00e7\u00e3o. A premia\u00e7\u00e3o, promovida pela Safernet Brasil em parceria com o Governo do Reino Unido, reconhece educadores que inovam no ensino sobre o uso respons\u00e1vel da internet. A dupla baiana disputou com 62 inscritos de 11 estados brasileiros, sendo os \u00fanicos representantes da Bahia na final.<\/p>\n<p><img loading=\"lazy\" class=\"aligncenter wp-image-172606\" src=\"https:\/\/www.blogdothame.blog.br\/v1\/wp-content\/uploads\/2025\/02\/Fotos-Ascom-Safernet-Brasil-3.jpeg\" alt=\"\" width=\"404\" height=\"227\" srcset=\"https:\/\/www.blogdothame.blog.br\/v1\/wp-content\/uploads\/2025\/02\/Fotos-Ascom-Safernet-Brasil-3.jpeg 600w, https:\/\/www.blogdothame.blog.br\/v1\/wp-content\/uploads\/2025\/02\/Fotos-Ascom-Safernet-Brasil-3-300x169.jpeg 300w\" sizes=\"(max-width: 404px) 100vw, 404px\" \/><\/p>\n<p>Com apoio da Secretaria da Educa\u00e7\u00e3o do Estado da Bahia (SEC) e da Coordena\u00e7\u00e3o Pedag\u00f3gica da escola, o professor Reginaldo implementou a disciplina Cidadania Digital, engajando estudantes do Ensino M\u00e9dio em temas como seguran\u00e7a on-line, combate ao racismo, inclus\u00e3o digital e intelig\u00eancia artificial. A iniciativa fortalece a forma\u00e7\u00e3o cidad\u00e3 e incentiva o protagonismo juvenil, preparando os alunos para os desafios do mundo digital. \u201cO sucesso da disciplina est\u00e1 na forma din\u00e2mica como trabalhamos os conte\u00fados. Os estudantes se sentem representados e entendem a import\u00e2ncia da cidadania digital\u201d, explicou o docente.<\/p>\n<p>&nbsp;<\/p>\n<p>O projeto vencedor incluiu a cria\u00e7\u00e3o dos jogos \u201cGames transformadores: unindo mundos \u00e9ticos-raciais e cidad\u00e3os\u201d, que resgatam as ancestralidades negras e ind\u00edgenas dos estudantes. A proposta gerou reflex\u00f5es que foram transformadas no e-book \u201cComunica\u00e7\u00e3o inteligente: navegando nas redes sociais e nos jogos com responsabilidade\u201d, no qual o uso \u00e9tico da tecnologia \u00e9 abordado. \u201cQueremos que nossos estudantes do campo e quilombolas se sintam valorizados no ambiente digital, desenvolvendo pr\u00e1ticas antirracistas e combatendo preconceitos\u201d, ressaltou o professor. Os jogos criados s\u00e3o anal\u00f3gicos, justamente como um contraponto com o longo tempo de tela de celular que muitos jovens ficam.<\/p>\n<p><!--more--><\/p>\n<p><img loading=\"lazy\" class=\"aligncenter wp-image-172607\" src=\"https:\/\/www.blogdothame.blog.br\/v1\/wp-content\/uploads\/2025\/02\/Fotos-Ascom-Safernet-Brasil-4.jpeg\" alt=\"\" width=\"412\" height=\"232\" srcset=\"https:\/\/www.blogdothame.blog.br\/v1\/wp-content\/uploads\/2025\/02\/Fotos-Ascom-Safernet-Brasil-4.jpeg 600w, https:\/\/www.blogdothame.blog.br\/v1\/wp-content\/uploads\/2025\/02\/Fotos-Ascom-Safernet-Brasil-4-300x169.jpeg 300w\" sizes=\"(max-width: 412px) 100vw, 412px\" \/>A estudante Poliana Fraga celebrou o reconhecimento e destacou o impacto da iniciativa. \u201cFico feliz em representar nossa escola e trazer esse pr\u00eamio para a Bahia. Meu jogo reflete a identidade dos nossos povos quilombolas, negros e ind\u00edgenas. \u00c9 muito gratificante saber que nosso trabalho teve esse alcance\u201d, disse. Ela acompanhou o professor na premia\u00e7\u00e3o, realizada em S\u00e3o Paulo, no Dia Mundial da Internet Segura, 11 de fevereiro, e apresentou uma atividade desenvolvida na disciplina.<\/p>\n<p><img loading=\"lazy\" class=\"aligncenter wp-image-172609\" src=\"https:\/\/www.blogdothame.blog.br\/v1\/wp-content\/uploads\/2025\/02\/Fotos-Ascom-Safernet-Brasil.jpeg\" alt=\"\" width=\"434\" height=\"245\" srcset=\"https:\/\/www.blogdothame.blog.br\/v1\/wp-content\/uploads\/2025\/02\/Fotos-Ascom-Safernet-Brasil.jpeg 600w, https:\/\/www.blogdothame.blog.br\/v1\/wp-content\/uploads\/2025\/02\/Fotos-Ascom-Safernet-Brasil-300x169.jpeg 300w\" sizes=\"(max-width: 434px) 100vw, 434px\" \/><\/p>\n<p>Al\u00e9m do trof\u00e9u para a escola, o professor recebeu um notebook e os participantes foram premiados com medalhas, certificados e brindes. A diretora da unidade, Agda Rodrigues de Ara\u00fajo, tamb\u00e9m esteve presente na cerim\u00f4nia e comemorou a conquista. \u201c\u00c9 um reconhecimento muito importante para a nossa escola e para o trabalho inovador do professor Reginaldo, que discute temas essenciais com os estudantes\u201d, afirmou. A premia\u00e7\u00e3o refor\u00e7a o compromisso da Secretaria da Educa\u00e7\u00e3o do Estado em oferecer n\u00e3o apenas estrutura e tecnologia, mas tamb\u00e9m projetos que ampliam o conhecimento dos estudantes e incentivam a pesquisa e a cidadania digital.<\/p>\n<p>&nbsp;<\/p>\n<p>Fotos: Ascom Safernet Brasil<\/p>\n<p>&nbsp;<\/p>\n","protected":false},"excerpt":{"rendered":"<p>O professor Reginaldo Silva Ara\u00fajo e a estudante Poliana Fraga, do Col\u00e9gio Estadual do Campo Filinto Justiniano Bastos, localizado no munic\u00edpio de Seabra, na Chapada Diamantina, conquistaram o primeiro lugar no Pr\u00eamio Cidadania Digital em A\u00e7\u00e3o. A premia\u00e7\u00e3o, promovida pela Safernet Brasil em parceria com o Governo do Reino Unido, reconhece educadores que inovam no [&hellip;]<\/p>\n","protected":false},"author":2,"featured_media":172605,"comment_status":"open","ping_status":"open","sticky":false,"template":"","format":"standard","meta":{"_links_to":"","_links_to_target":""},"categories":[33434],"tags":[39308,3482,39309],"_links":{"self":[{"href":"https:\/\/www.blogdothame.blog.br\/v1\/wp-json\/wp\/v2\/posts\/172604"}],"collection":[{"href":"https:\/\/www.blogdothame.blog.br\/v1\/wp-json\/wp\/v2\/posts"}],"about":[{"href":"https:\/\/www.blogdothame.blog.br\/v1\/wp-json\/wp\/v2\/types\/post"}],"author":[{"embeddable":true,"href":"https:\/\/www.blogdothame.blog.br\/v1\/wp-json\/wp\/v2\/users\/2"}],"replies":[{"embeddable":true,"href":"https:\/\/www.blogdothame.blog.br\/v1\/wp-json\/wp\/v2\/comments?post=172604"}],"version-history":[{"count":1,"href":"https:\/\/www.blogdothame.blog.br\/v1\/wp-json\/wp\/v2\/posts\/172604\/revisions"}],"predecessor-version":[{"id":172610,"href":"https:\/\/www.blogdothame.blog.br\/v1\/wp-json\/wp\/v2\/posts\/172604\/revisions\/172610"}],"wp:featuredmedia":[{"embeddable":true,"href":"https:\/\/www.blogdothame.blog.br\/v1\/wp-json\/wp\/v2\/media\/172605"}],"wp:attachment":[{"href":"https:\/\/www.blogdothame.blog.br\/v1\/wp-json\/wp\/v2\/media?parent=172604"}],"wp:term":[{"taxonomy":"category","embeddable":true,"href":"https:\/\/www.blogdothame.blog.br\/v1\/wp-json\/wp\/v2\/categories?post=172604"},{"taxonomy":"post_tag","embeddable":true,"href":"https:\/\/www.blogdothame.blog.br\/v1\/wp-json\/wp\/v2\/tags?post=172604"}],"curies":[{"name":"wp","href":"https:\/\/api.w.org\/{rel}","templated":true}]}}